{"id":254824,"date":"2019-12-05T13:18:45","date_gmt":"2019-12-05T13:18:45","guid":{"rendered":"https:\/\/www.ecuadortimes.net\/es\/?p=254824"},"modified":"2019-12-05T13:18:45","modified_gmt":"2019-12-05T13:18:45","slug":"gobierno-promueve-en-ferias-el-sombrero-de-paja-toquilla","status":"publish","type":"post","link":"https:\/\/www.ecuadortimes.net\/es\/gobierno-promueve-en-ferias-el-sombrero-de-paja-toquilla\/","title":{"rendered":"Gobierno promueve en ferias el sombrero de paja toquilla"},"content":{"rendered":"<p>Hoy se conmemora el s\u00e9ptimo aniversario de la declaratoria del tejido del sombrero de paja toquilla como Patrimonio Inmaterial de la Humanidad por la Unesco, artesan\u00eda emblem\u00e1tica del pa\u00eds que se elabora en las provincias de Manab\u00ed, Azuay, Ca\u00f1ar y Santa Elena.<\/p>\n<div id=\"attachment_254825\" style=\"width: 634px\" class=\"wp-caption aligncenter\"><img aria-describedby=\"caption-attachment-254825\" loading=\"lazy\" class=\"size-full wp-image-254825\" src=\"https:\/\/www.ecuadortimes.net\/es\/wp-content\/uploads\/2019\/12\/ecuador-news-government-promotes-fairs-about-panama-hats.jpg\" alt=\"\" width=\"624\" height=\"351\" \/><p id=\"caption-attachment-254825\" class=\"wp-caption-text\">Gobierno promueve en ferias el sombrero de paja toquilla<\/p><\/div>\n<p>A trav\u00e9s del proyecto de la Presidencia de la Rep\u00fablica Artesano Artista, impulsado por Roc\u00edo de Moreno, presidenta del Comit\u00e9 Plan Toda Una Vida, este tejido se ha promovido mediante la puesta en marcha de un programa integral gubernamental.<\/p>\n<p>El objetivo ha sido apoyar a los artesanos que elaboran los sombreros e impulsar la comercializaci\u00f3n de estas artesan\u00edas en el mercado local e internacional. En este contexto, en diciembre de 2017 se exhibieron los sombreros m\u00e1s finos del mundo, que se tejen en la comuna de Pile, cant\u00f3n Montecristi, a decenas de ecuatorianos, empresarios y artistas espa\u00f1oles durante la inauguraci\u00f3n del Primer Centro Cultural Ecuatoriano de Madrid.<\/p>\n<p>Roc\u00edo de Moreno ha apoyado la labor de los artesanos, dando a conocer su trabajo en eventos internacionales. Se busca rescatar esta riqueza cultural. As\u00ed se dio a conocer el proceso de elaboraci\u00f3n, desde la obtenci\u00f3n de la paja hasta el proceso manual que conlleva su fabricaci\u00f3n.<\/p>\n<p>Asimismo, en Quito, los sombreros fueron presentados durante la inauguraci\u00f3n de la exposici\u00f3n Artesano \u2013 Artista en el Palacio de Gobierno. All\u00ed los artesanos y artesanas de Manab\u00ed y Azuay pudieron mostrar el proceso del tejido a los cientos de visitantes, as\u00ed como al presidente Len\u00edn Moreno y a su esposa, Roc\u00edo Gonz\u00e1lez.<\/p>\n<p>\u201cCon esta exhibici\u00f3n se busca revalorizar el trabajo y el oficio de creadores ecuatorianos que utilizan t\u00e9cnicas tradicionales, declaradas como patrimonio cultural inmaterial del pa\u00eds y de la humanidad\u201d, expres\u00f3 la primera dama. Se\u00f1al\u00f3, adem\u00e1s, que \u201ces necesario reconocer que las artesan\u00edas, adem\u00e1s de bellas y \u00fatiles, son imprescindibles para dinamizar la econom\u00eda, convirti\u00e9ndose en una forma de vida y sustento familiar\u201d.<\/p>\n<p>Como parte de esta misma iniciativa, en los exteriores de la sede de Gobierno se inaugur\u00f3 un local ubicado sobre la calle Garc\u00eda Moreno, donde los artesanos tienen la oportunidad de exhibir sus productos y comercializarlos de manera directa y a precios justos.<\/p>\n<p>Fue justamente a trav\u00e9s de este espacio que las mujeres tejedoras de sombreros de paja toquilla de la Asociaci\u00f3n de Tejedoras de S\u00edgsig \u2013 Azuay (Tesya), comercializaron m\u00e1s de 40 sombreros en Quito. Eso le represent\u00f3 un ingreso superior a los $ 1.000.<\/p>\n<p>\u201cPara nosotros esta es una gran oportunidad de mostrar nuestras artesan\u00edas, que rescatan los valores culturales y constituyen el sustento econ\u00f3mico de nuestros hogares\u201d, sostuvo Rosa Salinas, artesana de Tesya.<\/p>\n<p>Adem\u00e1s de los sombreros, en este local tambi\u00e9n se han exhibido art\u00edculos elaborados con diferentes t\u00e9cnicas artesanales de varias regiones del pa\u00eds, entre las que se destacan: las macanas, los bordados, joyer\u00eda en filigrana y mullos, sacos de alpaca, shigras de cabuya, objetos de tagua, entre otras.<\/p>\n<p>\u201cNuestro trabajo siempre ha sido apoyar a los artesanos de todo el pa\u00eds, por eso incluso creamos una marca que se llama Artesano\u2013Artista, para acompa\u00f1arlos en todos los procesos. El objetivo es que no se pierdan los conocimientos ancestrales y rescatar nuestra riqueza cultural\u201d, manifest\u00f3 Roc\u00edo Gonz\u00e1lez de Moreno.<\/p>\n<p>Como parte de este impulso, el proyecto Artesano- Artista tambi\u00e9n se present\u00f3 en septiembre de 2019 a inversionistas, empresarios y comunicadores de Nueva York, para promocionar a nivel internacional este tejido que ha sobrevivido con el tiempo en el pa\u00eds.<\/p>\n<p><a href=\"https:\/\/www.eltelegrafo.com.ec\/noticias\/sociedad\/6\/gobierno-ferias-sombrero-paja-toquilla\">https:\/\/www.eltelegrafo.com.ec\/noticias\/sociedad\/6\/gobierno-ferias-sombrero-paja-toquilla<\/a><\/p>\n","protected":false},"excerpt":{"rendered":"<p>Hoy se conmemora el s\u00e9ptimo aniversario de la declaratoria del tejido del sombrero de paja toquilla como Patrimonio Inmaterial de la Humanidad por la Unesco, artesan\u00eda emblem\u00e1tica del pa\u00eds que se elabora en las provincias de Manab\u00ed, Azuay, Ca\u00f1ar y Santa Elena. A trav\u00e9s del proyecto de la Presidencia de la Rep\u00fablica Artesano Artista, impulsado por Roc\u00edo de Moreno, presidenta del Comit\u00e9 Plan Toda Una Vida, este tejido se ha promovido mediante la puesta en marcha de un programa integral gubernamental. El objetivo ha sido apoyar a los artesanos que elaboran los sombreros e impulsar la comercializaci\u00f3n de estas artesan\u00edas en el mercado local e internacional. En este contexto, en diciembre de 2017 se exhibieron los sombreros m\u00e1s finos del mundo, que se tejen en la comuna de Pile, cant\u00f3n Montecristi, a decenas de ecuatorianos, empresarios y artistas espa\u00f1oles durante la inauguraci\u00f3n del Primer Centro Cultural Ecuatoriano de Madrid. Roc\u00edo de Moreno ha apoyado la labor de los artesanos, dando a conocer su trabajo en eventos internacionales. Se busca rescatar esta riqueza cultural. As\u00ed se dio a conocer el proceso de elaboraci\u00f3n, desde la obtenci\u00f3n de la paja hasta el proceso manual que conlleva su fabricaci\u00f3n. Asimismo, en Quito, los sombreros fueron presentados durante la inauguraci\u00f3n de la exposici\u00f3n Artesano \u2013 Artista en el Palacio de Gobierno. All\u00ed los artesanos y artesanas de Manab\u00ed y Azuay pudieron mostrar el proceso del tejido a los cientos de visitantes, as\u00ed como al presidente Len\u00edn Moreno y a su esposa, Roc\u00edo Gonz\u00e1lez. \u201cCon esta exhibici\u00f3n se busca revalorizar el trabajo y el oficio de creadores ecuatorianos que utilizan t\u00e9cnicas tradicionales, declaradas como patrimonio cultural inmaterial del pa\u00eds y de la humanidad\u201d, expres\u00f3 la primera dama. Se\u00f1al\u00f3, adem\u00e1s, que \u201ces necesario reconocer que las artesan\u00edas, adem\u00e1s de bellas y \u00fatiles, son imprescindibles para dinamizar la econom\u00eda, convirti\u00e9ndose en una forma de vida y sustento familiar\u201d. Como parte de esta misma iniciativa, en los exteriores de la sede de Gobierno se inaugur\u00f3 un local ubicado sobre la calle Garc\u00eda Moreno, donde los artesanos tienen la oportunidad de exhibir sus productos y comercializarlos de manera directa y a precios justos. Fue justamente a trav\u00e9s de este espacio que las mujeres tejedoras de sombreros de paja toquilla de la Asociaci\u00f3n de Tejedoras de S\u00edgsig \u2013 Azuay (Tesya), comercializaron m\u00e1s de 40 sombreros en Quito. Eso le represent\u00f3 un ingreso superior a los $ 1.000. \u201cPara nosotros esta es una gran oportunidad de mostrar nuestras artesan\u00edas, que rescatan los valores culturales y constituyen el sustento econ\u00f3mico de nuestros hogares\u201d, sostuvo Rosa Salinas, artesana de Tesya. Adem\u00e1s de los sombreros, en este local tambi\u00e9n se han exhibido art\u00edculos elaborados con diferentes t\u00e9cnicas artesanales de varias regiones del pa\u00eds, entre las que se destacan: las macanas, los bordados, joyer\u00eda en filigrana y mullos, sacos de alpaca, shigras de cabuya, objetos de tagua, entre otras. \u201cNuestro trabajo siempre ha sido apoyar a los artesanos de todo el pa\u00eds, por eso incluso creamos una marca que se llama Artesano\u2013Artista, para acompa\u00f1arlos en todos los procesos. El objetivo es que no se pierdan los conocimientos ancestrales y rescatar nuestra riqueza cultural\u201d, manifest\u00f3 Roc\u00edo Gonz\u00e1lez de Moreno. Como parte de este impulso, el proyecto Artesano- Artista tambi\u00e9n se present\u00f3 en septiembre de 2019 a inversionistas, empresarios y comunicadores de Nueva York, para promocionar a nivel internacional este tejido que ha sobrevivido con el tiempo en el pa\u00eds. https:\/\/www.eltelegrafo.com.ec\/noticias\/sociedad\/6\/gobierno-ferias-sombrero-paja-toquilla<\/p>\n","protected":false},"author":1,"featured_media":254825,"comment_status":"closed","ping_status":"closed","sticky":false,"template":"","format":"standard","meta":[],"categories":[43,24],"tags":[],"_links":{"self":[{"href":"https:\/\/www.ecuadortimes.net\/es\/wp-json\/wp\/v2\/posts\/254824"}],"collection":[{"href":"https:\/\/www.ecuadortimes.net\/es\/wp-json\/wp\/v2\/posts"}],"about":[{"href":"https:\/\/www.ecuadortimes.net\/es\/wp-json\/wp\/v2\/types\/post"}],"author":[{"embeddable":true,"href":"https:\/\/www.ecuadortimes.net\/es\/wp-json\/wp\/v2\/users\/1"}],"replies":[{"embeddable":true,"href":"https:\/\/www.ecuadortimes.net\/es\/wp-json\/wp\/v2\/comments?post=254824"}],"version-history":[{"count":1,"href":"https:\/\/www.ecuadortimes.net\/es\/wp-json\/wp\/v2\/posts\/254824\/revisions"}],"predecessor-version":[{"id":254826,"href":"https:\/\/www.ecuadortimes.net\/es\/wp-json\/wp\/v2\/posts\/254824\/revisions\/254826"}],"wp:featuredmedia":[{"embeddable":true,"href":"https:\/\/www.ecuadortimes.net\/es\/wp-json\/wp\/v2\/media\/254825"}],"wp:attachment":[{"href":"https:\/\/www.ecuadortimes.net\/es\/wp-json\/wp\/v2\/media?parent=254824"}],"wp:term":[{"taxonomy":"category","embeddable":true,"href":"https:\/\/www.ecuadortimes.net\/es\/wp-json\/wp\/v2\/categories?post=254824"},{"taxonomy":"post_tag","embeddable":true,"href":"https:\/\/www.ecuadortimes.net\/es\/wp-json\/wp\/v2\/tags?post=254824"}],"curies":[{"name":"wp","href":"https:\/\/api.w.org\/{rel}","templated":true}]}}