{"id":254827,"date":"2019-12-06T13:16:13","date_gmt":"2019-12-06T13:16:13","guid":{"rendered":"https:\/\/www.ecuadortimes.net\/es\/?p=254827"},"modified":"2019-12-06T13:16:13","modified_gmt":"2019-12-06T13:16:13","slug":"cancilleria-discrepa-con-alta-comisionada-de-las-naciones-unidas-sobre-protestas-en-ecuador","status":"publish","type":"post","link":"https:\/\/www.ecuadortimes.net\/es\/cancilleria-discrepa-con-alta-comisionada-de-las-naciones-unidas-sobre-protestas-en-ecuador\/","title":{"rendered":"Canciller\u00eda discrepa con Alta Comisionada de las Naciones Unidas sobre protestas en Ecuador"},"content":{"rendered":"<p>Tres d\u00edas despu\u00e9s de que la Oficina de la Alta Comisionada de las Naciones Unidas para los Derechos Humanos (OACDH), Michelle Bachelet, emitiera un comunicado respecto a las movilizaciones ocurridas en octubre, el canciller Jos\u00e9 Valencia respondi\u00f3 oficialmente que el organismo no est\u00e1 reflejando la real dimensi\u00f3n del contexto de violencia y su impacto social.<\/p>\n<div id=\"attachment_254828\" style=\"width: 810px\" class=\"wp-caption aligncenter\"><img aria-describedby=\"caption-attachment-254828\" loading=\"lazy\" class=\"size-full wp-image-254828\" src=\"https:\/\/www.ecuadortimes.net\/es\/wp-content\/uploads\/2019\/12\/ecuador-news-chancellor-office-doesnt-agree-with-un-about-ecuador-protests-situation.jpg\" alt=\"\" width=\"800\" height=\"533\" \/><p id=\"caption-attachment-254828\" class=\"wp-caption-text\">Canciller\u00eda discrepa con Alta Comisionada de las Naciones Unidas sobre protestas en Ecuador<\/p><\/div>\n<p>\u201cEl comunicado pone un desmesurado acento en los supuestos excesos de la fuerza p\u00fablica, mientras muy de paso describe el gran da\u00f1o causado por los manifestantes a personas y bienes p\u00fablicos y privados, o la virulencia de los disturbios, que provocaron terribles efectos\u201d. se\u00f1al\u00f3 Valencia a Bachelet.<\/p>\n<p>En el comunicado del 29 de noviembre, la expresidenta de Chile se\u00f1al\u00f3 que el uso de gases lacrim\u00f3genos y perdigones causaron cientos de heridos \u201cy posiblemente algunas de las muertes\u201d, que se deben revisar los protocolos internos de uso de la fuerza y que las autoridades se aseguren que se ajustan a las normas internacionales.<\/p>\n<p>Bachelet dijo que \u201calgunos manifestantes\u201d tambi\u00e9n recurrieron a la violencia y pidi\u00f3 a las autoridades que se abstengan de hacer declaraciones o cualquier acci\u00f3n que \u201cestigmatice\u201d a ind\u00edgenas, extranjeros, periodistas y opositores.<\/p>\n<p>Todos estos criterios fueron rechazados por el canciller Valencia, quien expres\u00f3 que la fuerza p\u00fablica actu\u00f3 de acuerdo con la ley, no us\u00f3 medios letales y \u201cno se produjeron ni heridos ni muertos por disparos de armas de fuego\u201d.<\/p>\n<p>Respecto a los actos violentos, el canciller a\u00f1adi\u00f3 que no fueron \u201calgunos\u201d manifestantes que recurrieron a la violencia, fueron centenares los atacantes que actuaron de manera concertada, con t\u00e1cticas de guerrilla urbana y en grupos coordinados como en el incendio del edificio de la Contralor\u00eda.<\/p>\n<p>Valencia calific\u00f3 de \u201cinjusta\u201d la acusaci\u00f3n al Gobierno de estigmatizar a ind\u00edgenas y migrantes, pues se ha restituido la sede a la Conaie y el Programa de Educaci\u00f3n Biling\u00fce, se ha dado amnist\u00eda a 48 l\u00edderes ind\u00edgenas apresados en el anterior gobierno y se ha acogido a casi 400 000 ciudadanos venezolanos para regularizar su situaci\u00f3n migratoria en colaboraci\u00f3n con Naciones Unidas.<\/p>\n<p><a href=\"https:\/\/www.eluniverso.com\/noticias\/2019\/12\/06\/nota\/7636766\/protestas-ecuador-cancilleria-naciones-unidas-derechos-humanos-alta#cxrecs_s\">https:\/\/www.eluniverso.com\/noticias\/2019\/12\/06\/nota\/7636766\/protestas-ecuador-cancilleria-naciones-unidas-derechos-humanos-alta#cxrecs_s<\/a><\/p>\n","protected":false},"excerpt":{"rendered":"<p>Tres d\u00edas despu\u00e9s de que la Oficina de la Alta Comisionada de las Naciones Unidas para los Derechos Humanos (OACDH), Michelle Bachelet, emitiera un comunicado respecto a las movilizaciones ocurridas en octubre, el canciller Jos\u00e9 Valencia respondi\u00f3 oficialmente que el organismo no est\u00e1 reflejando la real dimensi\u00f3n del contexto de violencia y su impacto social. \u201cEl comunicado pone un desmesurado acento en los supuestos excesos de la fuerza p\u00fablica, mientras muy de paso describe el gran da\u00f1o causado por los manifestantes a personas y bienes p\u00fablicos y privados, o la virulencia de los disturbios, que provocaron terribles efectos\u201d. se\u00f1al\u00f3 Valencia a Bachelet. En el comunicado del 29 de noviembre, la expresidenta de Chile se\u00f1al\u00f3 que el uso de gases lacrim\u00f3genos y perdigones causaron cientos de heridos \u201cy posiblemente algunas de las muertes\u201d, que se deben revisar los protocolos internos de uso de la fuerza y que las autoridades se aseguren que se ajustan a las normas internacionales. Bachelet dijo que \u201calgunos manifestantes\u201d tambi\u00e9n recurrieron a la violencia y pidi\u00f3 a las autoridades que se abstengan de hacer declaraciones o cualquier acci\u00f3n que \u201cestigmatice\u201d a ind\u00edgenas, extranjeros, periodistas y opositores. Todos estos criterios fueron rechazados por el canciller Valencia, quien expres\u00f3 que la fuerza p\u00fablica actu\u00f3 de acuerdo con la ley, no us\u00f3 medios letales y \u201cno se produjeron ni heridos ni muertos por disparos de armas de fuego\u201d. Respecto a los actos violentos, el canciller a\u00f1adi\u00f3 que no fueron \u201calgunos\u201d manifestantes que recurrieron a la violencia, fueron centenares los atacantes que actuaron de manera concertada, con t\u00e1cticas de guerrilla urbana y en grupos coordinados como en el incendio del edificio de la Contralor\u00eda. Valencia calific\u00f3 de \u201cinjusta\u201d la acusaci\u00f3n al Gobierno de estigmatizar a ind\u00edgenas y migrantes, pues se ha restituido la sede a la Conaie y el Programa de Educaci\u00f3n Biling\u00fce, se ha dado amnist\u00eda a 48 l\u00edderes ind\u00edgenas apresados en el anterior gobierno y se ha acogido a casi 400 000 ciudadanos venezolanos para regularizar su situaci\u00f3n migratoria en colaboraci\u00f3n con Naciones Unidas. https:\/\/www.eluniverso.com\/noticias\/2019\/12\/06\/nota\/7636766\/protestas-ecuador-cancilleria-naciones-unidas-derechos-humanos-alta#cxrecs_s<\/p>\n","protected":false},"author":1,"featured_media":254828,"comment_status":"closed","ping_status":"closed","sticky":false,"template":"","format":"standard","meta":[],"categories":[40,23],"tags":[],"_links":{"self":[{"href":"https:\/\/www.ecuadortimes.net\/es\/wp-json\/wp\/v2\/posts\/254827"}],"collection":[{"href":"https:\/\/www.ecuadortimes.net\/es\/wp-json\/wp\/v2\/posts"}],"about":[{"href":"https:\/\/www.ecuadortimes.net\/es\/wp-json\/wp\/v2\/types\/post"}],"author":[{"embeddable":true,"href":"https:\/\/www.ecuadortimes.net\/es\/wp-json\/wp\/v2\/users\/1"}],"replies":[{"embeddable":true,"href":"https:\/\/www.ecuadortimes.net\/es\/wp-json\/wp\/v2\/comments?post=254827"}],"version-history":[{"count":1,"href":"https:\/\/www.ecuadortimes.net\/es\/wp-json\/wp\/v2\/posts\/254827\/revisions"}],"predecessor-version":[{"id":254829,"href":"https:\/\/www.ecuadortimes.net\/es\/wp-json\/wp\/v2\/posts\/254827\/revisions\/254829"}],"wp:featuredmedia":[{"embeddable":true,"href":"https:\/\/www.ecuadortimes.net\/es\/wp-json\/wp\/v2\/media\/254828"}],"wp:attachment":[{"href":"https:\/\/www.ecuadortimes.net\/es\/wp-json\/wp\/v2\/media?parent=254827"}],"wp:term":[{"taxonomy":"category","embeddable":true,"href":"https:\/\/www.ecuadortimes.net\/es\/wp-json\/wp\/v2\/categories?post=254827"},{"taxonomy":"post_tag","embeddable":true,"href":"https:\/\/www.ecuadortimes.net\/es\/wp-json\/wp\/v2\/tags?post=254827"}],"curies":[{"name":"wp","href":"https:\/\/api.w.org\/{rel}","templated":true}]}}