{"id":254857,"date":"2019-12-12T23:39:56","date_gmt":"2019-12-12T23:39:56","guid":{"rendered":"https:\/\/www.ecuadortimes.net\/es\/?p=254857"},"modified":"2019-12-12T23:39:56","modified_gmt":"2019-12-12T23:39:56","slug":"moreno-dice-que-protestas-en-latinoamerica-buscan-desestabilizar-gobiernos","status":"publish","type":"post","link":"https:\/\/www.ecuadortimes.net\/es\/moreno-dice-que-protestas-en-latinoamerica-buscan-desestabilizar-gobiernos\/","title":{"rendered":"Moreno dice que protestas en Latinoam\u00e9rica buscan desestabilizar Gobiernos"},"content":{"rendered":"<p>El presidente de Ecuador, Len\u00edn Moreno, afirm\u00f3 este mi\u00e9rcoles en la ciudad colombiana de Cali que las protestas sociales en varios pa\u00edses de Am\u00e9rica Latina fueron infiltradas por &#8220;grupos criminales&#8221; que buscan imponer una agenda para desestabilizar a los Gobiernos y generar caos.<\/p>\n<div id=\"attachment_254858\" style=\"width: 1210px\" class=\"wp-caption aligncenter\"><img aria-describedby=\"caption-attachment-254858\" loading=\"lazy\" class=\"size-full wp-image-254858\" src=\"https:\/\/www.ecuadortimes.net\/es\/wp-content\/uploads\/2019\/12\/ecuador-news-lenin-moreno-says-protests-are-for-shaking-down-latin-american-governments.jpg\" alt=\"\" width=\"1200\" height=\"566\" \/><p id=\"caption-attachment-254858\" class=\"wp-caption-text\">Moreno dice que protestas en Latinoam\u00e9rica buscan desestabilizar Gobiernos<\/p><\/div>\n<p>&#8220;Las protestas sociales sin duda alguna est\u00e1n legitimadas y as\u00ed debe ser (&#8230;) pero hay una l\u00ednea roja que no hay c\u00f3mo atravesar, en la cual se busca desestabilizar al Gobierno, en la cual se agreden a las personas, se les lesiona f\u00edsicamente&#8221;, afirm\u00f3 el mandatario al instalar el VIII Gabinete Binacional Colombia-Ecuador, junto con su hom\u00f3logo Iv\u00e1n Duque.<\/p>\n<p>Moreno se\u00f1al\u00f3 que estuvo &#8220;permanentemente en contacto&#8221; con Duque en los &#8220;dif\u00edciles momentos&#8221; que ambos pa\u00edses vivieron a ra\u00edz de las protestas convocadas por sindicatos y movimientos sociales que expresaron su inconformismo por las pol\u00edticas sociales y econ\u00f3micas de Ecuador y Colombia.<\/p>\n<p>Los dos presidentes iniciaron hoy en Cali una nueva edici\u00f3n del Gabinete Binacional para profundizar las relaciones bilaterales en sectores como seguridad y defensa, medio ambiente, cultura, comercio, transporte y asuntos fronterizos, entre otros.<\/p>\n<p>La violencia ocurrida en dichas protestas fue provocada, en opini\u00f3n del presidente ecuatoriano, por &#8220;fuerzas extra\u00f1as a la paz, a la seguridad y a la libertad&#8221; y cuyos autores ya fueron &#8220;identificados&#8221;.<\/p>\n<p>&#8220;Las protestas sociales legitiman sin duda alguna el clamor de un pueblo, pero se tornan peligrosas cuando se filtran en ellas enemigos de la democracia y la paz, a ese grupo no le interesa el avance de los pueblos, su \u00fanico inter\u00e9s est\u00e1 en mantener agendas pol\u00edticas&#8221;, dijo.<\/p>\n<p>Ecuador vivi\u00f3 entre el 3 y 13 de octubre pasado una de las oleadas de violencia m\u00e1s graves de su historia reciente a ra\u00edz de la decisi\u00f3n del Gobierno de eliminar el subsidio a los combustibles, medida que finalmente fue derogada por Moreno para pacificar el pa\u00eds tras la muerte de al menos media docena de personas en disturbios.<\/p>\n<p>Manifestaciones similares tuvieron lugar en Chile y m\u00e1s recientemente en Colombia donde desde el pasado 21 de noviembre se llevan a cabo manifestaciones masivas convocadas por sindicatos para expresar su rechazo a las pol\u00edticas sociales y econ\u00f3micas del presidente Duque.<\/p>\n<p>&#8220;Quienes s\u00ed respetamos los derechos humanos debemos hoy m\u00e1s que nunca reafirmar la democracia, con toda la fuerza que nos da la raz\u00f3n, la historia. Debemos consolidar la democracia, porque no es una tarea pol\u00edtica, es un deber y un compromiso \u00e9tico&#8221;, concluy\u00f3 Moreno.<\/p>\n<p>Los gabinetes binacionales, que comenzaron en 2012, constituyen las instancias de m\u00e1s alto nivel para la definici\u00f3n y coordinaci\u00f3n de pol\u00edticas p\u00fablicas de Colombia y Ecuador. \u00a0Estos encuentros se alternan y los anteriores fueron celebrados en las ciudades ecuatorianas de Tulc\u00e1n, Rioverde, Guayaquil y Quito, mientras que por Colombia han tenido como sede a Ipiales, Cali y Pereira.<\/p>\n<p><a href=\"https:\/\/www.eltelegrafo.com.ec\/noticias\/politica\/3\/lenin-moreno-dice-que-protestas-en-latinoamerica-buscan-desestabilizar-gobiernos\">https:\/\/www.eltelegrafo.com.ec\/noticias\/politica\/3\/lenin-moreno-dice-que-protestas-en-latinoamerica-buscan-desestabilizar-gobiernos<\/a><\/p>\n","protected":false},"excerpt":{"rendered":"<p>El presidente de Ecuador, Len\u00edn Moreno, afirm\u00f3 este mi\u00e9rcoles en la ciudad colombiana de Cali que las protestas sociales en varios pa\u00edses de Am\u00e9rica Latina fueron infiltradas por &#8220;grupos criminales&#8221; que buscan imponer una agenda para desestabilizar a los Gobiernos y generar caos. &#8220;Las protestas sociales sin duda alguna est\u00e1n legitimadas y as\u00ed debe ser (&#8230;) pero hay una l\u00ednea roja que no hay c\u00f3mo atravesar, en la cual se busca desestabilizar al Gobierno, en la cual se agreden a las personas, se les lesiona f\u00edsicamente&#8221;, afirm\u00f3 el mandatario al instalar el VIII Gabinete Binacional Colombia-Ecuador, junto con su hom\u00f3logo Iv\u00e1n Duque. Moreno se\u00f1al\u00f3 que estuvo &#8220;permanentemente en contacto&#8221; con Duque en los &#8220;dif\u00edciles momentos&#8221; que ambos pa\u00edses vivieron a ra\u00edz de las protestas convocadas por sindicatos y movimientos sociales que expresaron su inconformismo por las pol\u00edticas sociales y econ\u00f3micas de Ecuador y Colombia. Los dos presidentes iniciaron hoy en Cali una nueva edici\u00f3n del Gabinete Binacional para profundizar las relaciones bilaterales en sectores como seguridad y defensa, medio ambiente, cultura, comercio, transporte y asuntos fronterizos, entre otros. La violencia ocurrida en dichas protestas fue provocada, en opini\u00f3n del presidente ecuatoriano, por &#8220;fuerzas extra\u00f1as a la paz, a la seguridad y a la libertad&#8221; y cuyos autores ya fueron &#8220;identificados&#8221;. &#8220;Las protestas sociales legitiman sin duda alguna el clamor de un pueblo, pero se tornan peligrosas cuando se filtran en ellas enemigos de la democracia y la paz, a ese grupo no le interesa el avance de los pueblos, su \u00fanico inter\u00e9s est\u00e1 en mantener agendas pol\u00edticas&#8221;, dijo. Ecuador vivi\u00f3 entre el 3 y 13 de octubre pasado una de las oleadas de violencia m\u00e1s graves de su historia reciente a ra\u00edz de la decisi\u00f3n del Gobierno de eliminar el subsidio a los combustibles, medida que finalmente fue derogada por Moreno para pacificar el pa\u00eds tras la muerte de al menos media docena de personas en disturbios. Manifestaciones similares tuvieron lugar en Chile y m\u00e1s recientemente en Colombia donde desde el pasado 21 de noviembre se llevan a cabo manifestaciones masivas convocadas por sindicatos para expresar su rechazo a las pol\u00edticas sociales y econ\u00f3micas del presidente Duque. &#8220;Quienes s\u00ed respetamos los derechos humanos debemos hoy m\u00e1s que nunca reafirmar la democracia, con toda la fuerza que nos da la raz\u00f3n, la historia. Debemos consolidar la democracia, porque no es una tarea pol\u00edtica, es un deber y un compromiso \u00e9tico&#8221;, concluy\u00f3 Moreno. Los gabinetes binacionales, que comenzaron en 2012, constituyen las instancias de m\u00e1s alto nivel para la definici\u00f3n y coordinaci\u00f3n de pol\u00edticas p\u00fablicas de Colombia y Ecuador. \u00a0Estos encuentros se alternan y los anteriores fueron celebrados en las ciudades ecuatorianas de Tulc\u00e1n, Rioverde, Guayaquil y Quito, mientras que por Colombia han tenido como sede a Ipiales, Cali y Pereira. https:\/\/www.eltelegrafo.com.ec\/noticias\/politica\/3\/lenin-moreno-dice-que-protestas-en-latinoamerica-buscan-desestabilizar-gobiernos<\/p>\n","protected":false},"author":1,"featured_media":254858,"comment_status":"closed","ping_status":"closed","sticky":false,"template":"","format":"standard","meta":[],"categories":[40,24],"tags":[],"_links":{"self":[{"href":"https:\/\/www.ecuadortimes.net\/es\/wp-json\/wp\/v2\/posts\/254857"}],"collection":[{"href":"https:\/\/www.ecuadortimes.net\/es\/wp-json\/wp\/v2\/posts"}],"about":[{"href":"https:\/\/www.ecuadortimes.net\/es\/wp-json\/wp\/v2\/types\/post"}],"author":[{"embeddable":true,"href":"https:\/\/www.ecuadortimes.net\/es\/wp-json\/wp\/v2\/users\/1"}],"replies":[{"embeddable":true,"href":"https:\/\/www.ecuadortimes.net\/es\/wp-json\/wp\/v2\/comments?post=254857"}],"version-history":[{"count":1,"href":"https:\/\/www.ecuadortimes.net\/es\/wp-json\/wp\/v2\/posts\/254857\/revisions"}],"predecessor-version":[{"id":254859,"href":"https:\/\/www.ecuadortimes.net\/es\/wp-json\/wp\/v2\/posts\/254857\/revisions\/254859"}],"wp:featuredmedia":[{"embeddable":true,"href":"https:\/\/www.ecuadortimes.net\/es\/wp-json\/wp\/v2\/media\/254858"}],"wp:attachment":[{"href":"https:\/\/www.ecuadortimes.net\/es\/wp-json\/wp\/v2\/media?parent=254857"}],"wp:term":[{"taxonomy":"category","embeddable":true,"href":"https:\/\/www.ecuadortimes.net\/es\/wp-json\/wp\/v2\/categories?post=254857"},{"taxonomy":"post_tag","embeddable":true,"href":"https:\/\/www.ecuadortimes.net\/es\/wp-json\/wp\/v2\/tags?post=254857"}],"curies":[{"name":"wp","href":"https:\/\/api.w.org\/{rel}","templated":true}]}}