{"id":254861,"date":"2019-12-13T16:13:12","date_gmt":"2019-12-13T16:13:12","guid":{"rendered":"https:\/\/www.ecuadortimes.net\/es\/?p=254861"},"modified":"2019-12-13T16:13:12","modified_gmt":"2019-12-13T16:13:12","slug":"mexico-es-el-refugio-de-11-figuras-de-la-revolucion-ciudadana","status":"publish","type":"post","link":"https:\/\/www.ecuadortimes.net\/es\/mexico-es-el-refugio-de-11-figuras-de-la-revolucion-ciudadana\/","title":{"rendered":"M\u00e9xico es el refugio de 11 figuras de la Revoluci\u00f3n Ciudadana"},"content":{"rendered":"<p>Una de los m\u00e1s representativos de la RC, es el exministro Ricardo Pati\u00f1o, quien dej\u00f3 el Ecuador el 17 de abril.<\/p>\n<div id=\"attachment_254862\" style=\"width: 1210px\" class=\"wp-caption aligncenter\"><img aria-describedby=\"caption-attachment-254862\" loading=\"lazy\" class=\"size-full wp-image-254862\" src=\"https:\/\/www.ecuadortimes.net\/es\/wp-content\/uploads\/2019\/12\/ecuador-news-mexico-is-the-refuge-of-11-exiled-ap-politicians.jpg\" alt=\"\" width=\"1200\" height=\"566\" \/><p id=\"caption-attachment-254862\" class=\"wp-caption-text\">M\u00e9xico es el refugio de 11 figuras de la Revoluci\u00f3n Ciudadana<\/p><\/div>\n<p>Viaj\u00f3 a Per\u00fa y de ah\u00ed a M\u00e9xico, donde recibi\u00f3 asilo pol\u00edtico en octubre de 2019. El pasado 25 de noviembre se conoci\u00f3 que en agosto de 2019 M\u00e9xico concedi\u00f3 refugio al exsuperintendente de Comunicaci\u00f3n, Carlos Ochoa, quien inicialmente estuvo protegido en Bolivia.<\/p>\n<p>En cuanto a la exlegisladora Sof\u00eda Esp\u00edn, en octubre de 2018 se refugi\u00f3 en Bolivia. Desde este 16 de noviembre est\u00e1 en M\u00e9xico. Ella estaba procesada por oferta para realizar tr\u00e1fico de influencias, pero el caso se archiv\u00f3 la semana pasada. Uno de sus allegados que pidi\u00f3 mantener su nombre en reserva, dijo que a\u00fan no se ha definido una fecha para su retorno al pa\u00eds.<\/p>\n<p>Los restantes se refugiaron en la embajada de M\u00e9xico en Quito el 14 de octubre pasado, luego de la movilizaci\u00f3n ind\u00edgena.<\/p>\n<p>Se trata de la legisladora Gabriela Rivadeneira y su esposo, Luis Flores; la asamble\u00edsta Soledad Buend\u00eda y su esposo, el exvicepresidente del CPCCS, Edwin Jarr\u00edn; y el asamble\u00edsta Carlos Viteri y su esposa, la exvocal del CPCCS, Tania Pauker. A ellos se suman el asamble\u00edsta alterno Luis Molina y el Procurador de la Prefectura de Pichincha, Leonidas Moreno.<\/p>\n<p>Excepto Rivadeneira, contra los otros siete no hay acciones legales. El 14 de octubre el Gobierno mexicano confirm\u00f3 que estas personas est\u00e1n bajo protecci\u00f3n y resguardo. El Canciller ecuatoriano, Jos\u00e9 Valencia, dijo estar sorprendido al saber que legisladores fueron acogidos cuando no tienen ning\u00fan requerimiento de la justicia.<\/p>\n<p>El internacionalista Fernando Carranco asegura que M\u00e9xico act\u00faa bajo el principio internacional de concesi\u00f3n de asilo pol\u00edtico, lo cual es normal.<\/p>\n<p><a href=\"https:\/\/www.eltelegrafo.com.ec\/noticias\/judicial\/12\/embajada-mexico-refugio\">https:\/\/www.eltelegrafo.com.ec\/noticias\/judicial\/12\/embajada-mexico-refugio<\/a><\/p>\n","protected":false},"excerpt":{"rendered":"<p>Una de los m\u00e1s representativos de la RC, es el exministro Ricardo Pati\u00f1o, quien dej\u00f3 el Ecuador el 17 de abril. Viaj\u00f3 a Per\u00fa y de ah\u00ed a M\u00e9xico, donde recibi\u00f3 asilo pol\u00edtico en octubre de 2019. El pasado 25 de noviembre se conoci\u00f3 que en agosto de 2019 M\u00e9xico concedi\u00f3 refugio al exsuperintendente de Comunicaci\u00f3n, Carlos Ochoa, quien inicialmente estuvo protegido en Bolivia. En cuanto a la exlegisladora Sof\u00eda Esp\u00edn, en octubre de 2018 se refugi\u00f3 en Bolivia. Desde este 16 de noviembre est\u00e1 en M\u00e9xico. Ella estaba procesada por oferta para realizar tr\u00e1fico de influencias, pero el caso se archiv\u00f3 la semana pasada. Uno de sus allegados que pidi\u00f3 mantener su nombre en reserva, dijo que a\u00fan no se ha definido una fecha para su retorno al pa\u00eds. Los restantes se refugiaron en la embajada de M\u00e9xico en Quito el 14 de octubre pasado, luego de la movilizaci\u00f3n ind\u00edgena. Se trata de la legisladora Gabriela Rivadeneira y su esposo, Luis Flores; la asamble\u00edsta Soledad Buend\u00eda y su esposo, el exvicepresidente del CPCCS, Edwin Jarr\u00edn; y el asamble\u00edsta Carlos Viteri y su esposa, la exvocal del CPCCS, Tania Pauker. A ellos se suman el asamble\u00edsta alterno Luis Molina y el Procurador de la Prefectura de Pichincha, Leonidas Moreno. Excepto Rivadeneira, contra los otros siete no hay acciones legales. El 14 de octubre el Gobierno mexicano confirm\u00f3 que estas personas est\u00e1n bajo protecci\u00f3n y resguardo. El Canciller ecuatoriano, Jos\u00e9 Valencia, dijo estar sorprendido al saber que legisladores fueron acogidos cuando no tienen ning\u00fan requerimiento de la justicia. El internacionalista Fernando Carranco asegura que M\u00e9xico act\u00faa bajo el principio internacional de concesi\u00f3n de asilo pol\u00edtico, lo cual es normal. https:\/\/www.eltelegrafo.com.ec\/noticias\/judicial\/12\/embajada-mexico-refugio<\/p>\n","protected":false},"author":1,"featured_media":254862,"comment_status":"closed","ping_status":"closed","sticky":false,"template":"","format":"standard","meta":[],"categories":[40,23],"tags":[],"_links":{"self":[{"href":"https:\/\/www.ecuadortimes.net\/es\/wp-json\/wp\/v2\/posts\/254861"}],"collection":[{"href":"https:\/\/www.ecuadortimes.net\/es\/wp-json\/wp\/v2\/posts"}],"about":[{"href":"https:\/\/www.ecuadortimes.net\/es\/wp-json\/wp\/v2\/types\/post"}],"author":[{"embeddable":true,"href":"https:\/\/www.ecuadortimes.net\/es\/wp-json\/wp\/v2\/users\/1"}],"replies":[{"embeddable":true,"href":"https:\/\/www.ecuadortimes.net\/es\/wp-json\/wp\/v2\/comments?post=254861"}],"version-history":[{"count":1,"href":"https:\/\/www.ecuadortimes.net\/es\/wp-json\/wp\/v2\/posts\/254861\/revisions"}],"predecessor-version":[{"id":254863,"href":"https:\/\/www.ecuadortimes.net\/es\/wp-json\/wp\/v2\/posts\/254861\/revisions\/254863"}],"wp:featuredmedia":[{"embeddable":true,"href":"https:\/\/www.ecuadortimes.net\/es\/wp-json\/wp\/v2\/media\/254862"}],"wp:attachment":[{"href":"https:\/\/www.ecuadortimes.net\/es\/wp-json\/wp\/v2\/media?parent=254861"}],"wp:term":[{"taxonomy":"category","embeddable":true,"href":"https:\/\/www.ecuadortimes.net\/es\/wp-json\/wp\/v2\/categories?post=254861"},{"taxonomy":"post_tag","embeddable":true,"href":"https:\/\/www.ecuadortimes.net\/es\/wp-json\/wp\/v2\/tags?post=254861"}],"curies":[{"name":"wp","href":"https:\/\/api.w.org\/{rel}","templated":true}]}}