{"id":254864,"date":"2019-12-13T16:38:41","date_gmt":"2019-12-13T16:38:41","guid":{"rendered":"https:\/\/www.ecuadortimes.net\/es\/?p=254864"},"modified":"2019-12-13T16:41:31","modified_gmt":"2019-12-13T16:41:31","slug":"helena-gualinga-quien-es-la-joven-voz-contra-el-cambio-climatico","status":"publish","type":"post","link":"https:\/\/www.ecuadortimes.net\/es\/helena-gualinga-quien-es-la-joven-voz-contra-el-cambio-climatico\/","title":{"rendered":"Helena Gualinga: \u00bfQui\u00e9n es la joven voz contra el cambio clim\u00e1tico?"},"content":{"rendered":"<p id=\"m135-134-136\" class=\"paragraph \">La cumbre del Clima (<strong>COP 25<\/strong>) realizada en\u00a0<strong>Madrid<\/strong>\u00a0desde el pasado\u00a0<strong>2 de diciembre<\/strong>, cont\u00f3 con la intervenci\u00f3n de una\u00a0<strong>joven ecuatoriana<\/strong>\u00a0que con un discurso reivindicativo en busca de mejoras para el planeta Tierra, logr\u00f3 atraer la mirada de los medios internacionales, que no demoraron en hacer eco de su mensaje.<\/p>\n<div id=\"attachment_254865\" style=\"width: 710px\" class=\"wp-caption aligncenter\"><img aria-describedby=\"caption-attachment-254865\" loading=\"lazy\" class=\"size-full wp-image-254865\" src=\"https:\/\/www.ecuadortimes.net\/es\/wp-content\/uploads\/2019\/12\/ecuador-news-helena-gualinga-young-against-climate-change.png\" alt=\"\" width=\"700\" height=\"402\" \/><p id=\"caption-attachment-254865\" class=\"wp-caption-text\">Helena Gualinga: \u00bfQui\u00e9n es la joven voz contra el cambio clim\u00e1tico?<\/p><\/div>\n<p id=\"m140-139-141\" class=\"paragraph \">Su nombre es\u00a0<strong>Helena Siren Gualinga<\/strong>, una adolescente amaz\u00f3nica que con\u00a0<strong>17 a\u00f1os<\/strong>\u00a0mantiene una amplia trayectoria como activista. La joven pertenece a la comunidad ind\u00edgena\u00a0<strong>Sarayaku\u00a0<\/strong>de la provincia de\u00a0<strong>Pastaza<\/strong>, pero tambi\u00e9n ha vivido en las poblaciones finlandesas de\u00a0<strong>Pargas y<\/strong>\u00a0<strong>Turku<\/strong>.<\/p>\n<p id=\"m145-144-146\" class=\"paragraph \">Esto se debe a la procedencia de su padre,\u00a0<strong>Anders Siren<\/strong>, un profesor finland\u00e9s del\u00a0<strong>Departamento de Geograf\u00eda y Geolog\u00eda<\/strong>\u00a0en la<strong>\u00a0Universidad de Turku<\/strong>, quien contrajo matrimonio con\u00a0<strong>Noem\u00ed Gualinga<\/strong>, madre de Helena y expresidenta de la\u00a0<strong>Asociaci\u00f3n de Mujeres Kiwcha<\/strong>.<\/p>\n<p id=\"m150-149-151\" class=\"paragraph \">Helena, quien ha sido una de las voces del colectivo &#8216;<strong>la juventud contra el cambio clim\u00e1tico<\/strong>&#8216;, estudia en la\u00a0<strong>Escuela Catedral\u00a0<\/strong>de Turku y habla espa\u00f1ol, ingl\u00e9s, sueco, kiwcha y un poco de fin\u00e9s, seg\u00fan cont\u00f3 a<strong>\u00a0Yle<\/strong>, un medio p\u00fablico de Finlandia.<\/p>\n<p id=\"m155-154-156\" class=\"paragraph \">Su historia est\u00e1 precedida por mujeres que han luchado por el derecho de proteger al ambiente, como su t\u00eda\u00a0<strong>Patricia Gualinga<\/strong>\u00a0o su t\u00eda abuela\u00a0<strong>Cristina Gualinga<\/strong>. Muestra de su orgullo hacia esta herencia, lo refleja en sus redes sociales donde en\u00a0<strong>Instagram<\/strong>, por ejemplo, se describe como &#8216;hija del primer levantamiento&#8217;.<\/p>\n<div id=\"m160-159-161\" class=\"media-container content-free-html \"><iframe id=\"instagram-embed-0\" class=\"instagram-media instagram-media-rendered\" src=\"https:\/\/www.instagram.com\/p\/B55GyFQhqOf\/embed\/captioned\/?cr=1&amp;v=12&amp;wp=540&amp;rd=https%3A%2F%2Fwww.expreso.ec&amp;rp=%2Factualidad%2Fhelena-gualinga-viene-joven-voz-cambio-climatico-1300.html#%7B%22ci%22%3A0%2C%22os%22%3A1850.42999999132%2C%22ls%22%3A1763.779999993858%2C%22le%22%3A1825.5749999952968%7D\" height=\"1064\" frameborder=\"0\" scrolling=\"no\" allowfullscreen=\"allowfullscreen\" data-instgrm-payload-id=\"instagram-media-payload-0\"><\/iframe><\/div>\n<p id=\"m165-164-166\" class=\"paragraph \">&#8220;Los gobiernos siguen concesionando nuestros territorios sin nuestro consentimiento a las industrias extractivas que est\u00e1n creando el\u00a0<strong>cambio clim\u00e1tico<\/strong>. Esto deber\u00eda ser criminal&#8221;, fue una de las opiniones que manifest\u00f3 Gualinga y que silencio al p\u00fablico de la COP25 durante su realizaci\u00f3n en la capital espa\u00f1ola.<\/p>\n<p><a href=\"https:\/\/www.expreso.ec\/actualidad\/helena-gualinga-viene-joven-voz-cambio-climatico-1300.html\">https:\/\/www.expreso.ec\/actualidad\/helena-gualinga-viene-joven-voz-cambio-climatico-1300.html<\/a><\/p>\n<p>&nbsp;<\/p>\n","protected":false},"excerpt":{"rendered":"<p>La cumbre del Clima (COP 25) realizada en\u00a0Madrid\u00a0desde el pasado\u00a02 de diciembre, cont\u00f3 con la intervenci\u00f3n de una\u00a0joven ecuatoriana\u00a0que con un discurso reivindicativo en busca de mejoras para el planeta Tierra, logr\u00f3 atraer la mirada de los medios internacionales, que no demoraron en hacer eco de su mensaje. Su nombre es\u00a0Helena Siren Gualinga, una adolescente amaz\u00f3nica que con\u00a017 a\u00f1os\u00a0mantiene una amplia trayectoria como activista. La joven pertenece a la comunidad ind\u00edgena\u00a0Sarayaku\u00a0de la provincia de\u00a0Pastaza, pero tambi\u00e9n ha vivido en las poblaciones finlandesas de\u00a0Pargas y\u00a0Turku. Esto se debe a la procedencia de su padre,\u00a0Anders Siren, un profesor finland\u00e9s del\u00a0Departamento de Geograf\u00eda y Geolog\u00eda\u00a0en la\u00a0Universidad de Turku, quien contrajo matrimonio con\u00a0Noem\u00ed Gualinga, madre de Helena y expresidenta de la\u00a0Asociaci\u00f3n de Mujeres Kiwcha. Helena, quien ha sido una de las voces del colectivo &#8216;la juventud contra el cambio clim\u00e1tico&#8216;, estudia en la\u00a0Escuela Catedral\u00a0de Turku y habla espa\u00f1ol, ingl\u00e9s, sueco, kiwcha y un poco de fin\u00e9s, seg\u00fan cont\u00f3 a\u00a0Yle, un medio p\u00fablico de Finlandia. Su historia est\u00e1 precedida por mujeres que han luchado por el derecho de proteger al ambiente, como su t\u00eda\u00a0Patricia Gualinga\u00a0o su t\u00eda abuela\u00a0Cristina Gualinga. Muestra de su orgullo hacia esta herencia, lo refleja en sus redes sociales donde en\u00a0Instagram, por ejemplo, se describe como &#8216;hija del primer levantamiento&#8217;. &#8220;Los gobiernos siguen concesionando nuestros territorios sin nuestro consentimiento a las industrias extractivas que est\u00e1n creando el\u00a0cambio clim\u00e1tico. Esto deber\u00eda ser criminal&#8221;, fue una de las opiniones que manifest\u00f3 Gualinga y que silencio al p\u00fablico de la COP25 durante su realizaci\u00f3n en la capital espa\u00f1ola. https:\/\/www.expreso.ec\/actualidad\/helena-gualinga-viene-joven-voz-cambio-climatico-1300.html &nbsp;<\/p>\n","protected":false},"author":1,"featured_media":254865,"comment_status":"closed","ping_status":"closed","sticky":false,"template":"","format":"standard","meta":[],"categories":[35,24],"tags":[],"_links":{"self":[{"href":"https:\/\/www.ecuadortimes.net\/es\/wp-json\/wp\/v2\/posts\/254864"}],"collection":[{"href":"https:\/\/www.ecuadortimes.net\/es\/wp-json\/wp\/v2\/posts"}],"about":[{"href":"https:\/\/www.ecuadortimes.net\/es\/wp-json\/wp\/v2\/types\/post"}],"author":[{"embeddable":true,"href":"https:\/\/www.ecuadortimes.net\/es\/wp-json\/wp\/v2\/users\/1"}],"replies":[{"embeddable":true,"href":"https:\/\/www.ecuadortimes.net\/es\/wp-json\/wp\/v2\/comments?post=254864"}],"version-history":[{"count":2,"href":"https:\/\/www.ecuadortimes.net\/es\/wp-json\/wp\/v2\/posts\/254864\/revisions"}],"predecessor-version":[{"id":254867,"href":"https:\/\/www.ecuadortimes.net\/es\/wp-json\/wp\/v2\/posts\/254864\/revisions\/254867"}],"wp:featuredmedia":[{"embeddable":true,"href":"https:\/\/www.ecuadortimes.net\/es\/wp-json\/wp\/v2\/media\/254865"}],"wp:attachment":[{"href":"https:\/\/www.ecuadortimes.net\/es\/wp-json\/wp\/v2\/media?parent=254864"}],"wp:term":[{"taxonomy":"category","embeddable":true,"href":"https:\/\/www.ecuadortimes.net\/es\/wp-json\/wp\/v2\/categories?post=254864"},{"taxonomy":"post_tag","embeddable":true,"href":"https:\/\/www.ecuadortimes.net\/es\/wp-json\/wp\/v2\/tags?post=254864"}],"curies":[{"name":"wp","href":"https:\/\/api.w.org\/{rel}","templated":true}]}}