{"id":254874,"date":"2019-12-16T15:16:14","date_gmt":"2019-12-16T15:16:14","guid":{"rendered":"https:\/\/www.ecuadortimes.net\/es\/?p=254874"},"modified":"2019-12-16T15:16:14","modified_gmt":"2019-12-16T15:16:14","slug":"ecuador-ofrece-productos-para-abastecer-a-asistentes-al-mundial-de-futbol-catar-2022","status":"publish","type":"post","link":"https:\/\/www.ecuadortimes.net\/es\/ecuador-ofrece-productos-para-abastecer-a-asistentes-al-mundial-de-futbol-catar-2022\/","title":{"rendered":"Ecuador ofrece productos para abastecer a asistentes al Mundial de F\u00fatbol Catar 2022"},"content":{"rendered":"<p>El vicepresidente de la Rep\u00fablica, Otto Sonnenholzner y el ministro de Producci\u00f3n, Comercio Exterior, Inversiones y Pesca, Iv\u00e1n Ontaneda, de visita en Catar tuvieron un encuentro con Saud Hassan al Thawadi, secretario General del Comit\u00e9 Supremo y el Legado, la entidad responsable de la construcci\u00f3n de los estadios, de la infraestructura necesaria para el mundial, y de la mayor\u00eda de los aspectos log\u00edsticos del certamen.<\/p>\n<div id=\"attachment_254875\" style=\"width: 1290px\" class=\"wp-caption aligncenter\"><img aria-describedby=\"caption-attachment-254875\" loading=\"lazy\" class=\"size-full wp-image-254875\" src=\"https:\/\/www.ecuadortimes.net\/es\/wp-content\/uploads\/2019\/12\/ecuador-news-ecuador-offers-products-to-people-who-will-assist-soccer-catar-2022.jpg\" alt=\"\" width=\"1280\" height=\"853\" \/><p id=\"caption-attachment-254875\" class=\"wp-caption-text\">Ecuador ofrece productos para abastecer a asistentes al Mundial de F\u00fatbol Catar 2022<\/p><\/div>\n<p>Las autoridades catar\u00edes mostraron inter\u00e9s de que Ecuador atienda la sobredemanda de productos durante el Mundial 2022. La cita se dio en el marco de la visita de las autoridades a Catar, seg\u00fan inform\u00f3 el ministerio de Producci\u00f3n en un comunicado.<\/p>\n<p>El Secretario General manifest\u00f3 que uno de los alimentos que se ha agotado anteriormente, en el marco de grandes eventos deportivos, es el banano.<\/p>\n<p>En esta reuni\u00f3n tambi\u00e9n entregaron el cat\u00e1logo de la oferta exportable a Al Thawadi con el pedido de que se mantenga una reuni\u00f3n t\u00e9cnica para detallar los procedimientos que aseguren el ingreso de los productos ecuatorianos con suficiente antelaci\u00f3n.<\/p>\n<p>En Catar, el Comit\u00e9 Supremo para la Entrega y el Legado es la Parte de estos aspectos incluye la provisi\u00f3n de alimentos a los equipos, sus comitivas, t\u00e9cnicos, periodistas y los fan\u00e1ticos que asistir\u00e1n al evento.<\/p>\n<p>Adem\u00e1s, el ministro Ontaneda se reuni\u00f3 con Ali Bin Ahmed Al Kuwari, ministro de Comercio e Industrias de Catar, a quien entreg\u00f3 formalmente una solicitud para que el camar\u00f3n, la quinua, y la granadilla ecuatoriana accedan al mercado catar\u00ed, y se sumen a la lista de otros productos que ya se encuentran habilitados actualmente.<\/p>\n<p>De igual manera se mantuvo reuniones t\u00e9cnicas con Hassad Food, una entidad subsidiaria de la Autoridad de Inversiones de Catar que centra sus operaciones en el campo de la agricultura y pesca. En la reuni\u00f3n, el Ecuador sugiri\u00f3 la posibilidad de invertir en el pa\u00eds en proyectos agr\u00edcolas y de la acuacultura a efectos de combinar los negocios con ese pa\u00eds con la posibilidad de brindar soberan\u00eda alimentaria al Emirato.<\/p>\n<p>Catar es un Estado con un poco m\u00e1s de 2 millones y medio de habitantes, es decir la misma poblaci\u00f3n de Guayaquil; sin embargo, su Producto Interno Bruto es dos veces el de Ecuador, lo que resulta en una poblaci\u00f3n con un poder de compra real de cerca de $ 130 mil al a\u00f1o por habitante.<\/p>\n<p><a href=\"https:\/\/www.eluniverso.com\/noticias\/2019\/12\/15\/nota\/7647668\/ecuador-ofrece-productos-abastecer-asistentes-mundial-futbol-catar#cxrecs_s\">https:\/\/www.eluniverso.com\/noticias\/2019\/12\/15\/nota\/7647668\/ecuador-ofrece-productos-abastecer-asistentes-mundial-futbol-catar#cxrecs_s<\/a><\/p>\n","protected":false},"excerpt":{"rendered":"<p>El vicepresidente de la Rep\u00fablica, Otto Sonnenholzner y el ministro de Producci\u00f3n, Comercio Exterior, Inversiones y Pesca, Iv\u00e1n Ontaneda, de visita en Catar tuvieron un encuentro con Saud Hassan al Thawadi, secretario General del Comit\u00e9 Supremo y el Legado, la entidad responsable de la construcci\u00f3n de los estadios, de la infraestructura necesaria para el mundial, y de la mayor\u00eda de los aspectos log\u00edsticos del certamen. Las autoridades catar\u00edes mostraron inter\u00e9s de que Ecuador atienda la sobredemanda de productos durante el Mundial 2022. La cita se dio en el marco de la visita de las autoridades a Catar, seg\u00fan inform\u00f3 el ministerio de Producci\u00f3n en un comunicado. El Secretario General manifest\u00f3 que uno de los alimentos que se ha agotado anteriormente, en el marco de grandes eventos deportivos, es el banano. En esta reuni\u00f3n tambi\u00e9n entregaron el cat\u00e1logo de la oferta exportable a Al Thawadi con el pedido de que se mantenga una reuni\u00f3n t\u00e9cnica para detallar los procedimientos que aseguren el ingreso de los productos ecuatorianos con suficiente antelaci\u00f3n. En Catar, el Comit\u00e9 Supremo para la Entrega y el Legado es la Parte de estos aspectos incluye la provisi\u00f3n de alimentos a los equipos, sus comitivas, t\u00e9cnicos, periodistas y los fan\u00e1ticos que asistir\u00e1n al evento. Adem\u00e1s, el ministro Ontaneda se reuni\u00f3 con Ali Bin Ahmed Al Kuwari, ministro de Comercio e Industrias de Catar, a quien entreg\u00f3 formalmente una solicitud para que el camar\u00f3n, la quinua, y la granadilla ecuatoriana accedan al mercado catar\u00ed, y se sumen a la lista de otros productos que ya se encuentran habilitados actualmente. De igual manera se mantuvo reuniones t\u00e9cnicas con Hassad Food, una entidad subsidiaria de la Autoridad de Inversiones de Catar que centra sus operaciones en el campo de la agricultura y pesca. En la reuni\u00f3n, el Ecuador sugiri\u00f3 la posibilidad de invertir en el pa\u00eds en proyectos agr\u00edcolas y de la acuacultura a efectos de combinar los negocios con ese pa\u00eds con la posibilidad de brindar soberan\u00eda alimentaria al Emirato. Catar es un Estado con un poco m\u00e1s de 2 millones y medio de habitantes, es decir la misma poblaci\u00f3n de Guayaquil; sin embargo, su Producto Interno Bruto es dos veces el de Ecuador, lo que resulta en una poblaci\u00f3n con un poder de compra real de cerca de $ 130 mil al a\u00f1o por habitante. https:\/\/www.eluniverso.com\/noticias\/2019\/12\/15\/nota\/7647668\/ecuador-ofrece-productos-abastecer-asistentes-mundial-futbol-catar#cxrecs_s<\/p>\n","protected":false},"author":1,"featured_media":254875,"comment_status":"closed","ping_status":"closed","sticky":false,"template":"","format":"standard","meta":[],"categories":[43,23],"tags":[],"_links":{"self":[{"href":"https:\/\/www.ecuadortimes.net\/es\/wp-json\/wp\/v2\/posts\/254874"}],"collection":[{"href":"https:\/\/www.ecuadortimes.net\/es\/wp-json\/wp\/v2\/posts"}],"about":[{"href":"https:\/\/www.ecuadortimes.net\/es\/wp-json\/wp\/v2\/types\/post"}],"author":[{"embeddable":true,"href":"https:\/\/www.ecuadortimes.net\/es\/wp-json\/wp\/v2\/users\/1"}],"replies":[{"embeddable":true,"href":"https:\/\/www.ecuadortimes.net\/es\/wp-json\/wp\/v2\/comments?post=254874"}],"version-history":[{"count":1,"href":"https:\/\/www.ecuadortimes.net\/es\/wp-json\/wp\/v2\/posts\/254874\/revisions"}],"predecessor-version":[{"id":254876,"href":"https:\/\/www.ecuadortimes.net\/es\/wp-json\/wp\/v2\/posts\/254874\/revisions\/254876"}],"wp:featuredmedia":[{"embeddable":true,"href":"https:\/\/www.ecuadortimes.net\/es\/wp-json\/wp\/v2\/media\/254875"}],"wp:attachment":[{"href":"https:\/\/www.ecuadortimes.net\/es\/wp-json\/wp\/v2\/media?parent=254874"}],"wp:term":[{"taxonomy":"category","embeddable":true,"href":"https:\/\/www.ecuadortimes.net\/es\/wp-json\/wp\/v2\/categories?post=254874"},{"taxonomy":"post_tag","embeddable":true,"href":"https:\/\/www.ecuadortimes.net\/es\/wp-json\/wp\/v2\/tags?post=254874"}],"curies":[{"name":"wp","href":"https:\/\/api.w.org\/{rel}","templated":true}]}}