{"id":254880,"date":"2019-12-16T17:51:06","date_gmt":"2019-12-16T17:51:06","guid":{"rendered":"https:\/\/www.ecuadortimes.net\/es\/?p=254880"},"modified":"2019-12-16T17:51:06","modified_gmt":"2019-12-16T17:51:06","slug":"delfin-es-el-nuevo-monarca-del-futbol-ecuatoriano","status":"publish","type":"post","link":"https:\/\/www.ecuadortimes.net\/es\/delfin-es-el-nuevo-monarca-del-futbol-ecuatoriano\/","title":{"rendered":"Delf\u00edn es el nuevo monarca del f\u00fatbol ecuatoriano"},"content":{"rendered":"<p>Hab\u00edan fallado tantos penales que a Pedro Ortiz se le fueron las cuentas. Cuando estir\u00f3 su figura atl\u00e9tica, vestido de verde, el golero que hasta hace tres a\u00f1os se ganaba la vida en equipos de segundo orden, como el Gualaceo, cerr\u00f3 el pu\u00f1o e hizo un moderado festejo.<\/p>\n<div id=\"attachment_254881\" style=\"width: 622px\" class=\"wp-caption aligncenter\"><img aria-describedby=\"caption-attachment-254881\" loading=\"lazy\" class=\"size-full wp-image-254881\" src=\"https:\/\/www.ecuadortimes.net\/es\/wp-content\/uploads\/2019\/12\/ecuador-news-delfin-new-king-ecuadorian-soccer.jpeg\" alt=\"\" width=\"612\" height=\"340\" \/><p id=\"caption-attachment-254881\" class=\"wp-caption-text\">Delf\u00edn es el nuevo monarca del f\u00fatbol ecuatoriano<\/p><\/div>\n<p>Pero cuando vio que el \u00e1rbitro Roberto S\u00e1nchez decret\u00f3 el final del juego, Ortiz empez\u00f3 una carrera enloquecida que termin\u00f3 en la zona t\u00e9cnica. Lo segu\u00edan sus compa\u00f1eros para abrazarlo, para taclearlo, para mostrarle su agradecimiento.<\/p>\n<p>Ortiz ataj\u00f3 el quinto lanzamiento de Liga de Quito, el d\u00e9cimo de la serie. Delf\u00edn venci\u00f3 por 2-1, en una tanda de penales llena de errores, pero repleta de emociones. El cuadro cet\u00e1ceo hace historia. Se sienta a la mesa grande del f\u00fatbol ecuatoriano.<\/p>\n<p>Es el tercer equipo por fuera de Pichincha y Guayas que logra conquistar una corona nacional, detr\u00e1s de Olmedo en el 2000 y de Deportivo Cuenca en el 2004. En la tercera final de su historia, luego de caer en el torneo ecuatoriano en el 2017 y en la Copa Ecuador, de noviembre pasado, el equipo de Fabi\u00e1n Bustos logra coronar lo hasta hace poco impensado: ser el monarca nacional.<\/p>\n<p>La gesta de Ortiz y sus compa\u00f1eros marca un hito en la historia del f\u00fatbol ecuatoriano. En la definici\u00f3n, los seguidores desempolvaron el grito del \u2018s\u00ed se puede\u2019 para arengar a los suyos. Hubo momentos en que la fe se quebrantaba, como cuando Bruno Pi\u00f1atares -coraz\u00f3n del equipo- fall\u00f3 su lanzamiento o cuando Carlos Garc\u00e9s, el capit\u00e1n, avis\u00f3 su tiro y permiti\u00f3 el lucimiento de Adri\u00e1n Gabbarini.<\/p>\n<p>Pero la haza\u00f1a ten\u00eda que concretarse. Delf\u00edn fall\u00f3 sus lanzamientos, pero los jugadores de Liga estuvieron fatales en el momento de acertarle al arco.<\/p>\n<p>El sorteo les benefici\u00f3, pues los tiros se ejecutaron en el arco detr\u00e1s del cual se encontraban los hinchas albos. Pero a Liga le fall\u00f3 la punter\u00eda.<\/p>\n<p>Solo el joven Jordy Alc\u00edvar acert\u00f3 su tiro. Fallaron Antonio Valencia, Luis Caicedo, Jos\u00e9 Ayov\u00ed y Cristian Mart\u00ednez. Demasiados errores para intentar ser campe\u00f3n. El partido tuvo que dirimirse en penales, tras una serie plagada de c\u00e1lculos y en donde ning\u00fan equipo vio luz verde en la porter\u00eda.<\/p>\n<p>Dos 0-0 en los duelos de ida y vuelta dieron cuenta de una serie cerrada, angustiosa, m\u00e1s emotiva que bien jugada.<\/p>\n<p>Al final, Manab\u00ed celebra su ascensi\u00f3n a la gloria. Lo hizo de la mano de sus brav\u00edos jugadores, de su t\u00e9cnico Bustos, un se\u00f1or estratega, y de su dirigente Jos\u00e9 Delgado, citado en las canciones deportivas del equipo, en las vallas publicitarias y por los artistas invitados al show previo al juego.<\/p>\n<p>Delf\u00edn ser\u00e1 Ecuador 1 en la Copa Libertadores. En el subcampe\u00f3n Liga, que acaba de ratificar a Pablo Repetto como entrenador para el pr\u00f3ximo a\u00f1o, hay mucho que reflexionar de cara al futuro. Al equipo le falt\u00f3 car\u00e1cter para someter al rival en los penales.<\/p>\n<p><a href=\"https:\/\/www.elcomercio.com\/deportes\/delfin-monarca-futbol-ecuatoriano-liga.html\">https:\/\/www.elcomercio.com\/deportes\/delfin-monarca-futbol-ecuatoriano-liga.html<\/a><\/p>\n","protected":false},"excerpt":{"rendered":"<p>Hab\u00edan fallado tantos penales que a Pedro Ortiz se le fueron las cuentas. Cuando estir\u00f3 su figura atl\u00e9tica, vestido de verde, el golero que hasta hace tres a\u00f1os se ganaba la vida en equipos de segundo orden, como el Gualaceo, cerr\u00f3 el pu\u00f1o e hizo un moderado festejo. Pero cuando vio que el \u00e1rbitro Roberto S\u00e1nchez decret\u00f3 el final del juego, Ortiz empez\u00f3 una carrera enloquecida que termin\u00f3 en la zona t\u00e9cnica. Lo segu\u00edan sus compa\u00f1eros para abrazarlo, para taclearlo, para mostrarle su agradecimiento. Ortiz ataj\u00f3 el quinto lanzamiento de Liga de Quito, el d\u00e9cimo de la serie. Delf\u00edn venci\u00f3 por 2-1, en una tanda de penales llena de errores, pero repleta de emociones. El cuadro cet\u00e1ceo hace historia. Se sienta a la mesa grande del f\u00fatbol ecuatoriano. Es el tercer equipo por fuera de Pichincha y Guayas que logra conquistar una corona nacional, detr\u00e1s de Olmedo en el 2000 y de Deportivo Cuenca en el 2004. En la tercera final de su historia, luego de caer en el torneo ecuatoriano en el 2017 y en la Copa Ecuador, de noviembre pasado, el equipo de Fabi\u00e1n Bustos logra coronar lo hasta hace poco impensado: ser el monarca nacional. La gesta de Ortiz y sus compa\u00f1eros marca un hito en la historia del f\u00fatbol ecuatoriano. En la definici\u00f3n, los seguidores desempolvaron el grito del \u2018s\u00ed se puede\u2019 para arengar a los suyos. Hubo momentos en que la fe se quebrantaba, como cuando Bruno Pi\u00f1atares -coraz\u00f3n del equipo- fall\u00f3 su lanzamiento o cuando Carlos Garc\u00e9s, el capit\u00e1n, avis\u00f3 su tiro y permiti\u00f3 el lucimiento de Adri\u00e1n Gabbarini. Pero la haza\u00f1a ten\u00eda que concretarse. Delf\u00edn fall\u00f3 sus lanzamientos, pero los jugadores de Liga estuvieron fatales en el momento de acertarle al arco. El sorteo les benefici\u00f3, pues los tiros se ejecutaron en el arco detr\u00e1s del cual se encontraban los hinchas albos. Pero a Liga le fall\u00f3 la punter\u00eda. Solo el joven Jordy Alc\u00edvar acert\u00f3 su tiro. Fallaron Antonio Valencia, Luis Caicedo, Jos\u00e9 Ayov\u00ed y Cristian Mart\u00ednez. Demasiados errores para intentar ser campe\u00f3n. El partido tuvo que dirimirse en penales, tras una serie plagada de c\u00e1lculos y en donde ning\u00fan equipo vio luz verde en la porter\u00eda. Dos 0-0 en los duelos de ida y vuelta dieron cuenta de una serie cerrada, angustiosa, m\u00e1s emotiva que bien jugada. Al final, Manab\u00ed celebra su ascensi\u00f3n a la gloria. Lo hizo de la mano de sus brav\u00edos jugadores, de su t\u00e9cnico Bustos, un se\u00f1or estratega, y de su dirigente Jos\u00e9 Delgado, citado en las canciones deportivas del equipo, en las vallas publicitarias y por los artistas invitados al show previo al juego. Delf\u00edn ser\u00e1 Ecuador 1 en la Copa Libertadores. En el subcampe\u00f3n Liga, que acaba de ratificar a Pablo Repetto como entrenador para el pr\u00f3ximo a\u00f1o, hay mucho que reflexionar de cara al futuro. Al equipo le falt\u00f3 car\u00e1cter para someter al rival en los penales. https:\/\/www.elcomercio.com\/deportes\/delfin-monarca-futbol-ecuatoriano-liga.html<\/p>\n","protected":false},"author":1,"featured_media":254881,"comment_status":"closed","ping_status":"closed","sticky":false,"template":"","format":"standard","meta":[],"categories":[38,24],"tags":[],"_links":{"self":[{"href":"https:\/\/www.ecuadortimes.net\/es\/wp-json\/wp\/v2\/posts\/254880"}],"collection":[{"href":"https:\/\/www.ecuadortimes.net\/es\/wp-json\/wp\/v2\/posts"}],"about":[{"href":"https:\/\/www.ecuadortimes.net\/es\/wp-json\/wp\/v2\/types\/post"}],"author":[{"embeddable":true,"href":"https:\/\/www.ecuadortimes.net\/es\/wp-json\/wp\/v2\/users\/1"}],"replies":[{"embeddable":true,"href":"https:\/\/www.ecuadortimes.net\/es\/wp-json\/wp\/v2\/comments?post=254880"}],"version-history":[{"count":1,"href":"https:\/\/www.ecuadortimes.net\/es\/wp-json\/wp\/v2\/posts\/254880\/revisions"}],"predecessor-version":[{"id":254882,"href":"https:\/\/www.ecuadortimes.net\/es\/wp-json\/wp\/v2\/posts\/254880\/revisions\/254882"}],"wp:featuredmedia":[{"embeddable":true,"href":"https:\/\/www.ecuadortimes.net\/es\/wp-json\/wp\/v2\/media\/254881"}],"wp:attachment":[{"href":"https:\/\/www.ecuadortimes.net\/es\/wp-json\/wp\/v2\/media?parent=254880"}],"wp:term":[{"taxonomy":"category","embeddable":true,"href":"https:\/\/www.ecuadortimes.net\/es\/wp-json\/wp\/v2\/categories?post=254880"},{"taxonomy":"post_tag","embeddable":true,"href":"https:\/\/www.ecuadortimes.net\/es\/wp-json\/wp\/v2\/tags?post=254880"}],"curies":[{"name":"wp","href":"https:\/\/api.w.org\/{rel}","templated":true}]}}