{"id":254889,"date":"2019-12-17T22:48:27","date_gmt":"2019-12-17T22:48:27","guid":{"rendered":"https:\/\/www.ecuadortimes.net\/es\/?p=254889"},"modified":"2019-12-17T22:48:27","modified_gmt":"2019-12-17T22:48:27","slug":"38-monigotes-estrenan-la-ruta-de-los-gigantes-2019","status":"publish","type":"post","link":"https:\/\/www.ecuadortimes.net\/es\/38-monigotes-estrenan-la-ruta-de-los-gigantes-2019\/","title":{"rendered":"38 monigotes estrenan la Ruta de los Gigantes 2019"},"content":{"rendered":"<p>A partir del 26 de diciembre pr\u00f3ximo, en 23 calles del suroeste de Guayaquil se exhibir\u00e1n los 38 monigotes de entre 3 y 10 metros de altura, que este a\u00f1o forman parte de la Ruta de los Gigantes 2019.<\/p>\n<div id=\"attachment_254890\" style=\"width: 710px\" class=\"wp-caption aligncenter\"><img aria-describedby=\"caption-attachment-254890\" loading=\"lazy\" class=\"size-full wp-image-254890\" src=\"https:\/\/www.ecuadortimes.net\/es\/wp-content\/uploads\/2019\/12\/ecuador-news-premiere-giant-route-guayaquil-2019.jpeg\" alt=\"\" width=\"700\" height=\"402\" \/><p id=\"caption-attachment-254890\" class=\"wp-caption-text\">38 monigotes estrenan la Ruta de los Gigantes 2019<\/p><\/div>\n<p>Hoy fue el lanzamiento oficial. Y durante la actividad, que se realiza por quinto a\u00f1o consecutivo, los artesanos, quienes estuvieron presentes en el Municipio de Guayaquil, donde se desarroll\u00f3 el acto, dieron detalles de las creaciones que han realizado y est\u00e1n distribuidas en tres parroquias de la ciudad.<\/p>\n<p>Entre ellas, Febres Cordero y Letamendi. La ruta est\u00e1 ubicada, como todos los a\u00f1os, en el sur y suroeste de la ciudad y est\u00e1 comprendida por 2 circuitos. El primero, que recorre las calles Ayacucho, Huancavilca, Capit\u00e1n N\u00e1jera, Medardo \u00c1ngel Silva, Febres Cordero, Pedro Pablo G\u00f3mez, Alcedo, Brasil, G\u00f3mez Rend\u00f3n, San Mart\u00edn, Argentina, Venezuela, Gallegos Larra, Maldonado, Guerrero Valenzuela, Calicuchima, Francisco de Marcos, Leonidas Plaza y Asisclo Garay. Y el segundo, las calles Crist\u00f3bal Col\u00f3n, Francisco Segura y Domingo Savio.<\/p>\n<p>Para Gloria Gallardo, directora de la Empresa P\u00fablica Municipal, entidad que ha incluido esta jornada en su agenda de festividades, la ruta mueve el comercio, la gastronom\u00eda, el entretenimiento y la diversi\u00f3n.<\/p>\n<p>&#8220;A trav\u00e9s de los mu\u00f1ecos, se reactiva todo el sector. Y eso nos permite generar m\u00e1s empleos. Ahora las familias tienen m\u00e1s opciones para disfrutar. Es tan sana y tradicional, da cabida a toda la familia&#8221;, dijo Gallardo, quien asegur\u00f3 -que como las ediciones anteriores- los mu\u00f1ecos no se quemar\u00e1n. Solo ser\u00e1n desmantelados.<\/p>\n<p>Entre las figuras que se exhibir\u00e1n entre el 26 de diciembre y 11 de enero constan, los personajes de Los Locos Adams, Toy Story, Aliens, Frozen, Avengers, King Kong y Mis adorables entrenados; cuyos personajes hechos en papel y cart\u00f3n se exhibieron en la Plaza de la Administraci\u00f3n para que los transe\u00fantes tengan una idea de lo que ver\u00e1n dentro de los pr\u00f3ximos d\u00edas.<\/p>\n<p>Para este a\u00f1o, el trabajo de los artesanos ser\u00e1 reconocido con $9.000 , que se distribuir\u00e1n de la siguiente manera: $ 4.000 para el mejor trabajo, seguido de $ 2.500 para el segundo lugar, $ 1.500 para el tercero y dos menciones de honor de $ 500 cada una.<\/p>\n<p><a href=\"https:\/\/www.expreso.ec\/guayaquil\/38-monigotes-estrenan-ruta-gigantes-2019-1496.html\">https:\/\/www.expreso.ec\/guayaquil\/38-monigotes-estrenan-ruta-gigantes-2019-1496.html<\/a><\/p>\n","protected":false},"excerpt":{"rendered":"<p>A partir del 26 de diciembre pr\u00f3ximo, en 23 calles del suroeste de Guayaquil se exhibir\u00e1n los 38 monigotes de entre 3 y 10 metros de altura, que este a\u00f1o forman parte de la Ruta de los Gigantes 2019. Hoy fue el lanzamiento oficial. Y durante la actividad, que se realiza por quinto a\u00f1o consecutivo, los artesanos, quienes estuvieron presentes en el Municipio de Guayaquil, donde se desarroll\u00f3 el acto, dieron detalles de las creaciones que han realizado y est\u00e1n distribuidas en tres parroquias de la ciudad. Entre ellas, Febres Cordero y Letamendi. La ruta est\u00e1 ubicada, como todos los a\u00f1os, en el sur y suroeste de la ciudad y est\u00e1 comprendida por 2 circuitos. El primero, que recorre las calles Ayacucho, Huancavilca, Capit\u00e1n N\u00e1jera, Medardo \u00c1ngel Silva, Febres Cordero, Pedro Pablo G\u00f3mez, Alcedo, Brasil, G\u00f3mez Rend\u00f3n, San Mart\u00edn, Argentina, Venezuela, Gallegos Larra, Maldonado, Guerrero Valenzuela, Calicuchima, Francisco de Marcos, Leonidas Plaza y Asisclo Garay. Y el segundo, las calles Crist\u00f3bal Col\u00f3n, Francisco Segura y Domingo Savio. Para Gloria Gallardo, directora de la Empresa P\u00fablica Municipal, entidad que ha incluido esta jornada en su agenda de festividades, la ruta mueve el comercio, la gastronom\u00eda, el entretenimiento y la diversi\u00f3n. &#8220;A trav\u00e9s de los mu\u00f1ecos, se reactiva todo el sector. Y eso nos permite generar m\u00e1s empleos. Ahora las familias tienen m\u00e1s opciones para disfrutar. Es tan sana y tradicional, da cabida a toda la familia&#8221;, dijo Gallardo, quien asegur\u00f3 -que como las ediciones anteriores- los mu\u00f1ecos no se quemar\u00e1n. Solo ser\u00e1n desmantelados. Entre las figuras que se exhibir\u00e1n entre el 26 de diciembre y 11 de enero constan, los personajes de Los Locos Adams, Toy Story, Aliens, Frozen, Avengers, King Kong y Mis adorables entrenados; cuyos personajes hechos en papel y cart\u00f3n se exhibieron en la Plaza de la Administraci\u00f3n para que los transe\u00fantes tengan una idea de lo que ver\u00e1n dentro de los pr\u00f3ximos d\u00edas. Para este a\u00f1o, el trabajo de los artesanos ser\u00e1 reconocido con $9.000 , que se distribuir\u00e1n de la siguiente manera: $ 4.000 para el mejor trabajo, seguido de $ 2.500 para el segundo lugar, $ 1.500 para el tercero y dos menciones de honor de $ 500 cada una. https:\/\/www.expreso.ec\/guayaquil\/38-monigotes-estrenan-ruta-gigantes-2019-1496.html<\/p>\n","protected":false},"author":1,"featured_media":254890,"comment_status":"closed","ping_status":"closed","sticky":false,"template":"","format":"standard","meta":[],"categories":[35,24],"tags":[],"_links":{"self":[{"href":"https:\/\/www.ecuadortimes.net\/es\/wp-json\/wp\/v2\/posts\/254889"}],"collection":[{"href":"https:\/\/www.ecuadortimes.net\/es\/wp-json\/wp\/v2\/posts"}],"about":[{"href":"https:\/\/www.ecuadortimes.net\/es\/wp-json\/wp\/v2\/types\/post"}],"author":[{"embeddable":true,"href":"https:\/\/www.ecuadortimes.net\/es\/wp-json\/wp\/v2\/users\/1"}],"replies":[{"embeddable":true,"href":"https:\/\/www.ecuadortimes.net\/es\/wp-json\/wp\/v2\/comments?post=254889"}],"version-history":[{"count":1,"href":"https:\/\/www.ecuadortimes.net\/es\/wp-json\/wp\/v2\/posts\/254889\/revisions"}],"predecessor-version":[{"id":254891,"href":"https:\/\/www.ecuadortimes.net\/es\/wp-json\/wp\/v2\/posts\/254889\/revisions\/254891"}],"wp:featuredmedia":[{"embeddable":true,"href":"https:\/\/www.ecuadortimes.net\/es\/wp-json\/wp\/v2\/media\/254890"}],"wp:attachment":[{"href":"https:\/\/www.ecuadortimes.net\/es\/wp-json\/wp\/v2\/media?parent=254889"}],"wp:term":[{"taxonomy":"category","embeddable":true,"href":"https:\/\/www.ecuadortimes.net\/es\/wp-json\/wp\/v2\/categories?post=254889"},{"taxonomy":"post_tag","embeddable":true,"href":"https:\/\/www.ecuadortimes.net\/es\/wp-json\/wp\/v2\/tags?post=254889"}],"curies":[{"name":"wp","href":"https:\/\/api.w.org\/{rel}","templated":true}]}}