{"id":254892,"date":"2019-12-17T22:55:48","date_gmt":"2019-12-17T22:55:48","guid":{"rendered":"https:\/\/www.ecuadortimes.net\/es\/?p=254892"},"modified":"2019-12-17T22:55:48","modified_gmt":"2019-12-17T22:55:48","slug":"galapagos-se-libera-de-9-600-neumaticos-usados","status":"publish","type":"post","link":"https:\/\/www.ecuadortimes.net\/es\/galapagos-se-libera-de-9-600-neumaticos-usados\/","title":{"rendered":"Gal\u00e1pagos se libera de 9.600 neum\u00e1ticos usados"},"content":{"rendered":"<p>La iniciativa &#8220;Gal\u00e1pagos libre de neum\u00e1ticos usados&#8221; permiti\u00f3 que este lunes 16 de diciembre de 2019 fueran sacados 9.600 de estos elementos de ese territorio insular ecuatoriano.<\/p>\n<div id=\"attachment_254893\" style=\"width: 1210px\" class=\"wp-caption aligncenter\"><img aria-describedby=\"caption-attachment-254893\" loading=\"lazy\" class=\"size-full wp-image-254893\" src=\"https:\/\/www.ecuadortimes.net\/es\/wp-content\/uploads\/2019\/12\/galapagos-free-themselves-from-9600-car-wheels.jpg\" alt=\"\" width=\"1200\" height=\"566\" \/><p id=\"caption-attachment-254893\" class=\"wp-caption-text\">Gal\u00e1pagos se libera de 9.600 neum\u00e1ticos usados<\/p><\/div>\n<p>El Ministerio de Ambiente (MAE) inform\u00f3 que 7.000 llantas fueron extra\u00eddas de la Isla San Crist\u00f3bal y otras 2.600 de Santa Cruz para que sean reciclados en el continente. Este es un nuevo impulso a la conservaci\u00f3n de ese ecosistema ultramarino, considerado Patrimonio Natural de la Humanidad desde 1979.<\/p>\n<p>Ello fue posible gracias a un convenio marco entre el MAE y la empresa Seginus para fortalecer la gesti\u00f3n integral de residuos s\u00f3lidos en el pa\u00eds. Estos neum\u00e1ticos ser\u00e1n entregados a gestores ambientales calificados a fin de que tengan otra utilidad, con lo cual el pa\u00eds se inserta en la denominada econom\u00eda circular.<\/p>\n<p>El MAE indica que la acumulaci\u00f3n de estos elementos en sitios de disposici\u00f3n final de manera inadecuada puede causar serios da\u00f1os y efectos nocivos al ambiente y a la salud p\u00fablica.<\/p>\n<p>Por otra parte, se\u00f1ala, el desconocimiento sobre la gesti\u00f3n integral de los neum\u00e1ticos usados y la falta de conciencia ambiental ciudadana, ha provocado un limitado o nulo aprovechamiento de este tipo de residuos. El objetivo es que sean eliminados todos los neum\u00e1ticos usados de Gal\u00e1pagos, tanto de los sitios de disposici\u00f3n final como de puntos de servicio como lubricadoras, reencauchadoras, vulcanizadoras, etc.<\/p>\n<p>El MAE precis\u00f3 que en enero del 2020 ser\u00e1n retirados otros 5.000 de la Isla Santa Cruz. En San Crist\u00f3bal y Santa Cruz se reportan 15.000 neum\u00e1ticos fuera de uso en sitios de disposici\u00f3n final no adecuados.<\/p>\n<p><a href=\"https:\/\/www.eltelegrafo.com.ec\/noticias\/sociedad\/6\/galapagos-neumaticos-usados\">https:\/\/www.eltelegrafo.com.ec\/noticias\/sociedad\/6\/galapagos-neumaticos-usados<\/a><\/p>\n","protected":false},"excerpt":{"rendered":"<p>La iniciativa &#8220;Gal\u00e1pagos libre de neum\u00e1ticos usados&#8221; permiti\u00f3 que este lunes 16 de diciembre de 2019 fueran sacados 9.600 de estos elementos de ese territorio insular ecuatoriano. El Ministerio de Ambiente (MAE) inform\u00f3 que 7.000 llantas fueron extra\u00eddas de la Isla San Crist\u00f3bal y otras 2.600 de Santa Cruz para que sean reciclados en el continente. Este es un nuevo impulso a la conservaci\u00f3n de ese ecosistema ultramarino, considerado Patrimonio Natural de la Humanidad desde 1979. Ello fue posible gracias a un convenio marco entre el MAE y la empresa Seginus para fortalecer la gesti\u00f3n integral de residuos s\u00f3lidos en el pa\u00eds. Estos neum\u00e1ticos ser\u00e1n entregados a gestores ambientales calificados a fin de que tengan otra utilidad, con lo cual el pa\u00eds se inserta en la denominada econom\u00eda circular. El MAE indica que la acumulaci\u00f3n de estos elementos en sitios de disposici\u00f3n final de manera inadecuada puede causar serios da\u00f1os y efectos nocivos al ambiente y a la salud p\u00fablica. Por otra parte, se\u00f1ala, el desconocimiento sobre la gesti\u00f3n integral de los neum\u00e1ticos usados y la falta de conciencia ambiental ciudadana, ha provocado un limitado o nulo aprovechamiento de este tipo de residuos. El objetivo es que sean eliminados todos los neum\u00e1ticos usados de Gal\u00e1pagos, tanto de los sitios de disposici\u00f3n final como de puntos de servicio como lubricadoras, reencauchadoras, vulcanizadoras, etc. El MAE precis\u00f3 que en enero del 2020 ser\u00e1n retirados otros 5.000 de la Isla Santa Cruz. En San Crist\u00f3bal y Santa Cruz se reportan 15.000 neum\u00e1ticos fuera de uso en sitios de disposici\u00f3n final no adecuados. https:\/\/www.eltelegrafo.com.ec\/noticias\/sociedad\/6\/galapagos-neumaticos-usados<\/p>\n","protected":false},"author":1,"featured_media":254893,"comment_status":"closed","ping_status":"closed","sticky":false,"template":"","format":"standard","meta":[],"categories":[35,24],"tags":[],"_links":{"self":[{"href":"https:\/\/www.ecuadortimes.net\/es\/wp-json\/wp\/v2\/posts\/254892"}],"collection":[{"href":"https:\/\/www.ecuadortimes.net\/es\/wp-json\/wp\/v2\/posts"}],"about":[{"href":"https:\/\/www.ecuadortimes.net\/es\/wp-json\/wp\/v2\/types\/post"}],"author":[{"embeddable":true,"href":"https:\/\/www.ecuadortimes.net\/es\/wp-json\/wp\/v2\/users\/1"}],"replies":[{"embeddable":true,"href":"https:\/\/www.ecuadortimes.net\/es\/wp-json\/wp\/v2\/comments?post=254892"}],"version-history":[{"count":1,"href":"https:\/\/www.ecuadortimes.net\/es\/wp-json\/wp\/v2\/posts\/254892\/revisions"}],"predecessor-version":[{"id":254894,"href":"https:\/\/www.ecuadortimes.net\/es\/wp-json\/wp\/v2\/posts\/254892\/revisions\/254894"}],"wp:featuredmedia":[{"embeddable":true,"href":"https:\/\/www.ecuadortimes.net\/es\/wp-json\/wp\/v2\/media\/254893"}],"wp:attachment":[{"href":"https:\/\/www.ecuadortimes.net\/es\/wp-json\/wp\/v2\/media?parent=254892"}],"wp:term":[{"taxonomy":"category","embeddable":true,"href":"https:\/\/www.ecuadortimes.net\/es\/wp-json\/wp\/v2\/categories?post=254892"},{"taxonomy":"post_tag","embeddable":true,"href":"https:\/\/www.ecuadortimes.net\/es\/wp-json\/wp\/v2\/tags?post=254892"}],"curies":[{"name":"wp","href":"https:\/\/api.w.org\/{rel}","templated":true}]}}