{"id":254895,"date":"2019-12-18T18:39:34","date_gmt":"2019-12-18T18:39:34","guid":{"rendered":"https:\/\/www.ecuadortimes.net\/es\/?p=254895"},"modified":"2019-12-18T18:39:34","modified_gmt":"2019-12-18T18:39:34","slug":"llegan-a-ecuador-los-restos-de-douglas-rodriguez-victima-de-tiroteo-en-new-jersey","status":"publish","type":"post","link":"https:\/\/www.ecuadortimes.net\/es\/llegan-a-ecuador-los-restos-de-douglas-rodriguez-victima-de-tiroteo-en-new-jersey\/","title":{"rendered":"Llegan a Ecuador los restos de Douglas Rodr\u00edguez, v\u00edctima de tiroteo en New Jersey"},"content":{"rendered":"<p>Familiares del guayaquile\u00f1o Douglas Miguel Rodr\u00edguez Bastidas se dieron cita la tarde de este martes en el aeropuerto Jos\u00e9 Joaqu\u00edn de Olmedo, de Guayaquil, para recibir su cuerpo.<\/p>\n<div id=\"attachment_254896\" style=\"width: 1290px\" class=\"wp-caption aligncenter\"><img aria-describedby=\"caption-attachment-254896\" loading=\"lazy\" class=\"size-full wp-image-254896\" src=\"https:\/\/www.ecuadortimes.net\/es\/wp-content\/uploads\/2019\/12\/ecuador-news-body-of-douglas-rodriguez-from-new-jersey-arrived-to-ecuador-guayaquil.jpg\" alt=\"\" width=\"1280\" height=\"853\" \/><p id=\"caption-attachment-254896\" class=\"wp-caption-text\">Llegan a Ecuador los restos de Douglas Rodr\u00edguez, v\u00edctima de tiroteo en New Jersey<\/p><\/div>\n<p>Rodr\u00edguez, que resid\u00eda en New Jersey, Estados Unidos, muri\u00f3 el pasado martes 10 en un tiroteo en un almac\u00e9n kosher de esa localidad, sitio en el que laboraba cuando dos personas incursionaron en el mismo.<\/p>\n<p>El cuerpo de Rodr\u00edguez lleg\u00f3 a las 15:40 en un vuelo de Avianca. Al descender del avi\u00f3n recibi\u00f3 un homenaje p\u00f3stumo a cargo de miembros de la Polic\u00eda Nacional. Tras esto su cuerpo fue trasladado hasta la Sala de Velaci\u00f3n #2 de la Junta de Beneficencia, en el cementerio general.<\/p>\n<p>Mirella Arcos, familiar del occiso, indic\u00f3 que, seg\u00fan versiones de los testigos, Rodr\u00edguez habr\u00eda salvado a varios ni\u00f1os jud\u00edos que se encontraban en la tienda, antes de ser herido por dos sujetos.<\/p>\n<p>Se prev\u00e9 que se realice un servicio religioso este mismo martes a las 21:00 y a las 14:00 del mi\u00e9rcoles donde recibir\u00e1 el reconocimiento por parte de las autoridades. Su sepelio ser\u00e1 a las 17:00 de ma\u00f1ana.<\/p>\n<p>La comunidad de Jersey City (Nueva Jersey, Estados Unidos) est\u00e1 agradecida por la actitud heroica de Rodr\u00edguez. Dentro de la tienda de comestibles kosher tambi\u00e9n fueron asesinados el cliente Moshe Deutsch (24 a\u00f1os) y la esposa del due\u00f1o del establecimiento, Mindel Ferencz (32). El detective Joseph Seals (40) fue asesinado primero por los mismos atacantes en un cementerio cercano.<\/p>\n<p>Los dos atacantes tambi\u00e9n resultaron neutralizados.<\/p>\n<p><a href=\"https:\/\/www.eluniverso.com\/guayaquil\/2019\/12\/17\/nota\/7654944\/douglas-rodriguez-migrante-ecuador-ataque-almacen#cxrecs_s\">https:\/\/www.eluniverso.com\/guayaquil\/2019\/12\/17\/nota\/7654944\/douglas-rodriguez-migrante-ecuador-ataque-almacen#cxrecs_s<\/a><\/p>\n","protected":false},"excerpt":{"rendered":"<p>Familiares del guayaquile\u00f1o Douglas Miguel Rodr\u00edguez Bastidas se dieron cita la tarde de este martes en el aeropuerto Jos\u00e9 Joaqu\u00edn de Olmedo, de Guayaquil, para recibir su cuerpo. Rodr\u00edguez, que resid\u00eda en New Jersey, Estados Unidos, muri\u00f3 el pasado martes 10 en un tiroteo en un almac\u00e9n kosher de esa localidad, sitio en el que laboraba cuando dos personas incursionaron en el mismo. El cuerpo de Rodr\u00edguez lleg\u00f3 a las 15:40 en un vuelo de Avianca. Al descender del avi\u00f3n recibi\u00f3 un homenaje p\u00f3stumo a cargo de miembros de la Polic\u00eda Nacional. Tras esto su cuerpo fue trasladado hasta la Sala de Velaci\u00f3n #2 de la Junta de Beneficencia, en el cementerio general. Mirella Arcos, familiar del occiso, indic\u00f3 que, seg\u00fan versiones de los testigos, Rodr\u00edguez habr\u00eda salvado a varios ni\u00f1os jud\u00edos que se encontraban en la tienda, antes de ser herido por dos sujetos. Se prev\u00e9 que se realice un servicio religioso este mismo martes a las 21:00 y a las 14:00 del mi\u00e9rcoles donde recibir\u00e1 el reconocimiento por parte de las autoridades. Su sepelio ser\u00e1 a las 17:00 de ma\u00f1ana. La comunidad de Jersey City (Nueva Jersey, Estados Unidos) est\u00e1 agradecida por la actitud heroica de Rodr\u00edguez. Dentro de la tienda de comestibles kosher tambi\u00e9n fueron asesinados el cliente Moshe Deutsch (24 a\u00f1os) y la esposa del due\u00f1o del establecimiento, Mindel Ferencz (32). El detective Joseph Seals (40) fue asesinado primero por los mismos atacantes en un cementerio cercano. Los dos atacantes tambi\u00e9n resultaron neutralizados. https:\/\/www.eluniverso.com\/guayaquil\/2019\/12\/17\/nota\/7654944\/douglas-rodriguez-migrante-ecuador-ataque-almacen#cxrecs_s<\/p>\n","protected":false},"author":1,"featured_media":254896,"comment_status":"closed","ping_status":"closed","sticky":false,"template":"","format":"standard","meta":[],"categories":[35,23],"tags":[],"_links":{"self":[{"href":"https:\/\/www.ecuadortimes.net\/es\/wp-json\/wp\/v2\/posts\/254895"}],"collection":[{"href":"https:\/\/www.ecuadortimes.net\/es\/wp-json\/wp\/v2\/posts"}],"about":[{"href":"https:\/\/www.ecuadortimes.net\/es\/wp-json\/wp\/v2\/types\/post"}],"author":[{"embeddable":true,"href":"https:\/\/www.ecuadortimes.net\/es\/wp-json\/wp\/v2\/users\/1"}],"replies":[{"embeddable":true,"href":"https:\/\/www.ecuadortimes.net\/es\/wp-json\/wp\/v2\/comments?post=254895"}],"version-history":[{"count":1,"href":"https:\/\/www.ecuadortimes.net\/es\/wp-json\/wp\/v2\/posts\/254895\/revisions"}],"predecessor-version":[{"id":254897,"href":"https:\/\/www.ecuadortimes.net\/es\/wp-json\/wp\/v2\/posts\/254895\/revisions\/254897"}],"wp:featuredmedia":[{"embeddable":true,"href":"https:\/\/www.ecuadortimes.net\/es\/wp-json\/wp\/v2\/media\/254896"}],"wp:attachment":[{"href":"https:\/\/www.ecuadortimes.net\/es\/wp-json\/wp\/v2\/media?parent=254895"}],"wp:term":[{"taxonomy":"category","embeddable":true,"href":"https:\/\/www.ecuadortimes.net\/es\/wp-json\/wp\/v2\/categories?post=254895"},{"taxonomy":"post_tag","embeddable":true,"href":"https:\/\/www.ecuadortimes.net\/es\/wp-json\/wp\/v2\/tags?post=254895"}],"curies":[{"name":"wp","href":"https:\/\/api.w.org\/{rel}","templated":true}]}}