{"id":257559,"date":"2020-11-23T16:03:16","date_gmt":"2020-11-23T16:03:16","guid":{"rendered":"https:\/\/www.ecuadortimes.net\/es\/?p=257559"},"modified":"2020-11-23T16:03:16","modified_gmt":"2020-11-23T16:03:16","slug":"tce-remite-causa-de-justicia-social-para-que-juez-electoral-ejecute-sentencia-de-reparacion-para-candidaturas-entre-ellas-la-de-alvaro-noboa","status":"publish","type":"post","link":"https:\/\/www.ecuadortimes.net\/es\/tce-remite-causa-de-justicia-social-para-que-juez-electoral-ejecute-sentencia-de-reparacion-para-candidaturas-entre-ellas-la-de-alvaro-noboa\/","title":{"rendered":"TCE remite causa de Justicia Social para que juez electoral ejecute sentencia de reparaci\u00f3n para candidaturas, entre ellas la de \u00c1lvaro Noboa"},"content":{"rendered":"<p>El Tribunal Contencioso Electoral (TCE) remiti\u00f3 el expediente \u00edntegro de la causa relacionada al Movimiento Justicia Social al juez de primera instancia de la presente causa, Arturo Cabrera, &#8220;para que tramite la ejecuci\u00f3n de la sentencia dictada por el Pleno del Tribunal Contencioso Electoral, el 30 de octubre pasado&#8221;.<\/p>\n<div id=\"attachment_257560\" style=\"width: 1290px\" class=\"wp-caption alignnone\"><img aria-describedby=\"caption-attachment-257560\" loading=\"lazy\" class=\"size-full wp-image-257560\" src=\"https:\/\/www.ecuadortimes.net\/es\/wp-content\/uploads\/2020\/11\/ecuador-times-ecuador-news-tce-sends-cause-justicia-social-electoral-judge-execute-sentence-reparation-candidacy-alvaro-noboa.jpg\" alt=\"\" width=\"1280\" height=\"565\" \/><p id=\"caption-attachment-257560\" class=\"wp-caption-text\">TCE remite causa de Justicia Social para que juez electoral ejecute sentencia de reparaci\u00f3n para candidaturas, entre ellas la de \u00c1lvaro Noboa<\/p><\/div>\n<p>Al medio d\u00eda del 30 de octubre pasado, el Pleno del TCE resolvi\u00f3 tres puntos: negar el recurso de apelaci\u00f3n presentado por Diana Atamaint, presidenta del Consejo Nacional Electoral (CNE), contra la sentencia dictada el 6 de octubre \u00faltimo por el juez Cabrera; y modificar la misma en lo relacionado a dejar sin efecto la Resoluci\u00f3n PLE-CNE-3-16-9-2020, dejando en firme dos resoluciones a trav\u00e9s de las cuales se resolvi\u00f3 otorgar y mantener la personer\u00eda jur\u00eddica y la inscripci\u00f3n del Movimiento Justicia Social, Lista 11, en el Registro Permanente de Organizaciones Pol\u00edticas del CNE.<\/p>\n<p>Como tercer punto, el Pleno del TCE dict\u00f3 varias medidas de reparaci\u00f3n integral. Entre ellas est\u00e1 que el CNE adoptar\u00e1, dentro de los dos d\u00edas siguientes a la ejecutoria de esta sentencia, todas las medidas administrativas pertinentes para que los \u00f3rganos del Movimiento Justicia Social y sus representantes legales a nivel nacional, provincial y circunscripciones del exterior cuenten con el tiempo y los medios adecuados, en igualdad de condiciones que tuvieron las dem\u00e1s organizaciones pol\u00edticas, para realizar los actos de democracia interna, inscripci\u00f3n y calificaci\u00f3n de candidaturas a las dignidades constantes en la Convocatoria a Elecciones Generales de 2021.<\/p>\n<p>Tambi\u00e9n exhort\u00f3 al CNE que incorpore en el Reglamento de Cancelaci\u00f3n, Liquidaci\u00f3n y Extinci\u00f3n de Organizaciones Pol\u00edticas una disposici\u00f3n que fije el tiempo en al menos 90 d\u00edas antes de la convocatoria a elecciones para que la cancelaci\u00f3n o extinci\u00f3n de organizaciones pol\u00edticas sea inscrita en el Registro Permanente de Organizaciones Pol\u00edticas, para que aquellas y los ciudadanos cuenten con informaci\u00f3n y el tiempo oportuno para preparar los procesos de democracia interna y participaci\u00f3n en procesos electorales.<\/p>\n<p>Finalmente el Pleno del TCE orden\u00f3 en su resoluci\u00f3n de finales de octubre pasado que una vez que est\u00e9 ejecutoriada la presente sentencia, el proceso sea archivado.<\/p>\n<p>La notificaci\u00f3n del TCE del 19 de noviembre pasado llega seis d\u00edas despu\u00e9s de que la Secretar\u00eda General de ese organismo recibi\u00f3 un escrito suscrito por el se\u00f1or Jimmi Salazar S\u00e1nchez, director ejecutivo nacional encargado del Movimiento Justicia Social, en el que solicitaba la ejecuci\u00f3n de la sentencia de 30 de octubre de 2020, adoptada por el Pleno del Tribunal Contencioso.<\/p>\n<p>La agrupaci\u00f3n ha anunciado la postulaci\u00f3n de \u00c1lvaro Noboa y Gino Cornejo como binomio presidencial. Adem\u00e1s, est\u00e1 armado las listas de candidatos a la Asamblea Nacional y al Parlamento Andino. (I)<\/p>\n<p><a href=\"https:\/\/www.eluniverso.com\/noticias\/2020\/11\/21\/nota\/8057098\/tce-remite-causa-movimiento-justicia-social-juez-electoral-primera#cxrecs_s\">https:\/\/www.eluniverso.com\/noticias\/2020\/11\/21\/nota\/8057098\/tce-remite-causa-movimiento-justicia-social-juez-electoral-primera#cxrecs_s<\/a><\/p>\n","protected":false},"excerpt":{"rendered":"<p>El Tribunal Contencioso Electoral (TCE) remiti\u00f3 el expediente \u00edntegro de la causa relacionada al Movimiento Justicia Social al juez de primera instancia de la presente causa, Arturo Cabrera, &#8220;para que tramite la ejecuci\u00f3n de la sentencia dictada por el Pleno del Tribunal Contencioso Electoral, el 30 de octubre pasado&#8221;. Al medio d\u00eda del 30 de octubre pasado, el Pleno del TCE resolvi\u00f3 tres puntos: negar el recurso de apelaci\u00f3n presentado por Diana Atamaint, presidenta del Consejo Nacional Electoral (CNE), contra la sentencia dictada el 6 de octubre \u00faltimo por el juez Cabrera; y modificar la misma en lo relacionado a dejar sin efecto la Resoluci\u00f3n PLE-CNE-3-16-9-2020, dejando en firme dos resoluciones a trav\u00e9s de las cuales se resolvi\u00f3 otorgar y mantener la personer\u00eda jur\u00eddica y la inscripci\u00f3n del Movimiento Justicia Social, Lista 11, en el Registro Permanente de Organizaciones Pol\u00edticas del CNE. Como tercer punto, el Pleno del TCE dict\u00f3 varias medidas de reparaci\u00f3n integral. Entre ellas est\u00e1 que el CNE adoptar\u00e1, dentro de los dos d\u00edas siguientes a la ejecutoria de esta sentencia, todas las medidas administrativas pertinentes para que los \u00f3rganos del Movimiento Justicia Social y sus representantes legales a nivel nacional, provincial y circunscripciones del exterior cuenten con el tiempo y los medios adecuados, en igualdad de condiciones que tuvieron las dem\u00e1s organizaciones pol\u00edticas, para realizar los actos de democracia interna, inscripci\u00f3n y calificaci\u00f3n de candidaturas a las dignidades constantes en la Convocatoria a Elecciones Generales de 2021. Tambi\u00e9n exhort\u00f3 al CNE que incorpore en el Reglamento de Cancelaci\u00f3n, Liquidaci\u00f3n y Extinci\u00f3n de Organizaciones Pol\u00edticas una disposici\u00f3n que fije el tiempo en al menos 90 d\u00edas antes de la convocatoria a elecciones para que la cancelaci\u00f3n o extinci\u00f3n de organizaciones pol\u00edticas sea inscrita en el Registro Permanente de Organizaciones Pol\u00edticas, para que aquellas y los ciudadanos cuenten con informaci\u00f3n y el tiempo oportuno para preparar los procesos de democracia interna y participaci\u00f3n en procesos electorales. Finalmente el Pleno del TCE orden\u00f3 en su resoluci\u00f3n de finales de octubre pasado que una vez que est\u00e9 ejecutoriada la presente sentencia, el proceso sea archivado. La notificaci\u00f3n del TCE del 19 de noviembre pasado llega seis d\u00edas despu\u00e9s de que la Secretar\u00eda General de ese organismo recibi\u00f3 un escrito suscrito por el se\u00f1or Jimmi Salazar S\u00e1nchez, director ejecutivo nacional encargado del Movimiento Justicia Social, en el que solicitaba la ejecuci\u00f3n de la sentencia de 30 de octubre de 2020, adoptada por el Pleno del Tribunal Contencioso. La agrupaci\u00f3n ha anunciado la postulaci\u00f3n de \u00c1lvaro Noboa y Gino Cornejo como binomio presidencial. Adem\u00e1s, est\u00e1 armado las listas de candidatos a la Asamblea Nacional y al Parlamento Andino. (I) https:\/\/www.eluniverso.com\/noticias\/2020\/11\/21\/nota\/8057098\/tce-remite-causa-movimiento-justicia-social-juez-electoral-primera#cxrecs_s<\/p>\n","protected":false},"author":1,"featured_media":257560,"comment_status":"closed","ping_status":"closed","sticky":false,"template":"","format":"standard","meta":[],"categories":[40,23],"tags":[],"_links":{"self":[{"href":"https:\/\/www.ecuadortimes.net\/es\/wp-json\/wp\/v2\/posts\/257559"}],"collection":[{"href":"https:\/\/www.ecuadortimes.net\/es\/wp-json\/wp\/v2\/posts"}],"about":[{"href":"https:\/\/www.ecuadortimes.net\/es\/wp-json\/wp\/v2\/types\/post"}],"author":[{"embeddable":true,"href":"https:\/\/www.ecuadortimes.net\/es\/wp-json\/wp\/v2\/users\/1"}],"replies":[{"embeddable":true,"href":"https:\/\/www.ecuadortimes.net\/es\/wp-json\/wp\/v2\/comments?post=257559"}],"version-history":[{"count":1,"href":"https:\/\/www.ecuadortimes.net\/es\/wp-json\/wp\/v2\/posts\/257559\/revisions"}],"predecessor-version":[{"id":257561,"href":"https:\/\/www.ecuadortimes.net\/es\/wp-json\/wp\/v2\/posts\/257559\/revisions\/257561"}],"wp:featuredmedia":[{"embeddable":true,"href":"https:\/\/www.ecuadortimes.net\/es\/wp-json\/wp\/v2\/media\/257560"}],"wp:attachment":[{"href":"https:\/\/www.ecuadortimes.net\/es\/wp-json\/wp\/v2\/media?parent=257559"}],"wp:term":[{"taxonomy":"category","embeddable":true,"href":"https:\/\/www.ecuadortimes.net\/es\/wp-json\/wp\/v2\/categories?post=257559"},{"taxonomy":"post_tag","embeddable":true,"href":"https:\/\/www.ecuadortimes.net\/es\/wp-json\/wp\/v2\/tags?post=257559"}],"curies":[{"name":"wp","href":"https:\/\/api.w.org\/{rel}","templated":true}]}}