{"id":257570,"date":"2020-11-25T11:54:28","date_gmt":"2020-11-25T11:54:28","guid":{"rendered":"https:\/\/www.ecuadortimes.net\/es\/?p=257570"},"modified":"2020-11-25T17:52:27","modified_gmt":"2020-11-25T17:52:27","slug":"partidarios-de-alvaro-noboa-anuncian-acciones-legales-para-que-se-inscriba-su-candidatura","status":"publish","type":"post","link":"https:\/\/www.ecuadortimes.net\/es\/partidarios-de-alvaro-noboa-anuncian-acciones-legales-para-que-se-inscriba-su-candidatura\/","title":{"rendered":"Partidarios de \u00c1lvaro Noboa anuncian acciones legales para que se inscriba su candidatura"},"content":{"rendered":"<div>Sylka S\u00e1nchez,\u00a0exdirectiva del partido pol\u00edtico Adelante Ecuatoriano Adelante y ahora\u00a0vocera de Justicia Social,\u00a0anunci\u00f3 que demandar\u00e1n a cuatro consejeros del\u00a0<strong>Consejo Nacional Electoral<\/strong>\u00a0(CNE) por impedir la inscripci\u00f3n de la\u00a0<strong>candidatura de \u00c1lvaro Noboa\u00a0<\/strong>para las elecciones de febrero de 2021.<\/div>\n<div><\/div>\n<div id=\"attachment_257571\" style=\"width: 778px\" class=\"wp-caption alignnone\"><img aria-describedby=\"caption-attachment-257571\" loading=\"lazy\" class=\"size-full wp-image-257571\" src=\"https:\/\/www.ecuadortimes.net\/es\/wp-content\/uploads\/2020\/11\/ecuador-times-ecuador-news-alvaro-noboa-supporters-announce-legal-actions-to-register-candidacy.jpg\" alt=\"\" width=\"768\" height=\"576\" srcset=\"https:\/\/www.ecuadortimes.net\/es\/wp-content\/uploads\/2020\/11\/ecuador-times-ecuador-news-alvaro-noboa-supporters-announce-legal-actions-to-register-candidacy.jpg 768w, https:\/\/www.ecuadortimes.net\/es\/wp-content\/uploads\/2020\/11\/ecuador-times-ecuador-news-alvaro-noboa-supporters-announce-legal-actions-to-register-candidacy-75x55.jpg 75w\" sizes=\"(max-width: 768px) 100vw, 768px\" \/><p id=\"caption-attachment-257571\" class=\"wp-caption-text\">Partidarios de \u00c1lvaro Noboa anuncian acciones legales para que se inscriba su candidatura<\/p><\/div>\n<div><\/div>\n<div><\/div>\n<div>&#8220;El corrupto CNE dice que la inscripci\u00f3n se hizo fuera de tiempo. Es una mentira, una cortina de humo que pretende poner para no calificar la candidatura de Noboa. Se enga\u00f1a al pa\u00eds, y tratan de demorar la inscripci\u00f3n&#8221;, expres\u00f3 S\u00e1nchez, este lunes 23 de noviembre, en rueda de prensa.<\/div>\n<div><\/div>\n<div>Agreg\u00f3 que, se movilizar\u00e1n a Quito y permanecer\u00e1n ah\u00ed &#8220;hasta que se respete la sentencia del\u00a0Tribunal Contencioso Electoral\u00a0(TCE) y hasta que se califique la candidatura que fue legalmente inscrita&#8221;.<\/div>\n<div><\/div>\n<div>Seg\u00fan indic\u00f3 S\u00e1nchez, tambi\u00e9n presentaron denuncias ante la Organizaci\u00f3n de las Naciones Unidas y ante la Comisi\u00f3n Interamericana de Derechos Humanos<\/div>\n<div><\/div>\n<div>Ayer, el CNE cerr\u00f3 la puerta a Noboa para que participe en las elecciones del 2021. A trav\u00e9s de un comunicado, la autoridad electoral asegur\u00f3 que los procedimientos de inscripci\u00f3n no fueron concluidos &#8216;por responsabilidad de la propia organizaci\u00f3n pol\u00edtica&#8217;, debido a que el grupo no cumpli\u00f3 los plazos electorales para la inscricpci\u00f3n.<\/div>\n<div><\/div>\n<div>Por lo tanto, el CNE se\u00f1ala que la resoluci\u00f3n del TCE, que dispuso la culminaci\u00f3n del proceso, \u2018no cabe para el caso de la candidatura presidencial&#8221;.<\/div>\n<div><\/div>\n<div>Con esta decisi\u00f3n, la posibilidad de que Noboa conste en la papeleta electoral de los comicios de 2021, bajo la bandera de Justicia Social, no existe.<\/div>\n<div><\/div>\n<p><a href=\"https:\/\/www.vistazo.com\/seccion\/politica-nacional\/partidarios-de-alvaro-noboa-anuncian-acciones-legales-para-que-se-inscriba\">https:\/\/www.vistazo.com\/seccion\/politica-nacional\/partidarios-de-alvaro-noboa-anuncian-acciones-legales-para-que-se-inscriba<\/a><\/p>\n<div><\/div>\n","protected":false},"excerpt":{"rendered":"<p>Sylka S\u00e1nchez,\u00a0exdirectiva del partido pol\u00edtico Adelante Ecuatoriano Adelante y ahora\u00a0vocera de Justicia Social,\u00a0anunci\u00f3 que demandar\u00e1n a cuatro consejeros del\u00a0Consejo Nacional Electoral\u00a0(CNE) por impedir la inscripci\u00f3n de la\u00a0candidatura de \u00c1lvaro Noboa\u00a0para las elecciones de febrero de 2021. &#8220;El corrupto CNE dice que la inscripci\u00f3n se hizo fuera de tiempo. Es una mentira, una cortina de humo que pretende poner para no calificar la candidatura de Noboa. Se enga\u00f1a al pa\u00eds, y tratan de demorar la inscripci\u00f3n&#8221;, expres\u00f3 S\u00e1nchez, este lunes 23 de noviembre, en rueda de prensa. Agreg\u00f3 que, se movilizar\u00e1n a Quito y permanecer\u00e1n ah\u00ed &#8220;hasta que se respete la sentencia del\u00a0Tribunal Contencioso Electoral\u00a0(TCE) y hasta que se califique la candidatura que fue legalmente inscrita&#8221;. Seg\u00fan indic\u00f3 S\u00e1nchez, tambi\u00e9n presentaron denuncias ante la Organizaci\u00f3n de las Naciones Unidas y ante la Comisi\u00f3n Interamericana de Derechos Humanos Ayer, el CNE cerr\u00f3 la puerta a Noboa para que participe en las elecciones del 2021. A trav\u00e9s de un comunicado, la autoridad electoral asegur\u00f3 que los procedimientos de inscripci\u00f3n no fueron concluidos &#8216;por responsabilidad de la propia organizaci\u00f3n pol\u00edtica&#8217;, debido a que el grupo no cumpli\u00f3 los plazos electorales para la inscricpci\u00f3n. Por lo tanto, el CNE se\u00f1ala que la resoluci\u00f3n del TCE, que dispuso la culminaci\u00f3n del proceso, \u2018no cabe para el caso de la candidatura presidencial&#8221;. Con esta decisi\u00f3n, la posibilidad de que Noboa conste en la papeleta electoral de los comicios de 2021, bajo la bandera de Justicia Social, no existe. https:\/\/www.vistazo.com\/seccion\/politica-nacional\/partidarios-de-alvaro-noboa-anuncian-acciones-legales-para-que-se-inscriba<\/p>\n","protected":false},"author":1,"featured_media":257571,"comment_status":"closed","ping_status":"closed","sticky":false,"template":"","format":"standard","meta":[],"categories":[40,23],"tags":[],"_links":{"self":[{"href":"https:\/\/www.ecuadortimes.net\/es\/wp-json\/wp\/v2\/posts\/257570"}],"collection":[{"href":"https:\/\/www.ecuadortimes.net\/es\/wp-json\/wp\/v2\/posts"}],"about":[{"href":"https:\/\/www.ecuadortimes.net\/es\/wp-json\/wp\/v2\/types\/post"}],"author":[{"embeddable":true,"href":"https:\/\/www.ecuadortimes.net\/es\/wp-json\/wp\/v2\/users\/1"}],"replies":[{"embeddable":true,"href":"https:\/\/www.ecuadortimes.net\/es\/wp-json\/wp\/v2\/comments?post=257570"}],"version-history":[{"count":1,"href":"https:\/\/www.ecuadortimes.net\/es\/wp-json\/wp\/v2\/posts\/257570\/revisions"}],"predecessor-version":[{"id":257572,"href":"https:\/\/www.ecuadortimes.net\/es\/wp-json\/wp\/v2\/posts\/257570\/revisions\/257572"}],"wp:featuredmedia":[{"embeddable":true,"href":"https:\/\/www.ecuadortimes.net\/es\/wp-json\/wp\/v2\/media\/257571"}],"wp:attachment":[{"href":"https:\/\/www.ecuadortimes.net\/es\/wp-json\/wp\/v2\/media?parent=257570"}],"wp:term":[{"taxonomy":"category","embeddable":true,"href":"https:\/\/www.ecuadortimes.net\/es\/wp-json\/wp\/v2\/categories?post=257570"},{"taxonomy":"post_tag","embeddable":true,"href":"https:\/\/www.ecuadortimes.net\/es\/wp-json\/wp\/v2\/tags?post=257570"}],"curies":[{"name":"wp","href":"https:\/\/api.w.org\/{rel}","templated":true}]}}