{"id":257573,"date":"2020-11-24T19:35:40","date_gmt":"2020-11-24T19:35:40","guid":{"rendered":"https:\/\/www.ecuadortimes.net\/es\/?p=257573"},"modified":"2020-11-24T19:35:40","modified_gmt":"2020-11-24T19:35:40","slug":"sylka-sanchez-anuncia-demanda-a-consejeros-del-cne","status":"publish","type":"post","link":"https:\/\/www.ecuadortimes.net\/es\/sylka-sanchez-anuncia-demanda-a-consejeros-del-cne\/","title":{"rendered":"Sylka S\u00e1nchez anuncia demanda a consejeros del CNE"},"content":{"rendered":"<p>En rueda de prensa, la representante del partido pol\u00edtico Adelante Ecuatoriano Adelante, Sylka S\u00e1nchez, anunci\u00f3 que demandar\u00e1n a cuatro consejeros del Consejo Nacional Electoral por impedir la inscripci\u00f3n de la candidatura de \u00c1lvaro Noboa para las elecciones de febrero de 2021.<\/p>\n<div id=\"attachment_257574\" style=\"width: 1034px\" class=\"wp-caption alignnone\"><img aria-describedby=\"caption-attachment-257574\" loading=\"lazy\" class=\"size-full wp-image-257574\" src=\"https:\/\/www.ecuadortimes.net\/es\/wp-content\/uploads\/2020\/11\/ecuador-times-ecuador-news-sylka-sanchez-announces-demand-cne-council.jpeg\" alt=\"\" width=\"1024\" height=\"682\" \/><p id=\"caption-attachment-257574\" class=\"wp-caption-text\">Sylka S\u00e1nchez anuncia demanda a consejeros del CNE<\/p><\/div>\n<p>&#8220;El CNE est\u00e1 pretendiendo enga\u00f1ar y poner una cortina de humo para demorar la calificaci\u00f3n de la candidatura de \u00c1lvaro Noboa que fue legalmente inscrita el pasado 7 de noviembre&#8221;, expres\u00f3 S\u00e1nchez.\u00a0Agreg\u00f3 que, se movilizar\u00e1n a Quito y permanecer\u00e1n ah\u00ed &#8220;hasta que se respete la sentencia del TCE y hasta que se califique la candidatura que fue legalmente inscrita&#8221;.<\/p>\n<p>Este domingo 22 de noviembre, el Consejo Nacional Electoral cerr\u00f3 la puerta a su participaci\u00f3n en las elecciones del 2021.\u00a0A trav\u00e9s de un comunicado, la autoridad electoral asegura que los procedimientos de inscripci\u00f3n no fueron concluidos &#8216;por responsabilidad de la propia organizaci\u00f3n pol\u00edtica&#8217;.\u00a0Por lo tanto, el CNE se\u00f1ala que la resoluci\u00f3n del Tribunal Contencioso Electoral, que dispuso la culminaci\u00f3n del proceso, \u2018no cabe para el caso de la candidatura presidencial&#8217;.<\/p>\n<p><a href=\"https:\/\/www.ecuavisa.com\/articulo\/noticias\/politica\/665571-sylka-sanchez-anuncia-demanda-consejeros-del-cne\">https:\/\/www.ecuavisa.com\/articulo\/noticias\/politica\/665571-sylka-sanchez-anuncia-demanda-consejeros-del-cne<\/a><\/p>\n","protected":false},"excerpt":{"rendered":"<p>En rueda de prensa, la representante del partido pol\u00edtico Adelante Ecuatoriano Adelante, Sylka S\u00e1nchez, anunci\u00f3 que demandar\u00e1n a cuatro consejeros del Consejo Nacional Electoral por impedir la inscripci\u00f3n de la candidatura de \u00c1lvaro Noboa para las elecciones de febrero de 2021. &#8220;El CNE est\u00e1 pretendiendo enga\u00f1ar y poner una cortina de humo para demorar la calificaci\u00f3n de la candidatura de \u00c1lvaro Noboa que fue legalmente inscrita el pasado 7 de noviembre&#8221;, expres\u00f3 S\u00e1nchez.\u00a0Agreg\u00f3 que, se movilizar\u00e1n a Quito y permanecer\u00e1n ah\u00ed &#8220;hasta que se respete la sentencia del TCE y hasta que se califique la candidatura que fue legalmente inscrita&#8221;. Este domingo 22 de noviembre, el Consejo Nacional Electoral cerr\u00f3 la puerta a su participaci\u00f3n en las elecciones del 2021.\u00a0A trav\u00e9s de un comunicado, la autoridad electoral asegura que los procedimientos de inscripci\u00f3n no fueron concluidos &#8216;por responsabilidad de la propia organizaci\u00f3n pol\u00edtica&#8217;.\u00a0Por lo tanto, el CNE se\u00f1ala que la resoluci\u00f3n del Tribunal Contencioso Electoral, que dispuso la culminaci\u00f3n del proceso, \u2018no cabe para el caso de la candidatura presidencial&#8217;. https:\/\/www.ecuavisa.com\/articulo\/noticias\/politica\/665571-sylka-sanchez-anuncia-demanda-consejeros-del-cne<\/p>\n","protected":false},"author":1,"featured_media":257574,"comment_status":"closed","ping_status":"closed","sticky":false,"template":"","format":"standard","meta":[],"categories":[40,24],"tags":[],"_links":{"self":[{"href":"https:\/\/www.ecuadortimes.net\/es\/wp-json\/wp\/v2\/posts\/257573"}],"collection":[{"href":"https:\/\/www.ecuadortimes.net\/es\/wp-json\/wp\/v2\/posts"}],"about":[{"href":"https:\/\/www.ecuadortimes.net\/es\/wp-json\/wp\/v2\/types\/post"}],"author":[{"embeddable":true,"href":"https:\/\/www.ecuadortimes.net\/es\/wp-json\/wp\/v2\/users\/1"}],"replies":[{"embeddable":true,"href":"https:\/\/www.ecuadortimes.net\/es\/wp-json\/wp\/v2\/comments?post=257573"}],"version-history":[{"count":1,"href":"https:\/\/www.ecuadortimes.net\/es\/wp-json\/wp\/v2\/posts\/257573\/revisions"}],"predecessor-version":[{"id":257575,"href":"https:\/\/www.ecuadortimes.net\/es\/wp-json\/wp\/v2\/posts\/257573\/revisions\/257575"}],"wp:featuredmedia":[{"embeddable":true,"href":"https:\/\/www.ecuadortimes.net\/es\/wp-json\/wp\/v2\/media\/257574"}],"wp:attachment":[{"href":"https:\/\/www.ecuadortimes.net\/es\/wp-json\/wp\/v2\/media?parent=257573"}],"wp:term":[{"taxonomy":"category","embeddable":true,"href":"https:\/\/www.ecuadortimes.net\/es\/wp-json\/wp\/v2\/categories?post=257573"},{"taxonomy":"post_tag","embeddable":true,"href":"https:\/\/www.ecuadortimes.net\/es\/wp-json\/wp\/v2\/tags?post=257573"}],"curies":[{"name":"wp","href":"https:\/\/api.w.org\/{rel}","templated":true}]}}