{"id":257576,"date":"2020-11-24T19:48:31","date_gmt":"2020-11-24T19:48:31","guid":{"rendered":"https:\/\/www.ecuadortimes.net\/es\/?p=257576"},"modified":"2020-11-24T19:48:31","modified_gmt":"2020-11-24T19:48:31","slug":"justicia-social-anuncia-batalla-juridica-para-inscribir-a-alvaro-noboa","status":"publish","type":"post","link":"https:\/\/www.ecuadortimes.net\/es\/justicia-social-anuncia-batalla-juridica-para-inscribir-a-alvaro-noboa\/","title":{"rendered":"Justicia Social anuncia batalla jur\u00eddica para inscribir a \u00c1lvaro Noboa"},"content":{"rendered":"<p id=\"m12-11-13\">El movimiento <b>Justicia Social<\/b> agotar\u00e1 todas sus<b> armas jur\u00eddicas<\/b> para tratar de que se inscriba la candidatura presidencial de<b> \u00c1lvaro Noboa<\/b> para las<b> elecciones generales <\/b>del 2021. El c\u00edrculo cercano del empresario insiste en una supuesta confabulaci\u00f3n para dejarlo fuera de los comicios, mientras que el <b>Consejo Nacional Electoral <\/b>(CNE) argumenta que el grupo no cumpli\u00f3 los plazos electorales para inscribir al reemplazo de Fabricio Correa, quien fue electo en primarias, pero luego renunci\u00f3 a la nominaci\u00f3n.<\/p>\n<div id=\"attachment_257577\" style=\"width: 622px\" class=\"wp-caption alignnone\"><img aria-describedby=\"caption-attachment-257577\" loading=\"lazy\" class=\"size-full wp-image-257577\" src=\"https:\/\/www.ecuadortimes.net\/es\/wp-content\/uploads\/2020\/11\/ecuador-times-ecuador-news-justicia-social-judicial-battler-inscription-alvaro-noboa.jpeg\" alt=\"\" width=\"612\" height=\"340\" \/><p id=\"caption-attachment-257577\" class=\"wp-caption-text\">Justicia Social anuncia batalla jur\u00eddica para inscribir a \u00c1lvaro Noboa<\/p><\/div>\n<p id=\"m65-1-66\">Silka S\u00e1nchez, vocera de Justicia Social, arremeti\u00f3 contra las <b>autoridades <\/b>del CNE y los tild\u00f3 de \u201c<b>corruptos<\/b>\u201d. A trav\u00e9s de una conferencia de prensa ofrecida este lunes 23 de noviembre del 2020, S\u00e1nchez cuestion\u00f3 un comunicado emitido por el ente electoral, en donde se <b>advierte <\/b>que no se dar\u00e1 paso a que el <b>movimiento<\/b> realice nuevos procesos de <b>democracia interna<\/b> e inscripci\u00f3n de candidatos para las dignidades de Presidente, Vicepresidente y Asamble\u00edstas Nacionales. \u201cPretenden enga\u00f1ar a la ciudadan\u00eda con una c<b>ortina de humo<\/b> sin firma de responsabilidad. Se est\u00e1n inventando mentiras para poner obst\u00e1culos y crear incidentes\u201d, se\u00f1al\u00f3 la pol\u00edtica.<\/p>\n<p>S\u00e1nchez confirm\u00f3 que han ingresado tres recursos ante el <b>Tribunal Contencioso Electoral <\/b>(TCE). El primero, fue un pedido de ejecuci\u00f3n de sentencia, para que se cumpla lo dispuesto por el propio TCE, que ratific\u00f3 que <b>Justicia Social <\/b>conserva su <b>personer\u00eda jur\u00eddica,<\/b> luego de que el CNE los eliminara del registro. Adem\u00e1s, en el fallo se establecieron medidas de <b>reparaci\u00f3n,<\/b> para que el grupo contin\u00fae en <b>carrera electoral<\/b> \u201cen igualdad de condiciones\u201d que el resto de <b>organizaciones pol\u00edticas. <\/b><\/p>\n<p>El segundo, es un<b> recurso subjetivo<\/b> en contra de la resoluci\u00f3n del CNE que \u201creconsider\u00f3\u201d los<b> lineamientos<\/b> para que <b>Justicia Social <\/b>siga en la contienda electoral. El<b> Consejo<\/b> dispuso que se retome el proceso de inscripci\u00f3n de sus candidatos, pero solo en las provincias en las que no ingresaron la<b> documentaci\u00f3n<\/b> y en donde no pudieron hacer primarias. Esta resoluci\u00f3n dej\u00f3 sin posibilidades de que se inscriba la <b>candidatura<\/b> de Noboa para la Presidencia, pues el <b>CNE <\/b>argument\u00f3 que<b> Justicia Social<\/b> s\u00ed hizo primarias para esa <b>dignidad <\/b>y no reemplaz\u00f3 a <b>Fabricio Correa<\/b> dentro de los plazos establecidos.<\/p>\n<p>El tercer recurso, es una acci\u00f3n de queja en contra de los consejeros del <b>CNE<\/b>, ya que consideran que incurrieron en una supuesta<b> infracci\u00f3n electoral. <\/b>Adem\u00e1s, S\u00e1nchez habl\u00f3 de denunciar a los consejeros en la <b>Fiscal\u00eda General del Estado, <\/b>por supuesto \u201cincumplimiento de<b> orden judicial <\/b>ante juez leg\u00edtimo\u201d.<\/p>\n<p>La batalla legal tambi\u00e9n tendr\u00e1 lugar fuera del pa\u00eds. S\u00e1nchez anunci\u00f3 que presentaron denuncias ante la<b> Organizaci\u00f3n de las Naciones Unidas <\/b>y ante la <b>Comisi\u00f3n Interamericana de Derechos Humanos<\/b> (CIDH).<\/p>\n<p>La vocera de justicia social tambi\u00e9n atac\u00f3 al movimiento <b>Creo<\/b> y al <b>Partido Social Cristiano (<\/b>PSC), aduciendo que tienen temor de que se califique la candidatura de Noboa porque \u201clidera las encuestas\u201d.<\/p>\n<p id=\"m71-2-72\"><i><b>Cronolog\u00eda del caso Justicia Social:<br \/>\n<\/b><\/i><b><br \/>\n16 de septiembre del 2020 <\/b><\/p>\n<p>El CNE elimin\u00f3 al movimiento<b> Justicia Social <\/b>del registro de organizaciones pol\u00edticas luego de llevar a cabo un<b> proceso administrativo<\/b> de revisi\u00f3n. La decisi\u00f3n se sustent\u00f3 en un informe de Contralor\u00eda que detect\u00f3 <b>irregularidades<\/b> en las <b>firmas <\/b>que la agrupaci\u00f3n present\u00f3 para obtener su personer\u00eda jur\u00eddica.<\/p>\n<p><b>6 de octubre del 2020 <\/b><\/p>\n<p>Arturo Cabrera, juez del<b> Tribunal Contencioso Electoral <\/b>(TCE), acept\u00f3 un <b>recurso subjetivo<\/b> y fall\u00f3 en primera instancia a favor del <b>movimiento<\/b>, dejando sin efecto la resoluci\u00f3n que lo elimin\u00f3 del registro de organizaciones pol\u00edticas. Diana Atamaint, presidenta del CNE, apel\u00f3 la sentencia.<\/p>\n<p><b>30 de octubre del 2020 <\/b><\/p>\n<p>El Pleno del TCE neg\u00f3 la apelaci\u00f3n de Atamaint y ratific\u00f3 que <b>Justicia Social <\/b>conserva su <b>personer\u00eda jur\u00eddica<\/b>. Adem\u00e1s, dict\u00f3 medidas de reparaci\u00f3n. Se dispuso que el CNE adopte todas las<b> medidas administrativas <\/b>necesarias para que el movimiento cuente con el tiempo razonable y los medios adecuados, en <b>igualdad<\/b> de<b> condiciones<\/b> que tuvieron las dem\u00e1s <b>organizaciones pol\u00edticas<\/b>, para realizar <b>primarias,<\/b> inscripci\u00f3n y calificaci\u00f3n de<b> candidaturas <\/b>para las elecciones del 2021.<\/p>\n<p><b>5 de noviembre del 2020 <\/b><\/p>\n<p>En cumplimiento de la sentencia del TCE, el <b>Consejo Nacional Electoral <\/b>aprob\u00f3 una resoluci\u00f3n que dispuso a las Juntas Provinciales Electorales que no dieron paso al proceso de<b> inscripci\u00f3n<\/b>, iniciar el tr\u00e1mite y calificar las candidaturas de<b> asamble\u00edstas.<\/b> Se otorg\u00f3 cinco d\u00edas para que realicen sus procesos electorales internos y un plazo de dos d\u00edas, posterior a las<b> primarias, <\/b>para la aceptaci\u00f3n del cargo de los <b>precandidatos. <\/b>Adem\u00e1s, se concedi\u00f3 un plazo de ocho d\u00edas para que contin\u00fae con el proceso de inscripci\u00f3n de las<b> candidaturas,<\/b> mediante la web o a trav\u00e9s de las secretar\u00edas de las <b>delegaciones electorales<\/b>, en aquellos casos en los que el proceso de inscripci\u00f3n de <b>candidaturas <\/b>no se encontraba concluido.<br \/>\n<b><br \/>\n7 de noviembre del 2020 <\/b><\/p>\n<p>\u00c1lvaro Noboa anuncia sus aspiraciones para la Presidencia de la Rep\u00fablica, auspiciado por <b>Justicia Social<\/b>. El movimiento solicit\u00f3 la inscripci\u00f3n del binomio presidencial conformado por \u00c1lvaro Noboa y Gino Cornejo, a trav\u00e9s del sistema en l\u00ednea del<b> Consejo Nacional Electoral.<\/b><\/p>\n<p><a href=\"https:\/\/www.elcomercio.com\/actualidad\/justicia-social-inscripcion-alvaro-noboa.html\">https:\/\/www.elcomercio.com\/actualidad\/justicia-social-inscripcion-alvaro-noboa.html<\/a><\/p>\n","protected":false},"excerpt":{"rendered":"<p>El movimiento Justicia Social agotar\u00e1 todas sus armas jur\u00eddicas para tratar de que se inscriba la candidatura presidencial de \u00c1lvaro Noboa para las elecciones generales del 2021. El c\u00edrculo cercano del empresario insiste en una supuesta confabulaci\u00f3n para dejarlo fuera de los comicios, mientras que el Consejo Nacional Electoral (CNE) argumenta que el grupo no cumpli\u00f3 los plazos electorales para inscribir al reemplazo de Fabricio Correa, quien fue electo en primarias, pero luego renunci\u00f3 a la nominaci\u00f3n. Silka S\u00e1nchez, vocera de Justicia Social, arremeti\u00f3 contra las autoridades del CNE y los tild\u00f3 de \u201ccorruptos\u201d. A trav\u00e9s de una conferencia de prensa ofrecida este lunes 23 de noviembre del 2020, S\u00e1nchez cuestion\u00f3 un comunicado emitido por el ente electoral, en donde se advierte que no se dar\u00e1 paso a que el movimiento realice nuevos procesos de democracia interna e inscripci\u00f3n de candidatos para las dignidades de Presidente, Vicepresidente y Asamble\u00edstas Nacionales. \u201cPretenden enga\u00f1ar a la ciudadan\u00eda con una cortina de humo sin firma de responsabilidad. Se est\u00e1n inventando mentiras para poner obst\u00e1culos y crear incidentes\u201d, se\u00f1al\u00f3 la pol\u00edtica. S\u00e1nchez confirm\u00f3 que han ingresado tres recursos ante el Tribunal Contencioso Electoral (TCE). El primero, fue un pedido de ejecuci\u00f3n de sentencia, para que se cumpla lo dispuesto por el propio TCE, que ratific\u00f3 que Justicia Social conserva su personer\u00eda jur\u00eddica, luego de que el CNE los eliminara del registro. Adem\u00e1s, en el fallo se establecieron medidas de reparaci\u00f3n, para que el grupo contin\u00fae en carrera electoral \u201cen igualdad de condiciones\u201d que el resto de organizaciones pol\u00edticas. El segundo, es un recurso subjetivo en contra de la resoluci\u00f3n del CNE que \u201creconsider\u00f3\u201d los lineamientos para que Justicia Social siga en la contienda electoral. El Consejo dispuso que se retome el proceso de inscripci\u00f3n de sus candidatos, pero solo en las provincias en las que no ingresaron la documentaci\u00f3n y en donde no pudieron hacer primarias. Esta resoluci\u00f3n dej\u00f3 sin posibilidades de que se inscriba la candidatura de Noboa para la Presidencia, pues el CNE argument\u00f3 que Justicia Social s\u00ed hizo primarias para esa dignidad y no reemplaz\u00f3 a Fabricio Correa dentro de los plazos establecidos. El tercer recurso, es una acci\u00f3n de queja en contra de los consejeros del CNE, ya que consideran que incurrieron en una supuesta infracci\u00f3n electoral. Adem\u00e1s, S\u00e1nchez habl\u00f3 de denunciar a los consejeros en la Fiscal\u00eda General del Estado, por supuesto \u201cincumplimiento de orden judicial ante juez leg\u00edtimo\u201d. La batalla legal tambi\u00e9n tendr\u00e1 lugar fuera del pa\u00eds. S\u00e1nchez anunci\u00f3 que presentaron denuncias ante la Organizaci\u00f3n de las Naciones Unidas y ante la Comisi\u00f3n Interamericana de Derechos Humanos (CIDH). La vocera de justicia social tambi\u00e9n atac\u00f3 al movimiento Creo y al Partido Social Cristiano (PSC), aduciendo que tienen temor de que se califique la candidatura de Noboa porque \u201clidera las encuestas\u201d. Cronolog\u00eda del caso Justicia Social: 16 de septiembre del 2020 El CNE elimin\u00f3 al movimiento Justicia Social del registro de organizaciones pol\u00edticas luego de llevar a cabo un proceso administrativo de revisi\u00f3n. La decisi\u00f3n se sustent\u00f3 en un informe de Contralor\u00eda que detect\u00f3 irregularidades en las firmas que la agrupaci\u00f3n present\u00f3 para obtener su personer\u00eda jur\u00eddica. 6 de octubre del 2020 Arturo Cabrera, juez del Tribunal Contencioso Electoral (TCE), acept\u00f3 un recurso subjetivo y fall\u00f3 en primera instancia a favor del movimiento, dejando sin efecto la resoluci\u00f3n que lo elimin\u00f3 del registro de organizaciones pol\u00edticas. Diana Atamaint, presidenta del CNE, apel\u00f3 la sentencia. 30 de octubre del 2020 El Pleno del TCE neg\u00f3 la apelaci\u00f3n de Atamaint y ratific\u00f3 que Justicia Social conserva su personer\u00eda jur\u00eddica. Adem\u00e1s, dict\u00f3 medidas de reparaci\u00f3n. Se dispuso que el CNE adopte todas las medidas administrativas necesarias para que el movimiento cuente con el tiempo razonable y los medios adecuados, en igualdad de condiciones que tuvieron las dem\u00e1s organizaciones pol\u00edticas, para realizar primarias, inscripci\u00f3n y calificaci\u00f3n de candidaturas para las elecciones del 2021. 5 de noviembre del 2020 En cumplimiento de la sentencia del TCE, el Consejo Nacional Electoral aprob\u00f3 una resoluci\u00f3n que dispuso a las Juntas Provinciales Electorales que no dieron paso al proceso de inscripci\u00f3n, iniciar el tr\u00e1mite y calificar las candidaturas de asamble\u00edstas. Se otorg\u00f3 cinco d\u00edas para que realicen sus procesos electorales internos y un plazo de dos d\u00edas, posterior a las primarias, para la aceptaci\u00f3n del cargo de los precandidatos. Adem\u00e1s, se concedi\u00f3 un plazo de ocho d\u00edas para que contin\u00fae con el proceso de inscripci\u00f3n de las candidaturas, mediante la web o a trav\u00e9s de las secretar\u00edas de las delegaciones electorales, en aquellos casos en los que el proceso de inscripci\u00f3n de candidaturas no se encontraba concluido. 7 de noviembre del 2020 \u00c1lvaro Noboa anuncia sus aspiraciones para la Presidencia de la Rep\u00fablica, auspiciado por Justicia Social. El movimiento solicit\u00f3 la inscripci\u00f3n del binomio presidencial conformado por \u00c1lvaro Noboa y Gino Cornejo, a trav\u00e9s del sistema en l\u00ednea del Consejo Nacional Electoral. https:\/\/www.elcomercio.com\/actualidad\/justicia-social-inscripcion-alvaro-noboa.html<\/p>\n","protected":false},"author":1,"featured_media":257577,"comment_status":"closed","ping_status":"closed","sticky":false,"template":"","format":"standard","meta":[],"categories":[40,24],"tags":[],"_links":{"self":[{"href":"https:\/\/www.ecuadortimes.net\/es\/wp-json\/wp\/v2\/posts\/257576"}],"collection":[{"href":"https:\/\/www.ecuadortimes.net\/es\/wp-json\/wp\/v2\/posts"}],"about":[{"href":"https:\/\/www.ecuadortimes.net\/es\/wp-json\/wp\/v2\/types\/post"}],"author":[{"embeddable":true,"href":"https:\/\/www.ecuadortimes.net\/es\/wp-json\/wp\/v2\/users\/1"}],"replies":[{"embeddable":true,"href":"https:\/\/www.ecuadortimes.net\/es\/wp-json\/wp\/v2\/comments?post=257576"}],"version-history":[{"count":1,"href":"https:\/\/www.ecuadortimes.net\/es\/wp-json\/wp\/v2\/posts\/257576\/revisions"}],"predecessor-version":[{"id":257578,"href":"https:\/\/www.ecuadortimes.net\/es\/wp-json\/wp\/v2\/posts\/257576\/revisions\/257578"}],"wp:featuredmedia":[{"embeddable":true,"href":"https:\/\/www.ecuadortimes.net\/es\/wp-json\/wp\/v2\/media\/257577"}],"wp:attachment":[{"href":"https:\/\/www.ecuadortimes.net\/es\/wp-json\/wp\/v2\/media?parent=257576"}],"wp:term":[{"taxonomy":"category","embeddable":true,"href":"https:\/\/www.ecuadortimes.net\/es\/wp-json\/wp\/v2\/categories?post=257576"},{"taxonomy":"post_tag","embeddable":true,"href":"https:\/\/www.ecuadortimes.net\/es\/wp-json\/wp\/v2\/tags?post=257576"}],"curies":[{"name":"wp","href":"https:\/\/api.w.org\/{rel}","templated":true}]}}