{"id":257586,"date":"2020-11-25T18:46:11","date_gmt":"2020-11-25T18:46:11","guid":{"rendered":"https:\/\/www.ecuadortimes.net\/es\/?p=257586"},"modified":"2020-11-25T18:46:11","modified_gmt":"2020-11-25T18:46:11","slug":"estados-unidos-y-ecuador-firmaran-el-7-de-diciembre-en-quito-el-acuerdo-de-primera-fase","status":"publish","type":"post","link":"https:\/\/www.ecuadortimes.net\/es\/estados-unidos-y-ecuador-firmaran-el-7-de-diciembre-en-quito-el-acuerdo-de-primera-fase\/","title":{"rendered":"Estados Unidos y Ecuador firmar\u00e1n el 7 de diciembre, en Quito, el acuerdo de primera fase"},"content":{"rendered":"<div class=\"field-name-body\">\n<p>El acuerdo de primera fase que <strong>Ecuador<\/strong> firmar\u00e1 con <strong>Estados Unidos<\/strong>, el mismo que fue anunciado por el presidente de la Rep\u00fablica, <strong>Len\u00edn Moreno<\/strong>, el 16 de noviembre pasado, se firmar\u00e1 en Quito el pr\u00f3ximo <strong>7 de diciembre<\/strong>, asegur\u00f3 este martes 24 de noviembre Iv\u00e1n Ontaneda, ministro de Producci\u00f3n, Comercio Exterior, Inversiones y Pesca.<\/p>\n<div id=\"attachment_257587\" style=\"width: 1210px\" class=\"wp-caption alignnone\"><img aria-describedby=\"caption-attachment-257587\" loading=\"lazy\" class=\"size-full wp-image-257587\" src=\"https:\/\/www.ecuadortimes.net\/es\/wp-content\/uploads\/2020\/11\/ecuador-times-ecuador-news-united-states-will-sign-agreement-first-phase.jpg\" alt=\"\" width=\"1200\" height=\"994\" \/><p id=\"caption-attachment-257587\" class=\"wp-caption-text\">Estados Unidos y Ecuador firmar\u00e1n el 7 de diciembre, en Quito, el acuerdo de primera fase<\/p><\/div>\n<p>El ministro anunci\u00f3 la fecha de la firma durante una entrevista en Radio Huancavilca, donde reiter\u00f3 que este acuerdo de primera fase se trata de un tratado corto, pero que coloca al Ecuador en la ruta de firmar una cuerdo completo.<\/p>\n<p>\u201cLa firma de este acuerdo ser\u00e1 el 7 de diciembre en Quito, vendr\u00e1n altas autoridades del gobierno americano y firmaremos esta primera fase de este acuerdo comercial que esta compuesto de cuatro cap\u00edtulos: agilidad en el comercio internacional&#8230;, las buenas pr\u00e1cticas de regulaci\u00f3n &#8230;otro que aborda las mipymes y las pymes&#8230;;y la lucha anticorrupci\u00f3n dentro del intercambio comercial\u201d, dijo Ontaneda, quien agreg\u00f3 que el acuerdo lo implementa la Oficina de Comercio de la Presidencia de los Estados Unidos.<\/p>\n<p>\u201cEl acuerdo comercial m\u00e1s amplio debe tener la autorizaci\u00f3n del congreso de ese pa\u00eds, pero para eso, tambi\u00e9n estamos trabajando en reunirnos con la bancadas dem\u00f3crata y republicana para entender cu\u00e1l es su visi\u00f3n\u201d, sostuvo el secretario de Estado en la entrevista. (I)<\/p>\n<\/div>\n<p><a href=\"https:\/\/www.eluniverso.com\/noticias\/2020\/11\/24\/nota\/8060566\/ecuador-estados-unidos-acuerdo-comercial-primera-fase-firma-7\">https:\/\/www.eluniverso.com\/noticias\/2020\/11\/24\/nota\/8060566\/ecuador-estados-unidos-acuerdo-comercial-primera-fase-firma-7<\/a><\/p>\n","protected":false},"excerpt":{"rendered":"<p>El acuerdo de primera fase que Ecuador firmar\u00e1 con Estados Unidos, el mismo que fue anunciado por el presidente de la Rep\u00fablica, Len\u00edn Moreno, el 16 de noviembre pasado, se firmar\u00e1 en Quito el pr\u00f3ximo 7 de diciembre, asegur\u00f3 este martes 24 de noviembre Iv\u00e1n Ontaneda, ministro de Producci\u00f3n, Comercio Exterior, Inversiones y Pesca. El ministro anunci\u00f3 la fecha de la firma durante una entrevista en Radio Huancavilca, donde reiter\u00f3 que este acuerdo de primera fase se trata de un tratado corto, pero que coloca al Ecuador en la ruta de firmar una cuerdo completo. \u201cLa firma de este acuerdo ser\u00e1 el 7 de diciembre en Quito, vendr\u00e1n altas autoridades del gobierno americano y firmaremos esta primera fase de este acuerdo comercial que esta compuesto de cuatro cap\u00edtulos: agilidad en el comercio internacional&#8230;, las buenas pr\u00e1cticas de regulaci\u00f3n &#8230;otro que aborda las mipymes y las pymes&#8230;;y la lucha anticorrupci\u00f3n dentro del intercambio comercial\u201d, dijo Ontaneda, quien agreg\u00f3 que el acuerdo lo implementa la Oficina de Comercio de la Presidencia de los Estados Unidos. \u201cEl acuerdo comercial m\u00e1s amplio debe tener la autorizaci\u00f3n del congreso de ese pa\u00eds, pero para eso, tambi\u00e9n estamos trabajando en reunirnos con la bancadas dem\u00f3crata y republicana para entender cu\u00e1l es su visi\u00f3n\u201d, sostuvo el secretario de Estado en la entrevista. (I) https:\/\/www.eluniverso.com\/noticias\/2020\/11\/24\/nota\/8060566\/ecuador-estados-unidos-acuerdo-comercial-primera-fase-firma-7<\/p>\n","protected":false},"author":1,"featured_media":257587,"comment_status":"closed","ping_status":"closed","sticky":false,"template":"","format":"standard","meta":[],"categories":[40,24],"tags":[],"_links":{"self":[{"href":"https:\/\/www.ecuadortimes.net\/es\/wp-json\/wp\/v2\/posts\/257586"}],"collection":[{"href":"https:\/\/www.ecuadortimes.net\/es\/wp-json\/wp\/v2\/posts"}],"about":[{"href":"https:\/\/www.ecuadortimes.net\/es\/wp-json\/wp\/v2\/types\/post"}],"author":[{"embeddable":true,"href":"https:\/\/www.ecuadortimes.net\/es\/wp-json\/wp\/v2\/users\/1"}],"replies":[{"embeddable":true,"href":"https:\/\/www.ecuadortimes.net\/es\/wp-json\/wp\/v2\/comments?post=257586"}],"version-history":[{"count":1,"href":"https:\/\/www.ecuadortimes.net\/es\/wp-json\/wp\/v2\/posts\/257586\/revisions"}],"predecessor-version":[{"id":257588,"href":"https:\/\/www.ecuadortimes.net\/es\/wp-json\/wp\/v2\/posts\/257586\/revisions\/257588"}],"wp:featuredmedia":[{"embeddable":true,"href":"https:\/\/www.ecuadortimes.net\/es\/wp-json\/wp\/v2\/media\/257587"}],"wp:attachment":[{"href":"https:\/\/www.ecuadortimes.net\/es\/wp-json\/wp\/v2\/media?parent=257586"}],"wp:term":[{"taxonomy":"category","embeddable":true,"href":"https:\/\/www.ecuadortimes.net\/es\/wp-json\/wp\/v2\/categories?post=257586"},{"taxonomy":"post_tag","embeddable":true,"href":"https:\/\/www.ecuadortimes.net\/es\/wp-json\/wp\/v2\/tags?post=257586"}],"curies":[{"name":"wp","href":"https:\/\/api.w.org\/{rel}","templated":true}]}}