{"id":257593,"date":"2020-11-26T22:10:22","date_gmt":"2020-11-26T22:10:22","guid":{"rendered":"https:\/\/www.ecuadortimes.net\/es\/?p=257593"},"modified":"2020-11-26T22:10:22","modified_gmt":"2020-11-26T22:10:22","slug":"movimiento-que-apoya-a-alvaro-noboa-denuncia-a-4-consejeros-del-cne","status":"publish","type":"post","link":"https:\/\/www.ecuadortimes.net\/es\/movimiento-que-apoya-a-alvaro-noboa-denuncia-a-4-consejeros-del-cne\/","title":{"rendered":"Movimiento que apoya a \u00c1lvaro Noboa denuncia a 4 consejeros del CNE"},"content":{"rendered":"<p>Simpatizantes del empresario \u00c1lvaro Noboa llegaron hasta la Fiscal\u00eda General del Estado, en el norte de Quito.<\/p>\n<div id=\"attachment_257594\" style=\"width: 1034px\" class=\"wp-caption alignnone\"><img aria-describedby=\"caption-attachment-257594\" loading=\"lazy\" class=\"size-full wp-image-257594\" src=\"https:\/\/www.ecuadortimes.net\/es\/wp-content\/uploads\/2020\/11\/ecuador-times-ecuador-news-movement-support-alvaro-noboa-denounces-4-concilmen-cne.jpg\" alt=\"\" width=\"1024\" height=\"683\" \/><p id=\"caption-attachment-257594\" class=\"wp-caption-text\">Movimiento que apoya a \u00c1lvaro Noboa denuncia a 4 consejeros del CNE<\/p><\/div>\n<p>All\u00ed la vocera, Silka S\u00e1nchez, present\u00f3 formalmente una denuncia penal por presunto desacato en contra de los consejeros electorales Jos\u00e9 Cabrera, Enrique Pita, Luis Verdesoto y la presidenta del organismo, Diana Atamaint. Esto luego de que no dieran paso a la inscripci\u00f3n de la candidatura a la Presidencia de Noboa por el movimiento Justicia Social.<\/p>\n<p>S\u00e1nchez insisti\u00f3 en que los consejeros no cumplieron la sentencia del Tribunal Contencioso Electoral, que devolvi\u00f3 la personer\u00eda jur\u00eddica a Justicia Social.<\/p>\n<p>Por su parte, el consejero Jos\u00e9 Cabrera asegur\u00f3 desconocer la denuncia; sin embargo, dice que todos los partidos tuvieron las mismas condiciones en el proceso electoral.<\/p>\n<p>S\u00e1nchez indic\u00f3 que adem\u00e1s de esta denuncia han interpuesto tres recursos en el Contencioso Electoral y en los pr\u00f3ximos d\u00edas lo har\u00e1n ante la Comisi\u00f3n Interamericana de Derechos Humanos.<\/p>\n<p><a href=\"https:\/\/www.ecuavisa.com\/articulo\/noticias\/actualidad\/666576-movimiento-que-apoya-alvaro-noboa-denuncia-4-consejeros-del-cne\">https:\/\/www.ecuavisa.com\/articulo\/noticias\/actualidad\/666576-movimiento-que-apoya-alvaro-noboa-denuncia-4-consejeros-del-cne<\/a><\/p>\n","protected":false},"excerpt":{"rendered":"<p>Simpatizantes del empresario \u00c1lvaro Noboa llegaron hasta la Fiscal\u00eda General del Estado, en el norte de Quito. All\u00ed la vocera, Silka S\u00e1nchez, present\u00f3 formalmente una denuncia penal por presunto desacato en contra de los consejeros electorales Jos\u00e9 Cabrera, Enrique Pita, Luis Verdesoto y la presidenta del organismo, Diana Atamaint. Esto luego de que no dieran paso a la inscripci\u00f3n de la candidatura a la Presidencia de Noboa por el movimiento Justicia Social. S\u00e1nchez insisti\u00f3 en que los consejeros no cumplieron la sentencia del Tribunal Contencioso Electoral, que devolvi\u00f3 la personer\u00eda jur\u00eddica a Justicia Social. Por su parte, el consejero Jos\u00e9 Cabrera asegur\u00f3 desconocer la denuncia; sin embargo, dice que todos los partidos tuvieron las mismas condiciones en el proceso electoral. S\u00e1nchez indic\u00f3 que adem\u00e1s de esta denuncia han interpuesto tres recursos en el Contencioso Electoral y en los pr\u00f3ximos d\u00edas lo har\u00e1n ante la Comisi\u00f3n Interamericana de Derechos Humanos. https:\/\/www.ecuavisa.com\/articulo\/noticias\/actualidad\/666576-movimiento-que-apoya-alvaro-noboa-denuncia-4-consejeros-del-cne<\/p>\n","protected":false},"author":1,"featured_media":257594,"comment_status":"closed","ping_status":"closed","sticky":false,"template":"","format":"standard","meta":[],"categories":[40,24],"tags":[],"_links":{"self":[{"href":"https:\/\/www.ecuadortimes.net\/es\/wp-json\/wp\/v2\/posts\/257593"}],"collection":[{"href":"https:\/\/www.ecuadortimes.net\/es\/wp-json\/wp\/v2\/posts"}],"about":[{"href":"https:\/\/www.ecuadortimes.net\/es\/wp-json\/wp\/v2\/types\/post"}],"author":[{"embeddable":true,"href":"https:\/\/www.ecuadortimes.net\/es\/wp-json\/wp\/v2\/users\/1"}],"replies":[{"embeddable":true,"href":"https:\/\/www.ecuadortimes.net\/es\/wp-json\/wp\/v2\/comments?post=257593"}],"version-history":[{"count":1,"href":"https:\/\/www.ecuadortimes.net\/es\/wp-json\/wp\/v2\/posts\/257593\/revisions"}],"predecessor-version":[{"id":257595,"href":"https:\/\/www.ecuadortimes.net\/es\/wp-json\/wp\/v2\/posts\/257593\/revisions\/257595"}],"wp:featuredmedia":[{"embeddable":true,"href":"https:\/\/www.ecuadortimes.net\/es\/wp-json\/wp\/v2\/media\/257594"}],"wp:attachment":[{"href":"https:\/\/www.ecuadortimes.net\/es\/wp-json\/wp\/v2\/media?parent=257593"}],"wp:term":[{"taxonomy":"category","embeddable":true,"href":"https:\/\/www.ecuadortimes.net\/es\/wp-json\/wp\/v2\/categories?post=257593"},{"taxonomy":"post_tag","embeddable":true,"href":"https:\/\/www.ecuadortimes.net\/es\/wp-json\/wp\/v2\/tags?post=257593"}],"curies":[{"name":"wp","href":"https:\/\/api.w.org\/{rel}","templated":true}]}}