{"id":257599,"date":"2020-11-27T21:16:24","date_gmt":"2020-11-27T21:16:24","guid":{"rendered":"https:\/\/www.ecuadortimes.net\/es\/?p=257599"},"modified":"2020-11-27T21:16:24","modified_gmt":"2020-11-27T21:16:24","slug":"tribunal-contencioso-electoral-revisara-las-primarias-que-realizo-justicia-social-para-las-elecciones-generales","status":"publish","type":"post","link":"https:\/\/www.ecuadortimes.net\/es\/tribunal-contencioso-electoral-revisara-las-primarias-que-realizo-justicia-social-para-las-elecciones-generales\/","title":{"rendered":"Tribunal Contencioso Electoral revisar\u00e1 las primarias que realiz\u00f3 Justicia Social para las elecciones generales"},"content":{"rendered":"<p>En dos d\u00edas, el <strong>Consejo Nacional Electoral (CNE) <\/strong>deber\u00e1 enviar al<strong> Tribunal Contencioso Electoral (TCE) <\/strong>la informaci\u00f3n respecto al proceso de democracia interna para elegir candidaturas para las elecciones generales del 2021, que realiz\u00f3 el movimiento pol\u00edtico <strong>Justicia Social<\/strong>.<\/p>\n<div id=\"attachment_257600\" style=\"width: 1290px\" class=\"wp-caption alignnone\"><img aria-describedby=\"caption-attachment-257600\" loading=\"lazy\" class=\"size-full wp-image-257600\" src=\"https:\/\/www.ecuadortimes.net\/es\/wp-content\/uploads\/2020\/11\/ecuador-news-ecuador-times-electoral-tribunal-will-check-primaries-realized-by-justicia-social-generalelections.jpg\" alt=\"\" width=\"1280\" height=\"853\" \/><p id=\"caption-attachment-257600\" class=\"wp-caption-text\">Tribunal Contencioso Electoral revisar\u00e1 las primarias que realiz\u00f3 Justicia Social para las elecciones generales<\/p><\/div>\n<p>El prop\u00f3sito ser\u00eda contar con informaci\u00f3n, antes de disponer al Consejo el cumplimiento de la sentencia que ratific\u00f3 la personer\u00eda jur\u00eddica de la agrupaci\u00f3n y que como reparaci\u00f3n integral que se le permita realizar los procedimientos internos para elegir candidatos.<\/p>\n<p>En la sentencia se orden\u00f3 al CNE que la organizaci\u00f3n pol\u00edtica &#8220;cuente con el tiempo y los medios adecuados para realizar los actos de democracia interna, inscripci\u00f3n y calificaci\u00f3n de candidaturas&#8221;.<\/p>\n<p>No obstante, el Consejo aprob\u00f3 una resoluci\u00f3n el 11 de noviembre, que dispon\u00eda solo dar &#8220;continuidad&#8221; a la calificaci\u00f3n de las candidaturas que fueron inscritas por la organizaci\u00f3n dentro de los plazos, ya que el sistema s\u00ed estuvo habilitado para que lo haga. Ello impidi\u00f3 que los precandidatos a la Presidencia de la Rep\u00fablica \u00c1lvaro Noboa y Gino Cornejo sean calificados, despu\u00e9s de las medidas de reparaci\u00f3n dictadas por el TCE.<\/p>\n<p>En esa l\u00ednea, ayer, el juez de primera instancia en la causa de Justicia Social, <strong>Arturo Cabrera<\/strong>, notific\u00f3 al CNE, de que en raz\u00f3n de la ejecutoria de un auto dictado por el pleno el 19 de noviembre, le remita la resoluci\u00f3n con la que se elimin\u00f3 al movimiento del Registro de Organizaciones Pol\u00edticas, y dispuso medidas cautelares con las que se suspend\u00eda la actividad pol\u00edtica y por cu\u00e1nto tiempo estuvieron vigentes.<\/p>\n<p>Adem\u00e1s, las solicitudes que hicieron para realizar sus primarias de elecci\u00f3n de candidatos; un &#8220;detalle pormenorizado&#8221; de los delegados del Consejo para vigilar la transparencia de la democracia interna; los informes de los delegados con la determinaci\u00f3n de fechas, novedades y la raz\u00f3n de si los candidatos designados realizaron o no la aceptaci\u00f3n personal de su candidatura.<\/p>\n<p>Tambi\u00e9n la certificaci\u00f3n de las fechas de inicio y finalizaci\u00f3n del periodo de inscripci\u00f3n de candidaturas y las fechas en las que estuvo disponible el sistema para que Justicia Social pueda acceder; el detalle de resoluciones de aceptaci\u00f3n o negativa; las solicitudes de correcci\u00f3n o impugnaci\u00f3n a las resoluciones de negativa; las objeciones presentadas por las organizaciones pol\u00edticas; y, las candidaturas calificadas.<\/p>\n<p>Entre otros documentos, las resoluciones e impugnaciones a la resoluci\u00f3n del 11 de noviembre en la que el CNE resolvi\u00f3 continuar con la calificaci\u00f3n de candidatos presentados.<\/p>\n<p>En la fase de democracia interna, Justicia Social nomin\u00f3 a<strong> Fabricio Correa y Marcia Yazbek<\/strong> como su binomio presidencial, pero ellos desistieron de esta.<\/p>\n<p>El 7 de octubre, al cierre del plazo de ingreso de documentaci\u00f3n, el grupo pol\u00edtico intent\u00f3 ingresar a Carlos Cassanello y Marien Segura; y hasta se habl\u00f3 de \u00c1lvaro Noboa, pero no lograron ingresar porque el sistema cerr\u00f3 a las 18:00.<\/p>\n<p>El consejero Jos\u00e9 Cabrera explic\u00f3 en una entrevista radial que el movimiento s\u00ed realiz\u00f3 primarias e inscribi\u00f3 candidatos para parlamentarios andinos y para asamble\u00edstas en diez provincias.<\/p>\n<p>Pero, no inscribi\u00f3 candidatos para binomio presidencial, ni asamble\u00edstas nacionales. (I)<\/p>\n<p><a href=\"https:\/\/www.eluniverso.com\/noticias\/2020\/11\/26\/nota\/8063107\/elecciones-presidenciales-ecuador-2021-tribunal-contencioso#cxrecs_s\">https:\/\/www.eluniverso.com\/noticias\/2020\/11\/26\/nota\/8063107\/elecciones-presidenciales-ecuador-2021-tribunal-contencioso#cxrecs_s<\/a><\/p>\n","protected":false},"excerpt":{"rendered":"<p>En dos d\u00edas, el Consejo Nacional Electoral (CNE) deber\u00e1 enviar al Tribunal Contencioso Electoral (TCE) la informaci\u00f3n respecto al proceso de democracia interna para elegir candidaturas para las elecciones generales del 2021, que realiz\u00f3 el movimiento pol\u00edtico Justicia Social. El prop\u00f3sito ser\u00eda contar con informaci\u00f3n, antes de disponer al Consejo el cumplimiento de la sentencia que ratific\u00f3 la personer\u00eda jur\u00eddica de la agrupaci\u00f3n y que como reparaci\u00f3n integral que se le permita realizar los procedimientos internos para elegir candidatos. En la sentencia se orden\u00f3 al CNE que la organizaci\u00f3n pol\u00edtica &#8220;cuente con el tiempo y los medios adecuados para realizar los actos de democracia interna, inscripci\u00f3n y calificaci\u00f3n de candidaturas&#8221;. No obstante, el Consejo aprob\u00f3 una resoluci\u00f3n el 11 de noviembre, que dispon\u00eda solo dar &#8220;continuidad&#8221; a la calificaci\u00f3n de las candidaturas que fueron inscritas por la organizaci\u00f3n dentro de los plazos, ya que el sistema s\u00ed estuvo habilitado para que lo haga. Ello impidi\u00f3 que los precandidatos a la Presidencia de la Rep\u00fablica \u00c1lvaro Noboa y Gino Cornejo sean calificados, despu\u00e9s de las medidas de reparaci\u00f3n dictadas por el TCE. En esa l\u00ednea, ayer, el juez de primera instancia en la causa de Justicia Social, Arturo Cabrera, notific\u00f3 al CNE, de que en raz\u00f3n de la ejecutoria de un auto dictado por el pleno el 19 de noviembre, le remita la resoluci\u00f3n con la que se elimin\u00f3 al movimiento del Registro de Organizaciones Pol\u00edticas, y dispuso medidas cautelares con las que se suspend\u00eda la actividad pol\u00edtica y por cu\u00e1nto tiempo estuvieron vigentes. Adem\u00e1s, las solicitudes que hicieron para realizar sus primarias de elecci\u00f3n de candidatos; un &#8220;detalle pormenorizado&#8221; de los delegados del Consejo para vigilar la transparencia de la democracia interna; los informes de los delegados con la determinaci\u00f3n de fechas, novedades y la raz\u00f3n de si los candidatos designados realizaron o no la aceptaci\u00f3n personal de su candidatura. Tambi\u00e9n la certificaci\u00f3n de las fechas de inicio y finalizaci\u00f3n del periodo de inscripci\u00f3n de candidaturas y las fechas en las que estuvo disponible el sistema para que Justicia Social pueda acceder; el detalle de resoluciones de aceptaci\u00f3n o negativa; las solicitudes de correcci\u00f3n o impugnaci\u00f3n a las resoluciones de negativa; las objeciones presentadas por las organizaciones pol\u00edticas; y, las candidaturas calificadas. Entre otros documentos, las resoluciones e impugnaciones a la resoluci\u00f3n del 11 de noviembre en la que el CNE resolvi\u00f3 continuar con la calificaci\u00f3n de candidatos presentados. En la fase de democracia interna, Justicia Social nomin\u00f3 a Fabricio Correa y Marcia Yazbek como su binomio presidencial, pero ellos desistieron de esta. El 7 de octubre, al cierre del plazo de ingreso de documentaci\u00f3n, el grupo pol\u00edtico intent\u00f3 ingresar a Carlos Cassanello y Marien Segura; y hasta se habl\u00f3 de \u00c1lvaro Noboa, pero no lograron ingresar porque el sistema cerr\u00f3 a las 18:00. El consejero Jos\u00e9 Cabrera explic\u00f3 en una entrevista radial que el movimiento s\u00ed realiz\u00f3 primarias e inscribi\u00f3 candidatos para parlamentarios andinos y para asamble\u00edstas en diez provincias. Pero, no inscribi\u00f3 candidatos para binomio presidencial, ni asamble\u00edstas nacionales. (I) https:\/\/www.eluniverso.com\/noticias\/2020\/11\/26\/nota\/8063107\/elecciones-presidenciales-ecuador-2021-tribunal-contencioso#cxrecs_s<\/p>\n","protected":false},"author":1,"featured_media":257600,"comment_status":"closed","ping_status":"closed","sticky":false,"template":"","format":"standard","meta":[],"categories":[40,23],"tags":[],"_links":{"self":[{"href":"https:\/\/www.ecuadortimes.net\/es\/wp-json\/wp\/v2\/posts\/257599"}],"collection":[{"href":"https:\/\/www.ecuadortimes.net\/es\/wp-json\/wp\/v2\/posts"}],"about":[{"href":"https:\/\/www.ecuadortimes.net\/es\/wp-json\/wp\/v2\/types\/post"}],"author":[{"embeddable":true,"href":"https:\/\/www.ecuadortimes.net\/es\/wp-json\/wp\/v2\/users\/1"}],"replies":[{"embeddable":true,"href":"https:\/\/www.ecuadortimes.net\/es\/wp-json\/wp\/v2\/comments?post=257599"}],"version-history":[{"count":1,"href":"https:\/\/www.ecuadortimes.net\/es\/wp-json\/wp\/v2\/posts\/257599\/revisions"}],"predecessor-version":[{"id":257601,"href":"https:\/\/www.ecuadortimes.net\/es\/wp-json\/wp\/v2\/posts\/257599\/revisions\/257601"}],"wp:featuredmedia":[{"embeddable":true,"href":"https:\/\/www.ecuadortimes.net\/es\/wp-json\/wp\/v2\/media\/257600"}],"wp:attachment":[{"href":"https:\/\/www.ecuadortimes.net\/es\/wp-json\/wp\/v2\/media?parent=257599"}],"wp:term":[{"taxonomy":"category","embeddable":true,"href":"https:\/\/www.ecuadortimes.net\/es\/wp-json\/wp\/v2\/categories?post=257599"},{"taxonomy":"post_tag","embeddable":true,"href":"https:\/\/www.ecuadortimes.net\/es\/wp-json\/wp\/v2\/tags?post=257599"}],"curies":[{"name":"wp","href":"https:\/\/api.w.org\/{rel}","templated":true}]}}