{"id":257606,"date":"2020-11-27T22:46:32","date_gmt":"2020-11-27T22:46:32","guid":{"rendered":"https:\/\/www.ecuadortimes.net\/es\/?p=257606"},"modified":"2020-11-27T22:46:32","modified_gmt":"2020-11-27T22:46:32","slug":"paises-de-latinoamerica-y-el-caribe-apuntan-a-fortalecer-la-conectividad-rural","status":"publish","type":"post","link":"https:\/\/www.ecuadortimes.net\/es\/paises-de-latinoamerica-y-el-caribe-apuntan-a-fortalecer-la-conectividad-rural\/","title":{"rendered":"Pa\u00edses de Latinoam\u00e9rica y el Caribe apuntan a fortalecer la conectividad rural"},"content":{"rendered":"<div class=\"itemFullText\">\n<p>Los pa\u00edses de Am\u00e9rica Latina y el Caribe deben intensificar sus pol\u00edticas p\u00fablicas, para desarrollar la conectividad digital en la ruralidad de nuestros pa\u00edses. Esta es una de las conclusiones\u00a0de los participantes del segundo panel de la VII Conferencia Ministerial sobre Sociedad de la Informaci\u00f3n en Am\u00e9rica Latina y el Caribe, en el marco de la ELAC2020, que preside Ecuador.<\/p>\n<div id=\"attachment_257607\" style=\"width: 1210px\" class=\"wp-caption alignnone\"><img aria-describedby=\"caption-attachment-257607\" loading=\"lazy\" class=\"size-full wp-image-257607\" src=\"https:\/\/www.ecuadortimes.net\/es\/wp-content\/uploads\/2020\/11\/ecuador-news-ecuadortimes-latinamerica-caribbean-point-make-stronger-rural-connectivity.jpg\" alt=\"\" width=\"1200\" height=\"566\" \/><p id=\"caption-attachment-257607\" class=\"wp-caption-text\">Pa\u00edses de Latinoam\u00e9rica y el Caribe apuntan a fortalecer la conectividad rural<\/p><\/div>\n<p>La viceministra de Comunicaciones del Per\u00fa, Virginia Nakagawa, resalt\u00f3 el impacto e importancia de la conectividad rural, tras revelar los sacrificios que deben hacer los hogares peruanos de bajos ingresos, que les demanda un gasto mensual promedio de $ 100, solo en acceso a internet, seg\u00fan un estudio reciente.<\/p>\n<p>Ah\u00ed radica la importancia y la urgencia de aplicar pol\u00edticas p\u00fablicas inclusivas por parte de los Estados, para superar la brecha digital y enfrentar la inequidad social. Adem\u00e1s, reliev\u00f3 la importancia de contar con un Ministerio rector del sector, como en el caso del Ecuador, que tiene su Ministerio.<\/p>\n<p>\u00c1ngel Melguizo, presidente de la Asociaci\u00f3n Interamericana de Empresas de Telecomunicaciones, resalt\u00f3 que 3 de cada 10 latinoamericanos no tienen internet en absoluto. La situaci\u00f3n se agudiza en los hogares pobres. De ah\u00ed que uno de los retos es dotar de conectividad de calidad para cubrir la demanda en temas urgentes, como la educaci\u00f3n.<\/p>\n<p>Resalt\u00f3 que otro reto para la regi\u00f3n es mejorar la calidad de la inversi\u00f3n p\u00fablica y privada\u00a0y que debe haber una regulaci\u00f3n inteligente de los fondos de servicio universal, sobre todo para sitios focalizados que atiendan a los m\u00e1s vulnerables. Propuso que los operadores usen los fondos para que gestionen la conectividad en las \u00e1reas rurales de los pa\u00edses de la regi\u00f3n.<\/p>\n<p>Yacine Khelladi, coordinador para Am\u00e9rica Latina y el Caribe de Alliance for Affordable (Internet Alianza para Internet Asequible), destac\u00f3 la importancia de la asequibilidad, es decir, es importante garantizar la capacidad ciudadana para pagar la conectividad. La brecha digital amplifica la brecha social, y una mayor conectividad generar\u00e1 m\u00e1s equidad.<\/p>\n<p>Resalt\u00f3 lo que llam\u00f3 \u201cconectividad significativa\u201d, nuevo concepto para que los Estados incluyan: m\u00e1s velocidad, acceso a dispositivos, datos ilimitados y uso diario. Esto representa pasar del actual 42% de conectividad bajo estas caracter\u00edsticas, al 90%; esa transici\u00f3n tecnol\u00f3gica le constar\u00eda a Am\u00e9rica Latina $ 40 mil millones, por eso el sector requiere nuevos incentivos.<\/p>\n<p>Rodrigo de la Parra, vicepresidente para Am\u00e9rica Latina de la Corporaci\u00f3n de Internet para la Asignaci\u00f3n de Nombres y N\u00fameros, propuso trabajar en la infraestructura de una agenda digital integral, que incluya la apropiaci\u00f3n social de las nuevas tecnolog\u00edas.<\/p>\n<p>Agreg\u00f3 que la infraestructura pasada de pronto no se ha optimizado del todo. En la nueva realidad, la gente produce y tiene oportunidades si est\u00e1 conectada; el que no, est\u00e1 aislado. La pandemia puso una prueba de estr\u00e9s a todos los sectores, especialmente al tecnol\u00f3gico que soport\u00f3 un uso masivo.<\/p>\n<p>Emiliano Calder\u00f3n, coordinador de Estrategia Digital Nacional de M\u00e9xico, resalt\u00f3 que las TIC son un factor de inclusi\u00f3n y resiliencia, sobre todo de los olvidados. \u201cM\u00e1s que esfuerzo, es una obligaci\u00f3n del Estado dar acceso y cobertura a los ciudadanos\u201d.<\/p>\n<p>Resalt\u00f3 que en M\u00e9xico, sobre un \u00e1rea de 2 millones de km2, unos 40 millones no tienen conexi\u00f3n ni cobertura, por lo que el Gobierno tiene el reto de cubrir su territorio nacional con acceso a internet. Acot\u00f3 que de las 300.000 localidades del pa\u00eds, 180 mil est\u00e1n aisladas y esperan cubrir 160 mil en lo que resta del 2020 y el 2021.<\/p>\n<p>En el foro participaron, adem\u00e1s, James Kwasi Thompson, Ministro de Estado en la Oficina del Primer Ministro de Bahamas; Lidia Brito, directora de la Oficina de Ciencias de Am\u00e9rica Latina y el Caribe de la UNESCO; Pamela Gidi, Subsecretaria de Telecomunicaciones de Chile; Mischa Dohler, profesor de King\u2019s College London; Lucas Gallito, Director para Am\u00e9rica Latina, Asociaci\u00f3n de Operadores M\u00f3viles (GSMA), y Patricia Falcon\u00ed, Subsecretaria de Telecomunicaciones de Ecuador y representante de la Presidencia de la Mesa Directiva de eLAC.<\/p>\n<p>Paralelamente, se desarroll\u00f3 el panel \u201cHacia la coherencia de pol\u00edticas y la integraci\u00f3n digital en Am\u00e9rica Latina y el Caribe\u201d, en la cual particip\u00f3 la Directora Nacional de Registro de Datos P\u00fablicos del Ecuador, Lorena Naranjo. En el encuentro se debati\u00f3 sobre la seguridad de la informaci\u00f3n y protecci\u00f3n de datos personales.<\/p>\n<p>Los participantes coincidieron en generar pol\u00edticas de protecci\u00f3n de datos aplicables y compatibles de manera regional, teniendo como referente los modelos europeos, donde hay un mercado \u00fanico digital.<\/p>\n<p>Naranjo mencion\u00f3 que el Gobierno trabaja una propuesta de Ley de Protecci\u00f3n de Datos Personales, entendiendo que el resguardo digital debe integrar soluciones aplicables en un contexto donde las fronteras digitales no existen. (I)<\/p>\n<\/div>\n<p><a href=\"https:\/\/www.eltelegrafo.com.ec\/noticias\/economia\/4\/paises-latinoamerica-caribe-conectividad-rural\">https:\/\/www.eltelegrafo.com.ec\/noticias\/economia\/4\/paises-latinoamerica-caribe-conectividad-rural<\/a><\/p>\n","protected":false},"excerpt":{"rendered":"<p>Los pa\u00edses de Am\u00e9rica Latina y el Caribe deben intensificar sus pol\u00edticas p\u00fablicas, para desarrollar la conectividad digital en la ruralidad de nuestros pa\u00edses. Esta es una de las conclusiones\u00a0de los participantes del segundo panel de la VII Conferencia Ministerial sobre Sociedad de la Informaci\u00f3n en Am\u00e9rica Latina y el Caribe, en el marco de la ELAC2020, que preside Ecuador. La viceministra de Comunicaciones del Per\u00fa, Virginia Nakagawa, resalt\u00f3 el impacto e importancia de la conectividad rural, tras revelar los sacrificios que deben hacer los hogares peruanos de bajos ingresos, que les demanda un gasto mensual promedio de $ 100, solo en acceso a internet, seg\u00fan un estudio reciente. Ah\u00ed radica la importancia y la urgencia de aplicar pol\u00edticas p\u00fablicas inclusivas por parte de los Estados, para superar la brecha digital y enfrentar la inequidad social. Adem\u00e1s, reliev\u00f3 la importancia de contar con un Ministerio rector del sector, como en el caso del Ecuador, que tiene su Ministerio. \u00c1ngel Melguizo, presidente de la Asociaci\u00f3n Interamericana de Empresas de Telecomunicaciones, resalt\u00f3 que 3 de cada 10 latinoamericanos no tienen internet en absoluto. La situaci\u00f3n se agudiza en los hogares pobres. De ah\u00ed que uno de los retos es dotar de conectividad de calidad para cubrir la demanda en temas urgentes, como la educaci\u00f3n. Resalt\u00f3 que otro reto para la regi\u00f3n es mejorar la calidad de la inversi\u00f3n p\u00fablica y privada\u00a0y que debe haber una regulaci\u00f3n inteligente de los fondos de servicio universal, sobre todo para sitios focalizados que atiendan a los m\u00e1s vulnerables. Propuso que los operadores usen los fondos para que gestionen la conectividad en las \u00e1reas rurales de los pa\u00edses de la regi\u00f3n. Yacine Khelladi, coordinador para Am\u00e9rica Latina y el Caribe de Alliance for Affordable (Internet Alianza para Internet Asequible), destac\u00f3 la importancia de la asequibilidad, es decir, es importante garantizar la capacidad ciudadana para pagar la conectividad. La brecha digital amplifica la brecha social, y una mayor conectividad generar\u00e1 m\u00e1s equidad. Resalt\u00f3 lo que llam\u00f3 \u201cconectividad significativa\u201d, nuevo concepto para que los Estados incluyan: m\u00e1s velocidad, acceso a dispositivos, datos ilimitados y uso diario. Esto representa pasar del actual 42% de conectividad bajo estas caracter\u00edsticas, al 90%; esa transici\u00f3n tecnol\u00f3gica le constar\u00eda a Am\u00e9rica Latina $ 40 mil millones, por eso el sector requiere nuevos incentivos. Rodrigo de la Parra, vicepresidente para Am\u00e9rica Latina de la Corporaci\u00f3n de Internet para la Asignaci\u00f3n de Nombres y N\u00fameros, propuso trabajar en la infraestructura de una agenda digital integral, que incluya la apropiaci\u00f3n social de las nuevas tecnolog\u00edas. Agreg\u00f3 que la infraestructura pasada de pronto no se ha optimizado del todo. En la nueva realidad, la gente produce y tiene oportunidades si est\u00e1 conectada; el que no, est\u00e1 aislado. La pandemia puso una prueba de estr\u00e9s a todos los sectores, especialmente al tecnol\u00f3gico que soport\u00f3 un uso masivo. Emiliano Calder\u00f3n, coordinador de Estrategia Digital Nacional de M\u00e9xico, resalt\u00f3 que las TIC son un factor de inclusi\u00f3n y resiliencia, sobre todo de los olvidados. \u201cM\u00e1s que esfuerzo, es una obligaci\u00f3n del Estado dar acceso y cobertura a los ciudadanos\u201d. Resalt\u00f3 que en M\u00e9xico, sobre un \u00e1rea de 2 millones de km2, unos 40 millones no tienen conexi\u00f3n ni cobertura, por lo que el Gobierno tiene el reto de cubrir su territorio nacional con acceso a internet. Acot\u00f3 que de las 300.000 localidades del pa\u00eds, 180 mil est\u00e1n aisladas y esperan cubrir 160 mil en lo que resta del 2020 y el 2021. En el foro participaron, adem\u00e1s, James Kwasi Thompson, Ministro de Estado en la Oficina del Primer Ministro de Bahamas; Lidia Brito, directora de la Oficina de Ciencias de Am\u00e9rica Latina y el Caribe de la UNESCO; Pamela Gidi, Subsecretaria de Telecomunicaciones de Chile; Mischa Dohler, profesor de King\u2019s College London; Lucas Gallito, Director para Am\u00e9rica Latina, Asociaci\u00f3n de Operadores M\u00f3viles (GSMA), y Patricia Falcon\u00ed, Subsecretaria de Telecomunicaciones de Ecuador y representante de la Presidencia de la Mesa Directiva de eLAC. Paralelamente, se desarroll\u00f3 el panel \u201cHacia la coherencia de pol\u00edticas y la integraci\u00f3n digital en Am\u00e9rica Latina y el Caribe\u201d, en la cual particip\u00f3 la Directora Nacional de Registro de Datos P\u00fablicos del Ecuador, Lorena Naranjo. En el encuentro se debati\u00f3 sobre la seguridad de la informaci\u00f3n y protecci\u00f3n de datos personales. Los participantes coincidieron en generar pol\u00edticas de protecci\u00f3n de datos aplicables y compatibles de manera regional, teniendo como referente los modelos europeos, donde hay un mercado \u00fanico digital. Naranjo mencion\u00f3 que el Gobierno trabaja una propuesta de Ley de Protecci\u00f3n de Datos Personales, entendiendo que el resguardo digital debe integrar soluciones aplicables en un contexto donde las fronteras digitales no existen. (I) https:\/\/www.eltelegrafo.com.ec\/noticias\/economia\/4\/paises-latinoamerica-caribe-conectividad-rural<\/p>\n","protected":false},"author":1,"featured_media":257607,"comment_status":"closed","ping_status":"closed","sticky":false,"template":"","format":"standard","meta":[],"categories":[40,24],"tags":[],"_links":{"self":[{"href":"https:\/\/www.ecuadortimes.net\/es\/wp-json\/wp\/v2\/posts\/257606"}],"collection":[{"href":"https:\/\/www.ecuadortimes.net\/es\/wp-json\/wp\/v2\/posts"}],"about":[{"href":"https:\/\/www.ecuadortimes.net\/es\/wp-json\/wp\/v2\/types\/post"}],"author":[{"embeddable":true,"href":"https:\/\/www.ecuadortimes.net\/es\/wp-json\/wp\/v2\/users\/1"}],"replies":[{"embeddable":true,"href":"https:\/\/www.ecuadortimes.net\/es\/wp-json\/wp\/v2\/comments?post=257606"}],"version-history":[{"count":1,"href":"https:\/\/www.ecuadortimes.net\/es\/wp-json\/wp\/v2\/posts\/257606\/revisions"}],"predecessor-version":[{"id":257608,"href":"https:\/\/www.ecuadortimes.net\/es\/wp-json\/wp\/v2\/posts\/257606\/revisions\/257608"}],"wp:featuredmedia":[{"embeddable":true,"href":"https:\/\/www.ecuadortimes.net\/es\/wp-json\/wp\/v2\/media\/257607"}],"wp:attachment":[{"href":"https:\/\/www.ecuadortimes.net\/es\/wp-json\/wp\/v2\/media?parent=257606"}],"wp:term":[{"taxonomy":"category","embeddable":true,"href":"https:\/\/www.ecuadortimes.net\/es\/wp-json\/wp\/v2\/categories?post=257606"},{"taxonomy":"post_tag","embeddable":true,"href":"https:\/\/www.ecuadortimes.net\/es\/wp-json\/wp\/v2\/tags?post=257606"}],"curies":[{"name":"wp","href":"https:\/\/api.w.org\/{rel}","templated":true}]}}