{"id":257613,"date":"2020-11-30T23:02:35","date_gmt":"2020-11-30T23:02:35","guid":{"rendered":"https:\/\/www.ecuadortimes.net\/es\/?p=257613"},"modified":"2020-11-30T23:02:35","modified_gmt":"2020-11-30T23:02:35","slug":"contencioso-acepta-impugnacion-contra-arauz-y-pide-al-cne-que-la-resuelva","status":"publish","type":"post","link":"https:\/\/www.ecuadortimes.net\/es\/contencioso-acepta-impugnacion-contra-arauz-y-pide-al-cne-que-la-resuelva\/","title":{"rendered":"Contencioso acepta impugnaci\u00f3n contra Arauz y pide al CNE que la resuelva"},"content":{"rendered":"<p>El\u00a0<strong>Tribunal Contencioso Electoral<\/strong>\u00a0(TCE) ha aceptado parcialmente el recurso de impugnaci\u00f3n en contra del binomio corre\u00edsta\u00a0<strong>Andr\u00e9s Arauz<\/strong>\u00a0y\u00a0<strong>Carlos Rabascall<\/strong>, y pidi\u00f3 al\u00a0<strong>Consejo Nacional Electoral<\/strong> que se pronuncie sobre este pedido, que ya hab\u00eda sido rechazado anteriormente por el CNE, en tres d\u00edas.<\/p>\n<div id=\"attachment_12239\" style=\"width: 688px\" class=\"wp-caption alignnone\"><img aria-describedby=\"caption-attachment-12239\" loading=\"lazy\" class=\"size-full wp-image-12239\" src=\"https:\/\/www.revista-laverdad.com\/wp-content\/uploads\/2020\/11\/revista-la-verdad-ecuador-contencioso-acepta-impugnacion-contra-arauz-cne-resuelva.jpg\" alt=\"\" width=\"678\" height=\"381\" \/><p id=\"caption-attachment-12239\" class=\"wp-caption-text\">Contencioso acepta impugnaci\u00f3n contra Arauz y pide al CNE que la resuelva<\/p><\/div>\n<p>Los impugnantes son Carlos Arboleda y Wilson Freire. Ambos cuestionan la alianza electoral de<strong>\u00a0Centro Democr\u00e1tico y Fuerza Compromiso Social<\/strong>\u00a0argumentando que esta \u00faltima agrupaci\u00f3n fue eliminada del Registro de Organizaciones Pol\u00edticas del Consejo Nacional Electoral (CNE), despu\u00e9s de una recomendaci\u00f3n en un informe de auditor\u00eda de la\u00a0<strong>Contralor\u00eda del Estado<\/strong>.<\/p>\n<p>En noviembre 12, el TCE devolvi\u00f3 la personer\u00eda jur\u00eddica a\u00a0<strong>Fuerza Compromiso Social el 12 de noviembre<\/strong>\u00a0y el CNE calific\u00f3 las candidaturas de Arauz y Rabascall.<\/p>\n<p>El partido corre\u00edsta, la Alianza Uni\u00f3n por la Esperanza (UNES) ha rechazado horas antes lo que calificaron como \u201cnueva dilataci\u00f3n\u201d de la sesi\u00f3n del Tribunal. Criticaron tambi\u00e9n la decisi\u00f3n del TCE de eliminar la lista de candidatos a asamble\u00edstas en Gal\u00e1pagos.<\/p>\n<p>Liliana Dur\u00e1n, coordinadora de UNES, dijo que tanto el Mercosur y l\u00edderes mundiales han expresado su preocupaci\u00f3n \u201cpor el sistema democr\u00e1tico debilitado en Ecuador\u201d y mostr\u00f3 un documento con los nombres de los expresidsentes Lula Da Silva, Fernando Lugo, Jos\u00e9 Mujica, Tabar\u00e9 V\u00e1squez, y Evo Morales.<\/p>\n<p><a href=\"https:\/\/www.larepublica.ec\/blog\/2020\/11\/29\/contencioso-acepta-impugnacion-contra-arauz-y-pide-al-cne-que-la-resuelva\/\">https:\/\/www.larepublica.ec\/blog\/2020\/11\/29\/contencioso-acepta-impugnacion-contra-arauz-y-pide-al-cne-que-la-resuelva\/<\/a><\/p>\n","protected":false},"excerpt":{"rendered":"<p>El\u00a0Tribunal Contencioso Electoral\u00a0(TCE) ha aceptado parcialmente el recurso de impugnaci\u00f3n en contra del binomio corre\u00edsta\u00a0Andr\u00e9s Arauz\u00a0y\u00a0Carlos Rabascall, y pidi\u00f3 al\u00a0Consejo Nacional Electoral que se pronuncie sobre este pedido, que ya hab\u00eda sido rechazado anteriormente por el CNE, en tres d\u00edas. Los impugnantes son Carlos Arboleda y Wilson Freire. Ambos cuestionan la alianza electoral de\u00a0Centro Democr\u00e1tico y Fuerza Compromiso Social\u00a0argumentando que esta \u00faltima agrupaci\u00f3n fue eliminada del Registro de Organizaciones Pol\u00edticas del Consejo Nacional Electoral (CNE), despu\u00e9s de una recomendaci\u00f3n en un informe de auditor\u00eda de la\u00a0Contralor\u00eda del Estado. En noviembre 12, el TCE devolvi\u00f3 la personer\u00eda jur\u00eddica a\u00a0Fuerza Compromiso Social el 12 de noviembre\u00a0y el CNE calific\u00f3 las candidaturas de Arauz y Rabascall. El partido corre\u00edsta, la Alianza Uni\u00f3n por la Esperanza (UNES) ha rechazado horas antes lo que calificaron como \u201cnueva dilataci\u00f3n\u201d de la sesi\u00f3n del Tribunal. Criticaron tambi\u00e9n la decisi\u00f3n del TCE de eliminar la lista de candidatos a asamble\u00edstas en Gal\u00e1pagos. Liliana Dur\u00e1n, coordinadora de UNES, dijo que tanto el Mercosur y l\u00edderes mundiales han expresado su preocupaci\u00f3n \u201cpor el sistema democr\u00e1tico debilitado en Ecuador\u201d y mostr\u00f3 un documento con los nombres de los expresidsentes Lula Da Silva, Fernando Lugo, Jos\u00e9 Mujica, Tabar\u00e9 V\u00e1squez, y Evo Morales. https:\/\/www.larepublica.ec\/blog\/2020\/11\/29\/contencioso-acepta-impugnacion-contra-arauz-y-pide-al-cne-que-la-resuelva\/<\/p>\n","protected":false},"author":1,"featured_media":257614,"comment_status":"closed","ping_status":"closed","sticky":false,"template":"","format":"standard","meta":[],"categories":[40,24],"tags":[],"_links":{"self":[{"href":"https:\/\/www.ecuadortimes.net\/es\/wp-json\/wp\/v2\/posts\/257613"}],"collection":[{"href":"https:\/\/www.ecuadortimes.net\/es\/wp-json\/wp\/v2\/posts"}],"about":[{"href":"https:\/\/www.ecuadortimes.net\/es\/wp-json\/wp\/v2\/types\/post"}],"author":[{"embeddable":true,"href":"https:\/\/www.ecuadortimes.net\/es\/wp-json\/wp\/v2\/users\/1"}],"replies":[{"embeddable":true,"href":"https:\/\/www.ecuadortimes.net\/es\/wp-json\/wp\/v2\/comments?post=257613"}],"version-history":[{"count":1,"href":"https:\/\/www.ecuadortimes.net\/es\/wp-json\/wp\/v2\/posts\/257613\/revisions"}],"predecessor-version":[{"id":257615,"href":"https:\/\/www.ecuadortimes.net\/es\/wp-json\/wp\/v2\/posts\/257613\/revisions\/257615"}],"wp:featuredmedia":[{"embeddable":true,"href":"https:\/\/www.ecuadortimes.net\/es\/wp-json\/wp\/v2\/media\/257614"}],"wp:attachment":[{"href":"https:\/\/www.ecuadortimes.net\/es\/wp-json\/wp\/v2\/media?parent=257613"}],"wp:term":[{"taxonomy":"category","embeddable":true,"href":"https:\/\/www.ecuadortimes.net\/es\/wp-json\/wp\/v2\/categories?post=257613"},{"taxonomy":"post_tag","embeddable":true,"href":"https:\/\/www.ecuadortimes.net\/es\/wp-json\/wp\/v2\/tags?post=257613"}],"curies":[{"name":"wp","href":"https:\/\/api.w.org\/{rel}","templated":true}]}}