{"id":257616,"date":"2020-11-30T23:22:07","date_gmt":"2020-11-30T23:22:07","guid":{"rendered":"https:\/\/www.ecuadortimes.net\/es\/?p=257616"},"modified":"2020-11-30T23:22:07","modified_gmt":"2020-11-30T23:22:07","slug":"pescadores-instan-a-que-no-se-de-paso-a-pedido-de-ampliar-reserva-marina-de-galapagos","status":"publish","type":"post","link":"https:\/\/www.ecuadortimes.net\/es\/pescadores-instan-a-que-no-se-de-paso-a-pedido-de-ampliar-reserva-marina-de-galapagos\/","title":{"rendered":"Pescadores instan a que no se d\u00e9 paso a pedido de ampliar reserva marina de Gal\u00e1pagos"},"content":{"rendered":"<p>Dirigentes y representantes de las diferentes cooperativas de pesca artesanal del pa\u00eds prev\u00e9n, este lunes 30 de noviembre, una marcha en Guayaquil para expresar su oposici\u00f3n a que se d\u00e9 paso a una eventual ampliaci\u00f3n de la reserva marina de Gal\u00e1pagos, mayor seguridad a sus actividades y, finalmente, que no se d\u00e9 paso a una nueva modificaci\u00f3n en la ya aprobada Ley de Pesca.<\/p>\n<div id=\"attachment_257617\" style=\"width: 1210px\" class=\"wp-caption alignnone\"><img aria-describedby=\"caption-attachment-257617\" loading=\"lazy\" class=\"size-full wp-image-257617\" src=\"https:\/\/www.ecuadortimes.net\/es\/wp-content\/uploads\/2020\/11\/ecuador-times-ecuador-news-fishermen-ask-not-to-amplify-marine-reserve-galapagos.jpg\" alt=\"\" width=\"1200\" height=\"810\" srcset=\"https:\/\/www.ecuadortimes.net\/es\/wp-content\/uploads\/2020\/11\/ecuador-times-ecuador-news-fishermen-ask-not-to-amplify-marine-reserve-galapagos.jpg 1200w, https:\/\/www.ecuadortimes.net\/es\/wp-content\/uploads\/2020\/11\/ecuador-times-ecuador-news-fishermen-ask-not-to-amplify-marine-reserve-galapagos-75x52.jpg 75w\" sizes=\"(max-width: 1200px) 100vw, 1200px\" \/><p id=\"caption-attachment-257617\" class=\"wp-caption-text\">Pescadores instan a que no se d\u00e9 paso a pedido de ampliar reserva marina de Gal\u00e1pagos<\/p><\/div>\n<p>De esta forma se pronuncian los miembros de la Federaci\u00f3n Nacional de Pescadores Artesanales del Ecuador (Fenacopec) cuyos integrantes, el pasado viernes hicieron notar sus preocupaciones sobre estos temas.<\/p>\n<p>Gabriela Cruz, una de las integrantes de la Fenacopec, sostiene que se oponen a una\u00a0pretendida ampliaci\u00f3n de la Reserva Marina de Gal\u00e1pagos, que impulsa un grupo de ONGs ambientalistas nacionales e internacionales, apoyados por funcionarios p\u00fablicos.<\/p>\n<p>&#8220;Lo \u00fanico que generar\u00eda son perjuicios para nuestra actividad, que la realizamos de manera responsable, y que es el sustento para miles de familias en el pa\u00eds&#8221;, recalca.<\/p>\n<p>Para ella, no existen evidencias ni avaladas\u00a0por instituciones p\u00fablicas, que prueben que ampliar la reserva ser\u00eda una decisi\u00f3n correcta. Es importante recordar que la mayor parte de las capturas en la Zona Econ\u00f3mica Exclusiva Insular son de especies altamente migratorias que, adem\u00e1s, no utilizan las \u00e1reas de las islas Gal\u00e1pagos para reproducirse sino para alimentarse.<\/p>\n<p>Respecto de la seguridad, aclara que en forma constante est\u00e1n afectados por atracos y actividades il\u00edcitas de delincuentes del mar y la extorsi\u00f3n. &#8220;Solicitamos que se fortalezca el control en todas las zonas costeras donde trabajamos y que se sancione a quienes afectan nuestro trabajo y a nuestras familias&#8221;.<\/p>\n<p>Finalmente, alerta sobre el pedido, seg\u00fan ella, de determinados armadores industriales de la flota de red de cerco, para que haya una modificaci\u00f3n en la ya aprobada Ley de Pesca y Acuacultura.<\/p>\n<p>&#8220;No es posible, dice, que cuando esta norma se aprob\u00f3 hace pocos meses, tras largos a\u00f1os de trabajo y b\u00fasqueda de consenso con todos los actores, nuevamente se pretenda introducir cambios. Exigimos a la Asamblea Nacional que descarte cualquier posibilidad de modificaci\u00f3n&#8221;, puntualiza Cruz.<\/p>\n<p>Esta postura se contrapone a la de que dirigentes de asociaciones como la de Barcos Chinchorreros. Jos\u00e9 Cevallos, titular de este gremio sostiene que por la Ley de Pesca tienen limitantes en sus actividades, pues sus embarcaciones al pescar fuera de las 8 millas sufren afectaciones y ha habido casos de naves que han zozobrado. Pues asegura que por sus caracter\u00edsticas sus barcos no tienen autonom\u00eda para pescar fuera de las 8 millas. &#8220;De un plumazo nos convirtieron en industriales&#8221;.<\/p>\n<p>Respecto de la marcha, est\u00e1 prevista que se efect\u00fae a las 10:00 de este lunes, desde el parque Centenario hasta la Gobernaci\u00f3n del Guayas. La Fenacopec ya emiti\u00f3 un comunicado a la Presidencia de la Rep\u00fablica y de la Asamblea, as\u00ed como al Ministerio de Producci\u00f3n, Pesca y Acuacultura. (I)<\/p>\n<p><a href=\"https:\/\/www.eltelegrafo.com.ec\/noticias\/economia\/3\/pescadores-artesanales-paso-pedido-reserva-marina-de-galapagos\">https:\/\/www.eltelegrafo.com.ec\/noticias\/economia\/3\/pescadores-artesanales-paso-pedido-reserva-marina-de-galapagos<\/a><\/p>\n","protected":false},"excerpt":{"rendered":"<p>Dirigentes y representantes de las diferentes cooperativas de pesca artesanal del pa\u00eds prev\u00e9n, este lunes 30 de noviembre, una marcha en Guayaquil para expresar su oposici\u00f3n a que se d\u00e9 paso a una eventual ampliaci\u00f3n de la reserva marina de Gal\u00e1pagos, mayor seguridad a sus actividades y, finalmente, que no se d\u00e9 paso a una nueva modificaci\u00f3n en la ya aprobada Ley de Pesca. De esta forma se pronuncian los miembros de la Federaci\u00f3n Nacional de Pescadores Artesanales del Ecuador (Fenacopec) cuyos integrantes, el pasado viernes hicieron notar sus preocupaciones sobre estos temas. Gabriela Cruz, una de las integrantes de la Fenacopec, sostiene que se oponen a una\u00a0pretendida ampliaci\u00f3n de la Reserva Marina de Gal\u00e1pagos, que impulsa un grupo de ONGs ambientalistas nacionales e internacionales, apoyados por funcionarios p\u00fablicos. &#8220;Lo \u00fanico que generar\u00eda son perjuicios para nuestra actividad, que la realizamos de manera responsable, y que es el sustento para miles de familias en el pa\u00eds&#8221;, recalca. Para ella, no existen evidencias ni avaladas\u00a0por instituciones p\u00fablicas, que prueben que ampliar la reserva ser\u00eda una decisi\u00f3n correcta. Es importante recordar que la mayor parte de las capturas en la Zona Econ\u00f3mica Exclusiva Insular son de especies altamente migratorias que, adem\u00e1s, no utilizan las \u00e1reas de las islas Gal\u00e1pagos para reproducirse sino para alimentarse. Respecto de la seguridad, aclara que en forma constante est\u00e1n afectados por atracos y actividades il\u00edcitas de delincuentes del mar y la extorsi\u00f3n. &#8220;Solicitamos que se fortalezca el control en todas las zonas costeras donde trabajamos y que se sancione a quienes afectan nuestro trabajo y a nuestras familias&#8221;. Finalmente, alerta sobre el pedido, seg\u00fan ella, de determinados armadores industriales de la flota de red de cerco, para que haya una modificaci\u00f3n en la ya aprobada Ley de Pesca y Acuacultura. &#8220;No es posible, dice, que cuando esta norma se aprob\u00f3 hace pocos meses, tras largos a\u00f1os de trabajo y b\u00fasqueda de consenso con todos los actores, nuevamente se pretenda introducir cambios. Exigimos a la Asamblea Nacional que descarte cualquier posibilidad de modificaci\u00f3n&#8221;, puntualiza Cruz. Esta postura se contrapone a la de que dirigentes de asociaciones como la de Barcos Chinchorreros. Jos\u00e9 Cevallos, titular de este gremio sostiene que por la Ley de Pesca tienen limitantes en sus actividades, pues sus embarcaciones al pescar fuera de las 8 millas sufren afectaciones y ha habido casos de naves que han zozobrado. Pues asegura que por sus caracter\u00edsticas sus barcos no tienen autonom\u00eda para pescar fuera de las 8 millas. &#8220;De un plumazo nos convirtieron en industriales&#8221;. Respecto de la marcha, est\u00e1 prevista que se efect\u00fae a las 10:00 de este lunes, desde el parque Centenario hasta la Gobernaci\u00f3n del Guayas. La Fenacopec ya emiti\u00f3 un comunicado a la Presidencia de la Rep\u00fablica y de la Asamblea, as\u00ed como al Ministerio de Producci\u00f3n, Pesca y Acuacultura. (I) https:\/\/www.eltelegrafo.com.ec\/noticias\/economia\/3\/pescadores-artesanales-paso-pedido-reserva-marina-de-galapagos<\/p>\n","protected":false},"author":1,"featured_media":257617,"comment_status":"closed","ping_status":"closed","sticky":false,"template":"","format":"standard","meta":[],"categories":[43,24],"tags":[],"_links":{"self":[{"href":"https:\/\/www.ecuadortimes.net\/es\/wp-json\/wp\/v2\/posts\/257616"}],"collection":[{"href":"https:\/\/www.ecuadortimes.net\/es\/wp-json\/wp\/v2\/posts"}],"about":[{"href":"https:\/\/www.ecuadortimes.net\/es\/wp-json\/wp\/v2\/types\/post"}],"author":[{"embeddable":true,"href":"https:\/\/www.ecuadortimes.net\/es\/wp-json\/wp\/v2\/users\/1"}],"replies":[{"embeddable":true,"href":"https:\/\/www.ecuadortimes.net\/es\/wp-json\/wp\/v2\/comments?post=257616"}],"version-history":[{"count":1,"href":"https:\/\/www.ecuadortimes.net\/es\/wp-json\/wp\/v2\/posts\/257616\/revisions"}],"predecessor-version":[{"id":257618,"href":"https:\/\/www.ecuadortimes.net\/es\/wp-json\/wp\/v2\/posts\/257616\/revisions\/257618"}],"wp:featuredmedia":[{"embeddable":true,"href":"https:\/\/www.ecuadortimes.net\/es\/wp-json\/wp\/v2\/media\/257617"}],"wp:attachment":[{"href":"https:\/\/www.ecuadortimes.net\/es\/wp-json\/wp\/v2\/media?parent=257616"}],"wp:term":[{"taxonomy":"category","embeddable":true,"href":"https:\/\/www.ecuadortimes.net\/es\/wp-json\/wp\/v2\/categories?post=257616"},{"taxonomy":"post_tag","embeddable":true,"href":"https:\/\/www.ecuadortimes.net\/es\/wp-json\/wp\/v2\/tags?post=257616"}],"curies":[{"name":"wp","href":"https:\/\/api.w.org\/{rel}","templated":true}]}}