{"id":257619,"date":"2020-12-01T17:41:36","date_gmt":"2020-12-01T17:41:36","guid":{"rendered":"https:\/\/www.ecuadortimes.net\/es\/?p=257619"},"modified":"2020-12-01T17:41:36","modified_gmt":"2020-12-01T17:41:36","slug":"abogados-de-noboa-denuncian-ante-onu-y-cidh-el-peligro-de-fraude-en-ecuador","status":"publish","type":"post","link":"https:\/\/www.ecuadortimes.net\/es\/abogados-de-noboa-denuncian-ante-onu-y-cidh-el-peligro-de-fraude-en-ecuador\/","title":{"rendered":"Abogados de Noboa denuncian ante ONU y CIDH el peligro de \u2018fraude\u2019 en Ecuador"},"content":{"rendered":"<p id=\"m12-11-13\">El empresario ecuatoriano \u00c1lvaro Noboa ha denunciado ante la <b>ONU <\/b>y la Comisi\u00f3n Interamericana de Derechos Humanos (<b>CIDH<\/b>) el peligro de un &#8220;fraude&#8221; en las <b>elecciones <\/b>de 2021 en Ecuador, despu\u00e9s de que su candidatura presidencial fue descartada por el Consejo Nacional Electoral (CNE), dijo este lunes 30 de noviembre del 2020 a Efe su abogado <b>Ignacio \u00c1lvarez<\/b>.<\/p>\n<div id=\"attachment_257620\" style=\"width: 622px\" class=\"wp-caption alignnone\"><img aria-describedby=\"caption-attachment-257620\" loading=\"lazy\" class=\"size-full wp-image-257620\" src=\"https:\/\/www.ecuadortimes.net\/es\/wp-content\/uploads\/2020\/12\/ecuador-times-ecuador-news-lawyers-of-alvaro-noboa-denounce-before-un-cidh-fraud.jpeg\" alt=\"\" width=\"612\" height=\"340\" \/><p id=\"caption-attachment-257620\" class=\"wp-caption-text\">Abogados de Noboa denuncian ante ONU y CIDH el peligro de \u2018fraude\u2019 en Ecuador<\/p><\/div>\n<p id=\"m58-1-59\">&#8220;Se le est\u00e1 haciendo un fraude electoral grav\u00edsimo no solo al se\u00f1or Noboa sino a los ecuatorianos y ecuatorianas a quienes se les est\u00e1 arbitrariamente privando de la libertad de elegir libremente a su presidente&#8221;, declar\u00f3 el letrado, residenciado en <b>Washington<\/b>.<\/p>\n<p>&#8220;Es pecar de inocente -agreg\u00f3 \u00c1lvarez- pensar que la trampa se hace nada m\u00e1s el d\u00eda de las elecciones contando los votos. La trampa se puede hacer mucho antes como, por ejemplo, excluyendo a candidatos y limitando la libertad de expresi\u00f3n&#8221;.<\/p>\n<p>El <b>abogado <\/b>indic\u00f3 que han acudido ante el Comit\u00e9 de Derechos Humanos de las Naciones Unidas y adem\u00e1s hicieron llegar el caso a la oficina de la alta comisionada de la <b>ONU <\/b>para los derechos humanos, Michelle Bachelet.<\/p>\n<p>Tambi\u00e9n han recurrido a la <b>CIDH<\/b>, para solicitar una reuni\u00f3n con su presidente, <b>Joel Hern\u00e1ndez Garc\u00eda<\/b>, y la relatora para Ecuador, <b>Antonia Urrejola<\/b>.<\/p>\n<p>El pasado 12 de noviembre, la presidenta del <b>CNE <\/b>de Ecuador, <b>Diana Atamaint<\/b>, confirm\u00f3 que se ha descartado la candidatura de Noboa, propuesta por el movimiento <b>Justicia Social<\/b>, por incumplimientos en los requisitos establecidos.<\/p>\n<p>La titular del <b>\u00f3rgano electoral<\/b> indic\u00f3 que, tras la revisi\u00f3n de los informes t\u00e9cnicos, se vio que la candidatura del empresario no cumpli\u00f3 con el procedimiento dentro de los plazos establecidos que marca el calendario electoral e intent\u00f3 registrarse a \u00faltimo momento y pasando por alto el requisito de celebraci\u00f3n de primarias.<\/p>\n<p>Pese a que el <b>CNE <\/b>hab\u00eda pedido previamente la retirada de la personer\u00eda jur\u00eddica al grupo pol\u00edtico Justicia Social, el Tribunal Contencioso Electoral resolvi\u00f3 que deb\u00eda continuar con vida jur\u00eddica.<\/p>\n<p>\u00c1lvarez critic\u00f3 al <b>CNE <\/b>por presuntamente incumplir la decisi\u00f3n del <b>Tribunal Contencioso Electoral<\/b> de garantizar que el movimiento <b>Justicia Social<\/b> postulara a sus <b>candidatos<\/b>, y consider\u00f3 que ese organismo excluy\u00f3 &#8220;arbitrariamente&#8221; a Noboa de la posibilidad de participar en las elecciones de febrero pr\u00f3ximo.<\/p>\n<p>&#8220;La decisi\u00f3n de ellos es excluirlo y despu\u00e9s buscar el motivo&#8221;, sentenci\u00f3 el jurista, para quien se trata de una decisi\u00f3n del &#8220;establishment&#8221;, que, dijo, est\u00e1 representado en el CNE.<\/p>\n<p>En concreto, indic\u00f3 el abogado, est\u00e1n <b>denunciando <\/b>lo que consideran un &#8220;patr\u00f3n&#8221;, despu\u00e9s de que el partido que lideraba Noboa, &#8220;Adelante ecuatoriano adelante&#8221;, fuera cancelado por el <b>CNE<\/b>.<\/p>\n<p>Esa decisi\u00f3n, sin embargo, fue ratificada por el Tribunal Contencioso Electoral.<\/p>\n<p>Posteriormente, la <b>candidatura <\/b>del empresario ecuatoriano a nombre del movimiento Justicia Social no fue aceptada, agreg\u00f3 su abogado.<\/p>\n<p>Noboa, de 70 a\u00f1os, se postul\u00f3 a la <b>Presidencia <\/b>en 1998, 2002, 2006, 2009 y 2013.<\/p>\n<p><a href=\"https:\/\/www.elcomercio.com\/actualidad\/alvaro-noboa-denuncian-onu-elecciones.html\">https:\/\/www.elcomercio.com\/actualidad\/alvaro-noboa-denuncian-onu-elecciones.html<\/a><\/p>\n","protected":false},"excerpt":{"rendered":"<p>El empresario ecuatoriano \u00c1lvaro Noboa ha denunciado ante la ONU y la Comisi\u00f3n Interamericana de Derechos Humanos (CIDH) el peligro de un &#8220;fraude&#8221; en las elecciones de 2021 en Ecuador, despu\u00e9s de que su candidatura presidencial fue descartada por el Consejo Nacional Electoral (CNE), dijo este lunes 30 de noviembre del 2020 a Efe su abogado Ignacio \u00c1lvarez. &#8220;Se le est\u00e1 haciendo un fraude electoral grav\u00edsimo no solo al se\u00f1or Noboa sino a los ecuatorianos y ecuatorianas a quienes se les est\u00e1 arbitrariamente privando de la libertad de elegir libremente a su presidente&#8221;, declar\u00f3 el letrado, residenciado en Washington. &#8220;Es pecar de inocente -agreg\u00f3 \u00c1lvarez- pensar que la trampa se hace nada m\u00e1s el d\u00eda de las elecciones contando los votos. La trampa se puede hacer mucho antes como, por ejemplo, excluyendo a candidatos y limitando la libertad de expresi\u00f3n&#8221;. El abogado indic\u00f3 que han acudido ante el Comit\u00e9 de Derechos Humanos de las Naciones Unidas y adem\u00e1s hicieron llegar el caso a la oficina de la alta comisionada de la ONU para los derechos humanos, Michelle Bachelet. Tambi\u00e9n han recurrido a la CIDH, para solicitar una reuni\u00f3n con su presidente, Joel Hern\u00e1ndez Garc\u00eda, y la relatora para Ecuador, Antonia Urrejola. El pasado 12 de noviembre, la presidenta del CNE de Ecuador, Diana Atamaint, confirm\u00f3 que se ha descartado la candidatura de Noboa, propuesta por el movimiento Justicia Social, por incumplimientos en los requisitos establecidos. La titular del \u00f3rgano electoral indic\u00f3 que, tras la revisi\u00f3n de los informes t\u00e9cnicos, se vio que la candidatura del empresario no cumpli\u00f3 con el procedimiento dentro de los plazos establecidos que marca el calendario electoral e intent\u00f3 registrarse a \u00faltimo momento y pasando por alto el requisito de celebraci\u00f3n de primarias. Pese a que el CNE hab\u00eda pedido previamente la retirada de la personer\u00eda jur\u00eddica al grupo pol\u00edtico Justicia Social, el Tribunal Contencioso Electoral resolvi\u00f3 que deb\u00eda continuar con vida jur\u00eddica. \u00c1lvarez critic\u00f3 al CNE por presuntamente incumplir la decisi\u00f3n del Tribunal Contencioso Electoral de garantizar que el movimiento Justicia Social postulara a sus candidatos, y consider\u00f3 que ese organismo excluy\u00f3 &#8220;arbitrariamente&#8221; a Noboa de la posibilidad de participar en las elecciones de febrero pr\u00f3ximo. &#8220;La decisi\u00f3n de ellos es excluirlo y despu\u00e9s buscar el motivo&#8221;, sentenci\u00f3 el jurista, para quien se trata de una decisi\u00f3n del &#8220;establishment&#8221;, que, dijo, est\u00e1 representado en el CNE. En concreto, indic\u00f3 el abogado, est\u00e1n denunciando lo que consideran un &#8220;patr\u00f3n&#8221;, despu\u00e9s de que el partido que lideraba Noboa, &#8220;Adelante ecuatoriano adelante&#8221;, fuera cancelado por el CNE. Esa decisi\u00f3n, sin embargo, fue ratificada por el Tribunal Contencioso Electoral. Posteriormente, la candidatura del empresario ecuatoriano a nombre del movimiento Justicia Social no fue aceptada, agreg\u00f3 su abogado. Noboa, de 70 a\u00f1os, se postul\u00f3 a la Presidencia en 1998, 2002, 2006, 2009 y 2013. https:\/\/www.elcomercio.com\/actualidad\/alvaro-noboa-denuncian-onu-elecciones.html<\/p>\n","protected":false},"author":1,"featured_media":257620,"comment_status":"closed","ping_status":"closed","sticky":false,"template":"","format":"standard","meta":[],"categories":[40,23],"tags":[],"_links":{"self":[{"href":"https:\/\/www.ecuadortimes.net\/es\/wp-json\/wp\/v2\/posts\/257619"}],"collection":[{"href":"https:\/\/www.ecuadortimes.net\/es\/wp-json\/wp\/v2\/posts"}],"about":[{"href":"https:\/\/www.ecuadortimes.net\/es\/wp-json\/wp\/v2\/types\/post"}],"author":[{"embeddable":true,"href":"https:\/\/www.ecuadortimes.net\/es\/wp-json\/wp\/v2\/users\/1"}],"replies":[{"embeddable":true,"href":"https:\/\/www.ecuadortimes.net\/es\/wp-json\/wp\/v2\/comments?post=257619"}],"version-history":[{"count":1,"href":"https:\/\/www.ecuadortimes.net\/es\/wp-json\/wp\/v2\/posts\/257619\/revisions"}],"predecessor-version":[{"id":257621,"href":"https:\/\/www.ecuadortimes.net\/es\/wp-json\/wp\/v2\/posts\/257619\/revisions\/257621"}],"wp:featuredmedia":[{"embeddable":true,"href":"https:\/\/www.ecuadortimes.net\/es\/wp-json\/wp\/v2\/media\/257620"}],"wp:attachment":[{"href":"https:\/\/www.ecuadortimes.net\/es\/wp-json\/wp\/v2\/media?parent=257619"}],"wp:term":[{"taxonomy":"category","embeddable":true,"href":"https:\/\/www.ecuadortimes.net\/es\/wp-json\/wp\/v2\/categories?post=257619"},{"taxonomy":"post_tag","embeddable":true,"href":"https:\/\/www.ecuadortimes.net\/es\/wp-json\/wp\/v2\/tags?post=257619"}],"curies":[{"name":"wp","href":"https:\/\/api.w.org\/{rel}","templated":true}]}}