{"id":257622,"date":"2020-12-01T21:58:41","date_gmt":"2020-12-01T21:58:41","guid":{"rendered":"https:\/\/www.ecuadortimes.net\/es\/?p=257622"},"modified":"2020-12-01T21:58:41","modified_gmt":"2020-12-01T21:58:41","slug":"el-fmi-advierte-que-la-deuda-no-desaparece-y-apuesta-por-crecer-mas-para-abordar-su-pago","status":"publish","type":"post","link":"https:\/\/www.ecuadortimes.net\/es\/el-fmi-advierte-que-la-deuda-no-desaparece-y-apuesta-por-crecer-mas-para-abordar-su-pago\/","title":{"rendered":"El FMI advierte que la deuda no desaparece y apuesta por crecer m\u00e1s para abordar su pago"},"content":{"rendered":"<p>El Fondo Monetario Internacional (FMI) asegur\u00f3 que &#8220;las deudas no desaparecen&#8221;, en referencia a los comentarios desde Italia sobre la posibilidad de que se condone las deuda contra\u00edda por los gobiernos para hacer frente a la pandemia, subrayando que la mejor forma de facilitar el servicio de las obligaciones es impulsar el crecimiento.<\/p>\n<div id=\"attachment_257623\" style=\"width: 1210px\" class=\"wp-caption alignnone\"><img aria-describedby=\"caption-attachment-257623\" loading=\"lazy\" class=\"size-full wp-image-257623\" src=\"https:\/\/www.ecuadortimes.net\/es\/wp-content\/uploads\/2020\/12\/ecuador-times-ecuador-news-fmi-warns-debt-will-not-dissapear-but-grow.jpg\" alt=\"\" width=\"1200\" height=\"810\" srcset=\"https:\/\/www.ecuadortimes.net\/es\/wp-content\/uploads\/2020\/12\/ecuador-times-ecuador-news-fmi-warns-debt-will-not-dissapear-but-grow.jpg 1200w, https:\/\/www.ecuadortimes.net\/es\/wp-content\/uploads\/2020\/12\/ecuador-times-ecuador-news-fmi-warns-debt-will-not-dissapear-but-grow-75x52.jpg 75w\" sizes=\"(max-width: 1200px) 100vw, 1200px\" \/><p id=\"caption-attachment-257623\" class=\"wp-caption-text\">El FMI advierte que la deuda no desaparece y apuesta por crecer m\u00e1s para abordar su pago<\/p><\/div>\n<p>&#8220;Las deudas no desaparecen, incluso cuando su coste es muy bajo, incluso cuando el servicio es a tipos excepcionalmente bajos&#8221;, se\u00f1al\u00f3 la directora gerente del FMI, Kristalina Georgieva, para quien el incremento de la deuda p\u00fablica a ra\u00edz de la pandemia debe abordarse de manera prudente.<\/p>\n<p>&#8220;Siempre es mejor hacerlo sobre la base del crecimiento, que permite elevar los ingresos, de las empresas, de las personas, incrementando la capacidad de servicio de la deuda&#8221;, apunt\u00f3 tras la presentaci\u00f3n de las conclusiones del informe Art\u00edculo IV sobre la eurozona, destacando el impulso que puede inyectar el paquete de est\u00edmulos pactado en la UE.<\/p>\n<p>&#8220;Imaginen que Europa invirtiera decisivamente en conocimiento, digitalizaci\u00f3n o econom\u00eda verde, que generan empleos bien pagados y crecimiento. Una doble victoria para las pr\u00f3ximas generaciones al evitar la crisis clim\u00e1tica y ofrecer capacidad para el servicio de la deuda&#8221;, ha defendido.<\/p>\n<p>Asimismo, la directora del FMI indic\u00f3 que el mandato del BCE no incluye la posibilidad de que el banco central condone la deuda de los pa\u00edses y esto requerir\u00eda un cambio en los tratados, algo que Georgieva no considera f\u00e1cil, mientras que defendi\u00f3 la actuaci\u00f3n del BCE al hacer muy asequible para todos los pa\u00edses la capacidad de financiarse.<\/p>\n<p>La cancelaci\u00f3n de la deuda p\u00fablica contra\u00edda por los Estados como consecuencia de las medidas de apoyo a la econom\u00eda desplegadas durante la pandemia fue puesta sobre la mesa la semana pasada por Riccardo Fraccaro, subsecretario del gabinete del Gobierno de Italia y uno de los asesores m\u00e1s pr\u00f3ximos a Giuseppe Conte, primer ministro del pa\u00eds transalpino. (I)<\/p>\n<p><a href=\"https:\/\/www.eltelegrafo.com.ec\/noticias\/economia\/3\/pescadores-artesanales-paso-pedido-reserva-marina-de-galapagos\">https:\/\/www.eltelegrafo.com.ec\/noticias\/economia\/3\/pescadores-artesanales-paso-pedido-reserva-marina-de-galapagos<\/a><\/p>\n","protected":false},"excerpt":{"rendered":"<p>El Fondo Monetario Internacional (FMI) asegur\u00f3 que &#8220;las deudas no desaparecen&#8221;, en referencia a los comentarios desde Italia sobre la posibilidad de que se condone las deuda contra\u00edda por los gobiernos para hacer frente a la pandemia, subrayando que la mejor forma de facilitar el servicio de las obligaciones es impulsar el crecimiento. &#8220;Las deudas no desaparecen, incluso cuando su coste es muy bajo, incluso cuando el servicio es a tipos excepcionalmente bajos&#8221;, se\u00f1al\u00f3 la directora gerente del FMI, Kristalina Georgieva, para quien el incremento de la deuda p\u00fablica a ra\u00edz de la pandemia debe abordarse de manera prudente. &#8220;Siempre es mejor hacerlo sobre la base del crecimiento, que permite elevar los ingresos, de las empresas, de las personas, incrementando la capacidad de servicio de la deuda&#8221;, apunt\u00f3 tras la presentaci\u00f3n de las conclusiones del informe Art\u00edculo IV sobre la eurozona, destacando el impulso que puede inyectar el paquete de est\u00edmulos pactado en la UE. &#8220;Imaginen que Europa invirtiera decisivamente en conocimiento, digitalizaci\u00f3n o econom\u00eda verde, que generan empleos bien pagados y crecimiento. Una doble victoria para las pr\u00f3ximas generaciones al evitar la crisis clim\u00e1tica y ofrecer capacidad para el servicio de la deuda&#8221;, ha defendido. Asimismo, la directora del FMI indic\u00f3 que el mandato del BCE no incluye la posibilidad de que el banco central condone la deuda de los pa\u00edses y esto requerir\u00eda un cambio en los tratados, algo que Georgieva no considera f\u00e1cil, mientras que defendi\u00f3 la actuaci\u00f3n del BCE al hacer muy asequible para todos los pa\u00edses la capacidad de financiarse. La cancelaci\u00f3n de la deuda p\u00fablica contra\u00edda por los Estados como consecuencia de las medidas de apoyo a la econom\u00eda desplegadas durante la pandemia fue puesta sobre la mesa la semana pasada por Riccardo Fraccaro, subsecretario del gabinete del Gobierno de Italia y uno de los asesores m\u00e1s pr\u00f3ximos a Giuseppe Conte, primer ministro del pa\u00eds transalpino. (I) https:\/\/www.eltelegrafo.com.ec\/noticias\/economia\/3\/pescadores-artesanales-paso-pedido-reserva-marina-de-galapagos<\/p>\n","protected":false},"author":1,"featured_media":257623,"comment_status":"closed","ping_status":"closed","sticky":false,"template":"","format":"standard","meta":[],"categories":[43,24],"tags":[],"_links":{"self":[{"href":"https:\/\/www.ecuadortimes.net\/es\/wp-json\/wp\/v2\/posts\/257622"}],"collection":[{"href":"https:\/\/www.ecuadortimes.net\/es\/wp-json\/wp\/v2\/posts"}],"about":[{"href":"https:\/\/www.ecuadortimes.net\/es\/wp-json\/wp\/v2\/types\/post"}],"author":[{"embeddable":true,"href":"https:\/\/www.ecuadortimes.net\/es\/wp-json\/wp\/v2\/users\/1"}],"replies":[{"embeddable":true,"href":"https:\/\/www.ecuadortimes.net\/es\/wp-json\/wp\/v2\/comments?post=257622"}],"version-history":[{"count":1,"href":"https:\/\/www.ecuadortimes.net\/es\/wp-json\/wp\/v2\/posts\/257622\/revisions"}],"predecessor-version":[{"id":257624,"href":"https:\/\/www.ecuadortimes.net\/es\/wp-json\/wp\/v2\/posts\/257622\/revisions\/257624"}],"wp:featuredmedia":[{"embeddable":true,"href":"https:\/\/www.ecuadortimes.net\/es\/wp-json\/wp\/v2\/media\/257623"}],"wp:attachment":[{"href":"https:\/\/www.ecuadortimes.net\/es\/wp-json\/wp\/v2\/media?parent=257622"}],"wp:term":[{"taxonomy":"category","embeddable":true,"href":"https:\/\/www.ecuadortimes.net\/es\/wp-json\/wp\/v2\/categories?post=257622"},{"taxonomy":"post_tag","embeddable":true,"href":"https:\/\/www.ecuadortimes.net\/es\/wp-json\/wp\/v2\/tags?post=257622"}],"curies":[{"name":"wp","href":"https:\/\/api.w.org\/{rel}","templated":true}]}}