{"id":257631,"date":"2020-12-03T23:03:01","date_gmt":"2020-12-03T23:03:01","guid":{"rendered":"https:\/\/www.ecuadortimes.net\/es\/?p=257631"},"modified":"2020-12-03T23:03:01","modified_gmt":"2020-12-03T23:03:01","slug":"12-mil-profesionales-de-la-salud-tendran-nombramientos-definitivos","status":"publish","type":"post","link":"https:\/\/www.ecuadortimes.net\/es\/12-mil-profesionales-de-la-salud-tendran-nombramientos-definitivos\/","title":{"rendered":"12 mil profesionales de la salud tendr\u00e1n nombramientos definitivos"},"content":{"rendered":"<p>En di\u00e1logo directo con los profesionales de la salud y representantes de la Asamblea Nacional, el presidente Lenin Moreno dispuso comenzar en este mes de diciembre, el proceso para la entrega de nombramientos definitivos a los m\u00e1s de 12 mil profesionales y trabajadores de la salud, que tienen contratos ocasionales y nombramientos provisionales.<\/p>\n<div id=\"attachment_257632\" style=\"width: 1210px\" class=\"wp-caption alignnone\"><img aria-describedby=\"caption-attachment-257632\" loading=\"lazy\" class=\"size-full wp-image-257632\" src=\"https:\/\/www.ecuadortimes.net\/es\/wp-content\/uploads\/2020\/12\/ecuador-times-ecuador-news-12-thousand-health-professionals-with-definite-titles.jpg\" alt=\"\" width=\"1200\" height=\"810\" srcset=\"https:\/\/www.ecuadortimes.net\/es\/wp-content\/uploads\/2020\/12\/ecuador-times-ecuador-news-12-thousand-health-professionals-with-definite-titles.jpg 1200w, https:\/\/www.ecuadortimes.net\/es\/wp-content\/uploads\/2020\/12\/ecuador-times-ecuador-news-12-thousand-health-professionals-with-definite-titles-75x52.jpg 75w\" sizes=\"(max-width: 1200px) 100vw, 1200px\" \/><p id=\"caption-attachment-257632\" class=\"wp-caption-text\">12 mil profesionales de la salud tendr\u00e1n nombramientos definitivos<\/p><\/div>\n<p>Adem\u00e1s de aquellos que prestaron su contingente profesional durante la pandemia.<\/p>\n<p>En un comunicado, se inform\u00f3 que se conform\u00f3 una mesa t\u00e9cnica para encontrar los caminos jur\u00eddicos que permitan al resto de profesionales y trabajadores de la salud, que estuvieron en primera l\u00ednea en la pandemia, tener la estabilidad laboral que merecen.<\/p>\n<p>El ministro de Salud, Juan Carlos Zevallos, sostuvo &#8220;hemos logrado llegar a un acuerdo para facilitar y acelerar el proceso de contrataci\u00f3n de aquellas personas que estuvieron sirviendo en primera l\u00ednea en todo lo que es el asunto de la pandemia hasta este momento&#8221;.<\/p>\n<p>El titular del Ministerio de Salud P\u00fablica destac\u00f3 que la pandemia a\u00fan no ha terminado, &#8220;sin embargo, 12 mil personas se van a incorporar, como dice la ley, hasta el 22 de diciembre para tener su contrato final&#8221;.<\/p>\n<p>Reiter\u00f3 que adem\u00e1s de los m\u00e9dicos ser\u00e1n otros profesionales de la salud, &#8220;aquellos de la atenci\u00f3n primaria de la salud, aquellas personas que sirvieron desde el subcentro de salud peque\u00f1ito y que han llegado a ser los coautores del \u00e9xito de este control de la pandemia&#8221;. (I)<\/p>\n<p><a href=\"https:\/\/www.eltelegrafo.com.ec\/noticias\/actualidad\/44\/medicos-contratos-definitvos\">https:\/\/www.eltelegrafo.com.ec\/noticias\/actualidad\/44\/medicos-contratos-definitvos<\/a><\/p>\n","protected":false},"excerpt":{"rendered":"<p>En di\u00e1logo directo con los profesionales de la salud y representantes de la Asamblea Nacional, el presidente Lenin Moreno dispuso comenzar en este mes de diciembre, el proceso para la entrega de nombramientos definitivos a los m\u00e1s de 12 mil profesionales y trabajadores de la salud, que tienen contratos ocasionales y nombramientos provisionales. Adem\u00e1s de aquellos que prestaron su contingente profesional durante la pandemia. En un comunicado, se inform\u00f3 que se conform\u00f3 una mesa t\u00e9cnica para encontrar los caminos jur\u00eddicos que permitan al resto de profesionales y trabajadores de la salud, que estuvieron en primera l\u00ednea en la pandemia, tener la estabilidad laboral que merecen. El ministro de Salud, Juan Carlos Zevallos, sostuvo &#8220;hemos logrado llegar a un acuerdo para facilitar y acelerar el proceso de contrataci\u00f3n de aquellas personas que estuvieron sirviendo en primera l\u00ednea en todo lo que es el asunto de la pandemia hasta este momento&#8221;. El titular del Ministerio de Salud P\u00fablica destac\u00f3 que la pandemia a\u00fan no ha terminado, &#8220;sin embargo, 12 mil personas se van a incorporar, como dice la ley, hasta el 22 de diciembre para tener su contrato final&#8221;. Reiter\u00f3 que adem\u00e1s de los m\u00e9dicos ser\u00e1n otros profesionales de la salud, &#8220;aquellos de la atenci\u00f3n primaria de la salud, aquellas personas que sirvieron desde el subcentro de salud peque\u00f1ito y que han llegado a ser los coautores del \u00e9xito de este control de la pandemia&#8221;. (I) https:\/\/www.eltelegrafo.com.ec\/noticias\/actualidad\/44\/medicos-contratos-definitvos<\/p>\n","protected":false},"author":1,"featured_media":257632,"comment_status":"closed","ping_status":"closed","sticky":false,"template":"","format":"standard","meta":[],"categories":[40,23],"tags":[],"_links":{"self":[{"href":"https:\/\/www.ecuadortimes.net\/es\/wp-json\/wp\/v2\/posts\/257631"}],"collection":[{"href":"https:\/\/www.ecuadortimes.net\/es\/wp-json\/wp\/v2\/posts"}],"about":[{"href":"https:\/\/www.ecuadortimes.net\/es\/wp-json\/wp\/v2\/types\/post"}],"author":[{"embeddable":true,"href":"https:\/\/www.ecuadortimes.net\/es\/wp-json\/wp\/v2\/users\/1"}],"replies":[{"embeddable":true,"href":"https:\/\/www.ecuadortimes.net\/es\/wp-json\/wp\/v2\/comments?post=257631"}],"version-history":[{"count":1,"href":"https:\/\/www.ecuadortimes.net\/es\/wp-json\/wp\/v2\/posts\/257631\/revisions"}],"predecessor-version":[{"id":257633,"href":"https:\/\/www.ecuadortimes.net\/es\/wp-json\/wp\/v2\/posts\/257631\/revisions\/257633"}],"wp:featuredmedia":[{"embeddable":true,"href":"https:\/\/www.ecuadortimes.net\/es\/wp-json\/wp\/v2\/media\/257632"}],"wp:attachment":[{"href":"https:\/\/www.ecuadortimes.net\/es\/wp-json\/wp\/v2\/media?parent=257631"}],"wp:term":[{"taxonomy":"category","embeddable":true,"href":"https:\/\/www.ecuadortimes.net\/es\/wp-json\/wp\/v2\/categories?post=257631"},{"taxonomy":"post_tag","embeddable":true,"href":"https:\/\/www.ecuadortimes.net\/es\/wp-json\/wp\/v2\/tags?post=257631"}],"curies":[{"name":"wp","href":"https:\/\/api.w.org\/{rel}","templated":true}]}}