{"id":257646,"date":"2020-12-08T15:10:51","date_gmt":"2020-12-08T15:10:51","guid":{"rendered":"https:\/\/www.ecuadortimes.net\/es\/?p=257646"},"modified":"2020-12-08T15:10:51","modified_gmt":"2020-12-08T15:10:51","slug":"sentencia-a-favor-de-justicia-social-vuelve-al-pleno-del-tribunal-contencioso-electoral","status":"publish","type":"post","link":"https:\/\/www.ecuadortimes.net\/es\/sentencia-a-favor-de-justicia-social-vuelve-al-pleno-del-tribunal-contencioso-electoral\/","title":{"rendered":"Sentencia a favor de Justicia Social, vuelve al pleno del Tribunal Contencioso Electoral"},"content":{"rendered":"<p>El cumplimiento de las medidas de reparaci\u00f3n integral para que el movimiento <strong>Justicia Social<\/strong> realice sus procesos de inscripci\u00f3n de candidatos para las elecciones generales del 2021, volvieron al pleno del <strong>Tribunal Contencioso Electoral (TCE)<\/strong>.<\/p>\n<div id=\"attachment_257647\" style=\"width: 1290px\" class=\"wp-caption alignnone\"><img aria-describedby=\"caption-attachment-257647\" loading=\"lazy\" class=\"size-full wp-image-257647\" src=\"https:\/\/www.ecuadortimes.net\/es\/wp-content\/uploads\/2020\/12\/ecuador-times-ecuador-news-sentence-in-favor-of-justicia-social-turns-electoral-tribunal.jpg\" alt=\"\" width=\"1280\" height=\"847\" \/><p id=\"caption-attachment-257647\" class=\"wp-caption-text\">Sentencia a favor de Justicia Social, vuelve al pleno del Tribunal Contencioso Electoral<\/p><\/div>\n<p>El juez Arturo Cabrera emiti\u00f3 una resoluci\u00f3n este 6 de diciembre, en el que concluy\u00f3 que se remita la causa al juez sustanciador, &#8220;para que el Pleno que dict\u00f3 la sentencia en segunda instancia, conformado por los jueces Patricia Guaicha Rivera, \u00c1ngel Torres Maldonado, Joaqu\u00edn Viteri Llanga, Guillermo Ortega Caicedo y Patricio Maldonado Ben\u00edtez, -en virtud de los an\u00e1lisis que correspondan- adopte las decisiones que estime pertinentes respecto a las medidas de reparaci\u00f3n por ellos dictadas&#8221;.<\/p>\n<p>Estas medidas de reparaci\u00f3n, emitidas el 30 de octubre, consisten en su parte sustancial que, el <strong>Consejo Nacional Electoral (CNE)<\/strong> ejecute &#8220;todas las medidas administrativas necesarias y pertinentes para que los \u00f3rganos de Justicia Social y sus representantes legales a nivel nacional, provincial y circunscripciones del exterior cuenten con el tiempo razonable y los medios adecuados, en igualdad de condiciones que tuvieron las dem\u00e1s organizaciones pol\u00edticas, para realizar los actos de democracia interna, inscripci\u00f3n y calificaci\u00f3n de candidaturas a las dignidades&#8221;.<\/p>\n<p>La organizaci\u00f3n pol\u00edtica ingres\u00f3 la documentaci\u00f3n del empresario <strong>\u00c1lvaro Noboa y Gino Cornejo<\/strong>, como precandidatos para Presidente y Vicepresidente de la Rep\u00fablica, pero el CNE resolvi\u00f3 que dar\u00eda &#8220;continuidad&#8221; en la calificaci\u00f3n de las candidaturas que fueron inscritas durante la etapa pertinente, y no nuevas.<\/p>\n<p>Entonces, Justicia Social ingres\u00f3 un pedido al TCE para que se ejecute su sentencia, el juez de primera instancia Arturo Cabrera, antes de ordenar la ejecuci\u00f3n de la misma, solicit\u00f3 al Consejo toda la informaci\u00f3n relacionada con los procesos de democracia interna y calificaci\u00f3n de candidatos que se realiz\u00f3 con la agrupaci\u00f3n pol\u00edtica.<\/p>\n<p>El CNE argumenta que el movimiento pol\u00edtico tuvo el sistema inform\u00e1tico habilitado para realizar sus elecciones internas. Incluso inscribi\u00f3 candidatos, excepto para asamble\u00edstas nacionales y binomio presidencial.<\/p>\n<p>En este \u00faltimo caso, Justicia Social postul\u00f3 a Fabricio Correa y Marcia Yazbek, pero renunciaron a su postulaci\u00f3n por discrepancias internas.<\/p>\n<p>El 7 de octubre, minutos antes de las 18.00 que se cerraba el sistema, intentaron ingresar la documentaci\u00f3n de Carlos Cassanello y Marien Segura en su reemplazo, pero no lo lograron.<\/p>\n<p>Ahora esperan que el TCE ordene al Consejo Electoral que se ejecute la sentencia para inscribir la dupla de, \u00c1lvaro Noboa y Gino Cornejo.<\/p>\n<p>Pero con la \u00faltima resoluci\u00f3n de Cabrera, el expediente volvi\u00f3 al juez sustanciador (\u00c1ngel Torres) y al pleno para que adopte las decisiones pertinentes. (I)<\/p>\n<p><a href=\"https:\/\/www.eluniverso.com\/noticias\/2020\/12\/07\/nota\/8074807\/elecciones-presidenciales-ecuador-2021-tribunal-contencioso\">https:\/\/www.eluniverso.com\/noticias\/2020\/12\/07\/nota\/8074807\/elecciones-presidenciales-ecuador-2021-tribunal-contencioso<\/a><\/p>\n","protected":false},"excerpt":{"rendered":"<p>El cumplimiento de las medidas de reparaci\u00f3n integral para que el movimiento Justicia Social realice sus procesos de inscripci\u00f3n de candidatos para las elecciones generales del 2021, volvieron al pleno del Tribunal Contencioso Electoral (TCE). El juez Arturo Cabrera emiti\u00f3 una resoluci\u00f3n este 6 de diciembre, en el que concluy\u00f3 que se remita la causa al juez sustanciador, &#8220;para que el Pleno que dict\u00f3 la sentencia en segunda instancia, conformado por los jueces Patricia Guaicha Rivera, \u00c1ngel Torres Maldonado, Joaqu\u00edn Viteri Llanga, Guillermo Ortega Caicedo y Patricio Maldonado Ben\u00edtez, -en virtud de los an\u00e1lisis que correspondan- adopte las decisiones que estime pertinentes respecto a las medidas de reparaci\u00f3n por ellos dictadas&#8221;. Estas medidas de reparaci\u00f3n, emitidas el 30 de octubre, consisten en su parte sustancial que, el Consejo Nacional Electoral (CNE) ejecute &#8220;todas las medidas administrativas necesarias y pertinentes para que los \u00f3rganos de Justicia Social y sus representantes legales a nivel nacional, provincial y circunscripciones del exterior cuenten con el tiempo razonable y los medios adecuados, en igualdad de condiciones que tuvieron las dem\u00e1s organizaciones pol\u00edticas, para realizar los actos de democracia interna, inscripci\u00f3n y calificaci\u00f3n de candidaturas a las dignidades&#8221;. La organizaci\u00f3n pol\u00edtica ingres\u00f3 la documentaci\u00f3n del empresario \u00c1lvaro Noboa y Gino Cornejo, como precandidatos para Presidente y Vicepresidente de la Rep\u00fablica, pero el CNE resolvi\u00f3 que dar\u00eda &#8220;continuidad&#8221; en la calificaci\u00f3n de las candidaturas que fueron inscritas durante la etapa pertinente, y no nuevas. Entonces, Justicia Social ingres\u00f3 un pedido al TCE para que se ejecute su sentencia, el juez de primera instancia Arturo Cabrera, antes de ordenar la ejecuci\u00f3n de la misma, solicit\u00f3 al Consejo toda la informaci\u00f3n relacionada con los procesos de democracia interna y calificaci\u00f3n de candidatos que se realiz\u00f3 con la agrupaci\u00f3n pol\u00edtica. El CNE argumenta que el movimiento pol\u00edtico tuvo el sistema inform\u00e1tico habilitado para realizar sus elecciones internas. Incluso inscribi\u00f3 candidatos, excepto para asamble\u00edstas nacionales y binomio presidencial. En este \u00faltimo caso, Justicia Social postul\u00f3 a Fabricio Correa y Marcia Yazbek, pero renunciaron a su postulaci\u00f3n por discrepancias internas. El 7 de octubre, minutos antes de las 18.00 que se cerraba el sistema, intentaron ingresar la documentaci\u00f3n de Carlos Cassanello y Marien Segura en su reemplazo, pero no lo lograron. Ahora esperan que el TCE ordene al Consejo Electoral que se ejecute la sentencia para inscribir la dupla de, \u00c1lvaro Noboa y Gino Cornejo. Pero con la \u00faltima resoluci\u00f3n de Cabrera, el expediente volvi\u00f3 al juez sustanciador (\u00c1ngel Torres) y al pleno para que adopte las decisiones pertinentes. (I) https:\/\/www.eluniverso.com\/noticias\/2020\/12\/07\/nota\/8074807\/elecciones-presidenciales-ecuador-2021-tribunal-contencioso<\/p>\n","protected":false},"author":1,"featured_media":257647,"comment_status":"closed","ping_status":"closed","sticky":false,"template":"","format":"standard","meta":[],"categories":[40,23],"tags":[],"_links":{"self":[{"href":"https:\/\/www.ecuadortimes.net\/es\/wp-json\/wp\/v2\/posts\/257646"}],"collection":[{"href":"https:\/\/www.ecuadortimes.net\/es\/wp-json\/wp\/v2\/posts"}],"about":[{"href":"https:\/\/www.ecuadortimes.net\/es\/wp-json\/wp\/v2\/types\/post"}],"author":[{"embeddable":true,"href":"https:\/\/www.ecuadortimes.net\/es\/wp-json\/wp\/v2\/users\/1"}],"replies":[{"embeddable":true,"href":"https:\/\/www.ecuadortimes.net\/es\/wp-json\/wp\/v2\/comments?post=257646"}],"version-history":[{"count":1,"href":"https:\/\/www.ecuadortimes.net\/es\/wp-json\/wp\/v2\/posts\/257646\/revisions"}],"predecessor-version":[{"id":257648,"href":"https:\/\/www.ecuadortimes.net\/es\/wp-json\/wp\/v2\/posts\/257646\/revisions\/257648"}],"wp:featuredmedia":[{"embeddable":true,"href":"https:\/\/www.ecuadortimes.net\/es\/wp-json\/wp\/v2\/media\/257647"}],"wp:attachment":[{"href":"https:\/\/www.ecuadortimes.net\/es\/wp-json\/wp\/v2\/media?parent=257646"}],"wp:term":[{"taxonomy":"category","embeddable":true,"href":"https:\/\/www.ecuadortimes.net\/es\/wp-json\/wp\/v2\/categories?post=257646"},{"taxonomy":"post_tag","embeddable":true,"href":"https:\/\/www.ecuadortimes.net\/es\/wp-json\/wp\/v2\/tags?post=257646"}],"curies":[{"name":"wp","href":"https:\/\/api.w.org\/{rel}","templated":true}]}}