{"id":257655,"date":"2020-12-09T19:11:34","date_gmt":"2020-12-09T19:11:34","guid":{"rendered":"https:\/\/www.ecuadortimes.net\/es\/?p=257655"},"modified":"2020-12-09T19:11:34","modified_gmt":"2020-12-09T19:11:34","slug":"justicia-social-podra-inscribir-a-alvaro-noboa-como-su-candidato-presidencial-tribunal-electoral-ordeno-al-cne-que-se-le-permita-escoger-candidatos-desde-las-primarias","status":"publish","type":"post","link":"https:\/\/www.ecuadortimes.net\/es\/justicia-social-podra-inscribir-a-alvaro-noboa-como-su-candidato-presidencial-tribunal-electoral-ordeno-al-cne-que-se-le-permita-escoger-candidatos-desde-las-primarias\/","title":{"rendered":"Justicia Social podr\u00e1 inscribir a \u00c1lvaro Noboa como su candidato presidencial; Tribunal Electoral orden\u00f3 al CNE que se le permita escoger candidatos desde las primarias"},"content":{"rendered":"<p>Un &#8216;borra y va de nuevo&#8217; para el movimiento pol\u00edtico <strong>Justicia Social<\/strong>, que podr\u00e1 realizar desde el proceso de elecciones primarias para escoger candidatos para todas las dignidades que se elegir\u00e1n en los comicios generales del 2021.<\/p>\n<div id=\"attachment_257656\" style=\"width: 1034px\" class=\"wp-caption alignnone\"><img aria-describedby=\"caption-attachment-257656\" loading=\"lazy\" class=\"size-full wp-image-257656\" src=\"https:\/\/www.ecuadortimes.net\/es\/wp-content\/uploads\/2020\/12\/ecuador-times-ecuador-news-justicia-social-can-register-alvaro-noboa-presidential-candidate-2021.jpg\" alt=\"\" width=\"1024\" height=\"682\" \/><p id=\"caption-attachment-257656\" class=\"wp-caption-text\">Justicia Social podr\u00e1 inscribir a \u00c1lvaro Noboa como su candidato presidencial; Tribunal Electoral orden\u00f3 al CNE que se le permita escoger candidatos desde las primarias<\/p><\/div>\n<p>&nbsp;<\/p>\n<p>Incluso candidatos a la Presidencia y Vicepresidencia de la Rep\u00fablica, cuya aspiraci\u00f3n es inscribir al pol\u00edtico y empresario <strong>\u00c1lvaro Noboa y Gino Cornejo<\/strong>, en su orden, como el binomio de la Lista 11.<\/p>\n<p>Esta posibilidad para la organizaci\u00f3n pol\u00edtica, se da una vez que el <strong>Tribunal Contencioso Electoral (TCE)<\/strong> precis\u00f3 al <strong>Consejo Nacional Electoral (CNE)<\/strong> en una \u00faltima sentencia dictada la noche de este 8 de diciembre, c\u00f3mo debe aplicar las medidas de reparaci\u00f3n integral que se dictaron en un fallo del 30 de octubre pasado, cuando se le ratific\u00f3 su personer\u00eda jur\u00eddica.<\/p>\n<p>De esta forma, el TCE orden\u00f3 tres cosas al Consejo. Primero: <strong>realizar el proceso de elecciones primarias y aceptaci\u00f3n de candidaturas <\/strong>en aquellas circunscripciones electorales que no las hubiere realizado por no disponer del mismo tiempo y certeza que las dem\u00e1s organizaciones pol\u00edticas.<\/p>\n<p>Segundo: que confiera <strong>nuevo plazo para que inicien el proceso administrativo de inscripci\u00f3n de todas las candidaturas a las dignidades de elecci\u00f3n popular<\/strong> constantes en la convocatoria a elecciones, sin perjuicio de convalidar expl\u00edcita y exclusivamente las que se encuentren calificadas y en firme.<\/p>\n<p>Y, tercero: proceda a calificar las candidaturas que sean inscritas en el nuevo plazo que le conceda el \u00f3rgano administrativo electoral, las que podr\u00e1n ser subsanadas en el plazo previsto en la ley, en caso de incumplimiento de requisitos constitucionales y legales.<\/p>\n<p>Esta sentencia se remiti\u00f3 al juez de primera instancia, Arturo Cabrera para que supervise e informe el cumplimiento irrestricto de lo dictado por el TCE en el plazo de diez d\u00edas desde la ejecuci\u00f3n de la primera resoluci\u00f3n.<\/p>\n<p>La sentencia advierte a los cinco consejeros del CNE, que los fallos y resoluciones son de obligatorio cumplimiento, de \u00faltima instancia e inmediato cumplimiento.<\/p>\n<p>&#8220;Se advierte al CNE que no est\u00e1 en su facultad decidir si cumple o no las sentencias&#8221; del Tribunal, &#8220;bajo prevenciones de incurrir en infracci\u00f3n electoral sin perjuicio de la sanci\u00f3n penal a la que pueda dar lugar el incumplimiento de orden leg\u00edtima de autoridad competente&#8221;. (I)<\/p>\n<p><a href=\"https:\/\/www.eluniverso.com\/noticias\/2020\/12\/09\/nota\/8076832\/elecciones-presidenciales-ecuador-2021-consejo-nacional-electoral\">https:\/\/www.eluniverso.com\/noticias\/2020\/12\/09\/nota\/8076832\/elecciones-presidenciales-ecuador-2021-consejo-nacional-electoral<\/a><\/p>\n","protected":false},"excerpt":{"rendered":"<p>Un &#8216;borra y va de nuevo&#8217; para el movimiento pol\u00edtico Justicia Social, que podr\u00e1 realizar desde el proceso de elecciones primarias para escoger candidatos para todas las dignidades que se elegir\u00e1n en los comicios generales del 2021. &nbsp; Incluso candidatos a la Presidencia y Vicepresidencia de la Rep\u00fablica, cuya aspiraci\u00f3n es inscribir al pol\u00edtico y empresario \u00c1lvaro Noboa y Gino Cornejo, en su orden, como el binomio de la Lista 11. Esta posibilidad para la organizaci\u00f3n pol\u00edtica, se da una vez que el Tribunal Contencioso Electoral (TCE) precis\u00f3 al Consejo Nacional Electoral (CNE) en una \u00faltima sentencia dictada la noche de este 8 de diciembre, c\u00f3mo debe aplicar las medidas de reparaci\u00f3n integral que se dictaron en un fallo del 30 de octubre pasado, cuando se le ratific\u00f3 su personer\u00eda jur\u00eddica. De esta forma, el TCE orden\u00f3 tres cosas al Consejo. Primero: realizar el proceso de elecciones primarias y aceptaci\u00f3n de candidaturas en aquellas circunscripciones electorales que no las hubiere realizado por no disponer del mismo tiempo y certeza que las dem\u00e1s organizaciones pol\u00edticas. Segundo: que confiera nuevo plazo para que inicien el proceso administrativo de inscripci\u00f3n de todas las candidaturas a las dignidades de elecci\u00f3n popular constantes en la convocatoria a elecciones, sin perjuicio de convalidar expl\u00edcita y exclusivamente las que se encuentren calificadas y en firme. Y, tercero: proceda a calificar las candidaturas que sean inscritas en el nuevo plazo que le conceda el \u00f3rgano administrativo electoral, las que podr\u00e1n ser subsanadas en el plazo previsto en la ley, en caso de incumplimiento de requisitos constitucionales y legales. Esta sentencia se remiti\u00f3 al juez de primera instancia, Arturo Cabrera para que supervise e informe el cumplimiento irrestricto de lo dictado por el TCE en el plazo de diez d\u00edas desde la ejecuci\u00f3n de la primera resoluci\u00f3n. La sentencia advierte a los cinco consejeros del CNE, que los fallos y resoluciones son de obligatorio cumplimiento, de \u00faltima instancia e inmediato cumplimiento. &#8220;Se advierte al CNE que no est\u00e1 en su facultad decidir si cumple o no las sentencias&#8221; del Tribunal, &#8220;bajo prevenciones de incurrir en infracci\u00f3n electoral sin perjuicio de la sanci\u00f3n penal a la que pueda dar lugar el incumplimiento de orden leg\u00edtima de autoridad competente&#8221;. (I) https:\/\/www.eluniverso.com\/noticias\/2020\/12\/09\/nota\/8076832\/elecciones-presidenciales-ecuador-2021-consejo-nacional-electoral<\/p>\n","protected":false},"author":1,"featured_media":257656,"comment_status":"closed","ping_status":"closed","sticky":false,"template":"","format":"standard","meta":[],"categories":[40,23],"tags":[],"_links":{"self":[{"href":"https:\/\/www.ecuadortimes.net\/es\/wp-json\/wp\/v2\/posts\/257655"}],"collection":[{"href":"https:\/\/www.ecuadortimes.net\/es\/wp-json\/wp\/v2\/posts"}],"about":[{"href":"https:\/\/www.ecuadortimes.net\/es\/wp-json\/wp\/v2\/types\/post"}],"author":[{"embeddable":true,"href":"https:\/\/www.ecuadortimes.net\/es\/wp-json\/wp\/v2\/users\/1"}],"replies":[{"embeddable":true,"href":"https:\/\/www.ecuadortimes.net\/es\/wp-json\/wp\/v2\/comments?post=257655"}],"version-history":[{"count":1,"href":"https:\/\/www.ecuadortimes.net\/es\/wp-json\/wp\/v2\/posts\/257655\/revisions"}],"predecessor-version":[{"id":257657,"href":"https:\/\/www.ecuadortimes.net\/es\/wp-json\/wp\/v2\/posts\/257655\/revisions\/257657"}],"wp:featuredmedia":[{"embeddable":true,"href":"https:\/\/www.ecuadortimes.net\/es\/wp-json\/wp\/v2\/media\/257656"}],"wp:attachment":[{"href":"https:\/\/www.ecuadortimes.net\/es\/wp-json\/wp\/v2\/media?parent=257655"}],"wp:term":[{"taxonomy":"category","embeddable":true,"href":"https:\/\/www.ecuadortimes.net\/es\/wp-json\/wp\/v2\/categories?post=257655"},{"taxonomy":"post_tag","embeddable":true,"href":"https:\/\/www.ecuadortimes.net\/es\/wp-json\/wp\/v2\/tags?post=257655"}],"curies":[{"name":"wp","href":"https:\/\/api.w.org\/{rel}","templated":true}]}}