{"id":257831,"date":"2021-01-21T20:24:41","date_gmt":"2021-01-21T20:24:41","guid":{"rendered":"https:\/\/www.ecuadortimes.net\/es\/?p=257831"},"modified":"2021-01-21T20:27:25","modified_gmt":"2021-01-21T20:27:25","slug":"causas-pendientes-en-el-tce-sobre-justicia-social-dificultan-la-impresion-de-papeletas-para-el-7-de-febrero","status":"publish","type":"post","link":"https:\/\/www.ecuadortimes.net\/es\/causas-pendientes-en-el-tce-sobre-justicia-social-dificultan-la-impresion-de-papeletas-para-el-7-de-febrero\/","title":{"rendered":"Causas pendientes en el TCE sobre Justicia Social dificultan la impresi\u00f3n de papeletas para el 7 de febrero"},"content":{"rendered":"<div class=\"field-name-body\">Dieciocho d\u00edas restan para las elecciones generales del 7 de febrero, y las causas judiciales emprendidas por el movimiento <strong>Justicia Social<\/strong> complican al <strong>Consejo Nacional Electoral (CNE)<\/strong>.<\/div>\n<div>\n<div id=\"attachment_257832\" style=\"width: 1290px\" class=\"wp-caption alignnone\"><img aria-describedby=\"caption-attachment-257832\" loading=\"lazy\" class=\"size-full wp-image-257832\" src=\"https:\/\/www.ecuadortimes.net\/es\/wp-content\/uploads\/2021\/01\/ecuador-times-ecuador-news-causes-pending-tce-justicia-social-dificulty-impression-ballots-february-7.png\" alt=\"\" width=\"1280\" height=\"720\" \/><p id=\"caption-attachment-257832\" class=\"wp-caption-text\">Causas pendientes en el TCE sobre Justicia Social dificultan la impresi\u00f3n de papeletas para el 7 de febrero<\/p><\/div>\n<\/div>\n<div class=\"field-name-body\">\n<p>Ayer, el pleno del organismo resolvi\u00f3 dar el plazo de un d\u00eda para que la organizaci\u00f3n pol\u00edtica inscriba candidatos para la dignidad de parlamentarios andinos, acogiendo una sentencia del <strong>Tribunal Contencioso Electoral (TCE)<\/strong>.<\/p>\n<p>Esta magistratura orden\u00f3 el 15 de enero pasado que el Consejo &#8220;adopte las medidas necesarias para garantizar el derecho de participaci\u00f3n a Justicia Social, para las dignidades de parlamentarios andinos&#8221;, luego de que en resoluciones del 24 y 29 de diciembre se neg\u00f3 la inscripci\u00f3n de estos aspirantes.<\/p>\n<p>A partir de que el CNE notifique con esta resoluci\u00f3n al movimiento deber\u00e1n escoger a sus candidatos y remitir la lista.<\/p>\n<p>El CNE antes de calificar deber\u00e1 verificar el cumplimiento de los requisitos. No obstante, el CNE no determin\u00f3 los plazos que se tomar\u00e1n para resolver en su instancia administrativa sobre estas candidaturas.<\/p>\n<p>Pero de existir recursos contenciosos electorales, el TCE, de acuerdo con sus plazos tiene hasta 15 d\u00edas para expedir una sentencia definitiva, tanto en primera como en segunda instancia.<\/p>\n<p>El otorgamiento de este plazo se aprob\u00f3 ayer con el voto de los consejeros <strong>Enrique Pita, Diana Atamaint y Jos\u00e9 Cabrera. <\/strong>Luis Verdesoto y Esthela Acero no asistieron a la plenaria<strong>.<\/strong> Los otros tres vocales resaltaron que el TCE reconoci\u00f3 en su sentencia que <strong>Justicia Social s\u00ed realiz\u00f3 procesos de democracia interna<\/strong> para escoger candidatos el 20 de agosto del 2020, dentro del calendario previsto.<\/p>\n<p>La resoluci\u00f3n de esta causa mantiene detenida la impresi\u00f3n de papeletas sobre esta dignidad en el <strong>Instituto Geogr\u00e1fico Militar (IGM)<\/strong>, porque el reporte es del 0%.<\/p>\n<p>De acuerdo con los cronogramas aprobados en el contrato entre el CNE y el IGM, el despacho y entrega de las fundas selladas con las papeletas (de todas las dignidades calificadas) deb\u00eda iniciar desde el 7 de enero pasado y se extender\u00e1 hasta el 31 de enero.<\/p>\n<p>A esto se suma, otra causa que a\u00fan no est\u00e1 resuelta por el Tribunal que es la 131, que estuvo sustanciada por el juez Joaqu\u00edn Viteri. Justicia Social apel\u00f3 a su fallo y ahora deber\u00e1 resolverlo el pleno.<\/p>\n<p>Pero la presidenta del Consejo, Diana Atamaint recus\u00f3 a los jueces <strong>Guillermo Ortega, \u00c1ngel Torres, Patricia Guaicha y Juan Maldonado<\/strong>, que iban a resolver la apelaci\u00f3n.<\/p>\n<p>Sobre la causa 131, Viteri acept\u00f3 parcialmente el recurso contencioso de Justicia Social y declar\u00f3 nula una resoluci\u00f3n del CNE del 11 de noviembre en la que decidi\u00f3 solo continuar con la calificaci\u00f3n de las candidaturas que hab\u00edan sido inscritas, pero no nuevas.<\/p>\n<p>Rechaz\u00f3 la pretensi\u00f3n de la organizaci\u00f3n que exig\u00eda que se le permita &#8220;efectuar nuevamente los procesos de democracia interna, designaci\u00f3n de candidatos, aceptaci\u00f3n de candidaturas, inscripci\u00f3n y calificaci\u00f3n de candidaturas en todas las dignidades de elecci\u00f3n popular\u201d, pues su objetivo era inscribir como binomio presidencial a <strong>\u00c1lvaro Noboa y Gino Cornejo.<\/strong><\/p>\n<p>Al contrario, Viteri pidi\u00f3 al Consejo que precise cu\u00e1les son las circunscripciones y las candidaturas sobre las que debe cumplirse democracia interna, designaci\u00f3n de candidatos y aceptaci\u00f3n, y precisar la circunscripciones y dignidades sobre las que se present\u00f3 solicitudes de inscripci\u00f3n para su calificaci\u00f3n.<\/p>\n<p>La definici\u00f3n sobre esta causa ser\u00e1 determinante en la resoluci\u00f3n del pedido del movimiento pol\u00edtico, que busca inscribir a Noboa y otros candidatos para asamble\u00edstas.<\/p>\n<p>Esto en medio de los avances en el cumplimiento de los hitos del calendario, en los que se consumaron actos como el Debate Presidencial, la asignaci\u00f3n de las franjas a las organizaciones pol\u00edticas para la campa\u00f1a electoral y los avances en la impresi\u00f3n de papeletas por parte del IGM.<\/p>\n<p>Hasta ayer, el Instituto hab\u00eda impreso 13\u2019104.808 papeletas de asamble\u00edstas nacionales (99,98%); de provinciales 12\u2019398. 705 (97, 65%); y, del exterior 407.590 (99, 35%).<\/p>\n<p>En el caso de la papeleta de los 16 binomios presidenciales se avanz\u00f3 en el 11, 72%, correspondiente a 1\u2019536. 000 documentos.<\/p>\n<p>Esta tarea se reinici\u00f3 el lunes pasado, luego de que el CNE envi\u00f3 a impresi\u00f3n un nuevo formato de papeleta de color verde, tras una falla en el casillero del movimiento Amigo, que cobija la candidatura presidencial de Pedro Freile y Bol\u00edvar Sol\u00eds, y que en lugar del logotipo Am16o, se escribi\u00f3 Mejor EC.<\/p>\n<p>La Contralor\u00eda General del Estado deber\u00e1 esperar que concluya el proceso electoral para iniciar un examen especial por este error, que provoc\u00f3 una afectaci\u00f3n al presupuesto por m\u00e1s de $ 500.000.<\/p>\n<p>El \u00f3rgano de control determin\u00f3 en un acuerdo del 25 de septiembre, la suspensi\u00f3n de los plazos y acciones de control en la Funci\u00f3n Electoral por encontrarse en periodo electoral, que se reanudar\u00e1n cuando concluyan los comicios. (I)<\/p>\n<p><a href=\"https:\/\/www.eluniverso.com\/noticias\/2021\/01\/20\/nota\/9596029\/elecciones-presidenciales-ecuador-2021-justicia-social-retrasa#cxrecs_s\">https:\/\/www.eluniverso.com\/noticias\/2021\/01\/20\/nota\/9596029\/elecciones-presidenciales-ecuador-2021-justicia-social-retrasa#cxrecs_s<\/a><\/p>\n<\/div>\n","protected":false},"excerpt":{"rendered":"<p>Dieciocho d\u00edas restan para las elecciones generales del 7 de febrero, y las causas judiciales emprendidas por el movimiento Justicia Social complican al Consejo Nacional Electoral (CNE). Ayer, el pleno del organismo resolvi\u00f3 dar el plazo de un d\u00eda para que la organizaci\u00f3n pol\u00edtica inscriba candidatos para la dignidad de parlamentarios andinos, acogiendo una sentencia del Tribunal Contencioso Electoral (TCE). Esta magistratura orden\u00f3 el 15 de enero pasado que el Consejo &#8220;adopte las medidas necesarias para garantizar el derecho de participaci\u00f3n a Justicia Social, para las dignidades de parlamentarios andinos&#8221;, luego de que en resoluciones del 24 y 29 de diciembre se neg\u00f3 la inscripci\u00f3n de estos aspirantes. A partir de que el CNE notifique con esta resoluci\u00f3n al movimiento deber\u00e1n escoger a sus candidatos y remitir la lista. El CNE antes de calificar deber\u00e1 verificar el cumplimiento de los requisitos. No obstante, el CNE no determin\u00f3 los plazos que se tomar\u00e1n para resolver en su instancia administrativa sobre estas candidaturas. Pero de existir recursos contenciosos electorales, el TCE, de acuerdo con sus plazos tiene hasta 15 d\u00edas para expedir una sentencia definitiva, tanto en primera como en segunda instancia. El otorgamiento de este plazo se aprob\u00f3 ayer con el voto de los consejeros Enrique Pita, Diana Atamaint y Jos\u00e9 Cabrera. Luis Verdesoto y Esthela Acero no asistieron a la plenaria. Los otros tres vocales resaltaron que el TCE reconoci\u00f3 en su sentencia que Justicia Social s\u00ed realiz\u00f3 procesos de democracia interna para escoger candidatos el 20 de agosto del 2020, dentro del calendario previsto. La resoluci\u00f3n de esta causa mantiene detenida la impresi\u00f3n de papeletas sobre esta dignidad en el Instituto Geogr\u00e1fico Militar (IGM), porque el reporte es del 0%. De acuerdo con los cronogramas aprobados en el contrato entre el CNE y el IGM, el despacho y entrega de las fundas selladas con las papeletas (de todas las dignidades calificadas) deb\u00eda iniciar desde el 7 de enero pasado y se extender\u00e1 hasta el 31 de enero. A esto se suma, otra causa que a\u00fan no est\u00e1 resuelta por el Tribunal que es la 131, que estuvo sustanciada por el juez Joaqu\u00edn Viteri. Justicia Social apel\u00f3 a su fallo y ahora deber\u00e1 resolverlo el pleno. Pero la presidenta del Consejo, Diana Atamaint recus\u00f3 a los jueces Guillermo Ortega, \u00c1ngel Torres, Patricia Guaicha y Juan Maldonado, que iban a resolver la apelaci\u00f3n. Sobre la causa 131, Viteri acept\u00f3 parcialmente el recurso contencioso de Justicia Social y declar\u00f3 nula una resoluci\u00f3n del CNE del 11 de noviembre en la que decidi\u00f3 solo continuar con la calificaci\u00f3n de las candidaturas que hab\u00edan sido inscritas, pero no nuevas. Rechaz\u00f3 la pretensi\u00f3n de la organizaci\u00f3n que exig\u00eda que se le permita &#8220;efectuar nuevamente los procesos de democracia interna, designaci\u00f3n de candidatos, aceptaci\u00f3n de candidaturas, inscripci\u00f3n y calificaci\u00f3n de candidaturas en todas las dignidades de elecci\u00f3n popular\u201d, pues su objetivo era inscribir como binomio presidencial a \u00c1lvaro Noboa y Gino Cornejo. Al contrario, Viteri pidi\u00f3 al Consejo que precise cu\u00e1les son las circunscripciones y las candidaturas sobre las que debe cumplirse democracia interna, designaci\u00f3n de candidatos y aceptaci\u00f3n, y precisar la circunscripciones y dignidades sobre las que se present\u00f3 solicitudes de inscripci\u00f3n para su calificaci\u00f3n. La definici\u00f3n sobre esta causa ser\u00e1 determinante en la resoluci\u00f3n del pedido del movimiento pol\u00edtico, que busca inscribir a Noboa y otros candidatos para asamble\u00edstas. Esto en medio de los avances en el cumplimiento de los hitos del calendario, en los que se consumaron actos como el Debate Presidencial, la asignaci\u00f3n de las franjas a las organizaciones pol\u00edticas para la campa\u00f1a electoral y los avances en la impresi\u00f3n de papeletas por parte del IGM. Hasta ayer, el Instituto hab\u00eda impreso 13\u2019104.808 papeletas de asamble\u00edstas nacionales (99,98%); de provinciales 12\u2019398. 705 (97, 65%); y, del exterior 407.590 (99, 35%). En el caso de la papeleta de los 16 binomios presidenciales se avanz\u00f3 en el 11, 72%, correspondiente a 1\u2019536. 000 documentos. Esta tarea se reinici\u00f3 el lunes pasado, luego de que el CNE envi\u00f3 a impresi\u00f3n un nuevo formato de papeleta de color verde, tras una falla en el casillero del movimiento Amigo, que cobija la candidatura presidencial de Pedro Freile y Bol\u00edvar Sol\u00eds, y que en lugar del logotipo Am16o, se escribi\u00f3 Mejor EC. La Contralor\u00eda General del Estado deber\u00e1 esperar que concluya el proceso electoral para iniciar un examen especial por este error, que provoc\u00f3 una afectaci\u00f3n al presupuesto por m\u00e1s de $ 500.000. El \u00f3rgano de control determin\u00f3 en un acuerdo del 25 de septiembre, la suspensi\u00f3n de los plazos y acciones de control en la Funci\u00f3n Electoral por encontrarse en periodo electoral, que se reanudar\u00e1n cuando concluyan los comicios. (I) https:\/\/www.eluniverso.com\/noticias\/2021\/01\/20\/nota\/9596029\/elecciones-presidenciales-ecuador-2021-justicia-social-retrasa#cxrecs_s<\/p>\n","protected":false},"author":1,"featured_media":257832,"comment_status":"closed","ping_status":"closed","sticky":false,"template":"","format":"standard","meta":[],"categories":[40,23],"tags":[],"_links":{"self":[{"href":"https:\/\/www.ecuadortimes.net\/es\/wp-json\/wp\/v2\/posts\/257831"}],"collection":[{"href":"https:\/\/www.ecuadortimes.net\/es\/wp-json\/wp\/v2\/posts"}],"about":[{"href":"https:\/\/www.ecuadortimes.net\/es\/wp-json\/wp\/v2\/types\/post"}],"author":[{"embeddable":true,"href":"https:\/\/www.ecuadortimes.net\/es\/wp-json\/wp\/v2\/users\/1"}],"replies":[{"embeddable":true,"href":"https:\/\/www.ecuadortimes.net\/es\/wp-json\/wp\/v2\/comments?post=257831"}],"version-history":[{"count":1,"href":"https:\/\/www.ecuadortimes.net\/es\/wp-json\/wp\/v2\/posts\/257831\/revisions"}],"predecessor-version":[{"id":257833,"href":"https:\/\/www.ecuadortimes.net\/es\/wp-json\/wp\/v2\/posts\/257831\/revisions\/257833"}],"wp:featuredmedia":[{"embeddable":true,"href":"https:\/\/www.ecuadortimes.net\/es\/wp-json\/wp\/v2\/media\/257832"}],"wp:attachment":[{"href":"https:\/\/www.ecuadortimes.net\/es\/wp-json\/wp\/v2\/media?parent=257831"}],"wp:term":[{"taxonomy":"category","embeddable":true,"href":"https:\/\/www.ecuadortimes.net\/es\/wp-json\/wp\/v2\/categories?post=257831"},{"taxonomy":"post_tag","embeddable":true,"href":"https:\/\/www.ecuadortimes.net\/es\/wp-json\/wp\/v2\/tags?post=257831"}],"curies":[{"name":"wp","href":"https:\/\/api.w.org\/{rel}","templated":true}]}}