{"id":257837,"date":"2021-01-21T20:53:33","date_gmt":"2021-01-21T20:53:33","guid":{"rendered":"https:\/\/www.ecuadortimes.net\/es\/?p=257837"},"modified":"2021-01-21T20:53:33","modified_gmt":"2021-01-21T20:53:33","slug":"la-vacunacion-contra-el-covid-19-inicio-en-los-hospitales-del-pais","status":"publish","type":"post","link":"https:\/\/www.ecuadortimes.net\/es\/la-vacunacion-contra-el-covid-19-inicio-en-los-hospitales-del-pais\/","title":{"rendered":"La vacunaci\u00f3n contra el covid-19 inici\u00f3 en los hospitales del pa\u00eds"},"content":{"rendered":"<p>Los hospitales Pablo Arturo Su\u00e1rez y el Carlos Andrade Mar\u00edn (este \u00faltimo del IESS) iniciaron este jueves 21 de enero con la vacunaci\u00f3n el covid-19, una vez que arrib\u00f3 al pa\u00eds el primer lote de Pfizer.<\/p>\n<div id=\"attachment_257838\" style=\"width: 1210px\" class=\"wp-caption alignnone\"><img aria-describedby=\"caption-attachment-257838\" loading=\"lazy\" class=\"size-full wp-image-257838\" src=\"https:\/\/www.ecuadortimes.net\/es\/wp-content\/uploads\/2021\/01\/ecuador-times-ecuador-news-vaccine-covid-19-hospitals-nation.jpg\" alt=\"\" width=\"1200\" height=\"810\" srcset=\"https:\/\/www.ecuadortimes.net\/es\/wp-content\/uploads\/2021\/01\/ecuador-times-ecuador-news-vaccine-covid-19-hospitals-nation.jpg 1200w, https:\/\/www.ecuadortimes.net\/es\/wp-content\/uploads\/2021\/01\/ecuador-times-ecuador-news-vaccine-covid-19-hospitals-nation-75x52.jpg 75w\" sizes=\"(max-width: 1200px) 100vw, 1200px\" \/><p id=\"caption-attachment-257838\" class=\"wp-caption-text\">La vacunaci\u00f3n contra el covid-19 inici\u00f3 en los hospitales del pa\u00eds<\/p><\/div>\n<p>El presidente del directorio del IESS, Jorge Wated, inform\u00f3 en redes sociales que en la casa de salud Carlos Andrade Mar\u00edn la vacunaci\u00f3n inici\u00f3 con el personal m\u00e9dico de la instituci\u00f3n; el primero en recibir la vacuna fue el m\u00e9dico Pablo Acosta, el \u00e1rea de Epidemiolog\u00eda.<\/p>\n<p>&#8220;Con las vacunas nos llenamos de esperanza y optimismo para seguir combatiendo al covid-19\u00a0en este d\u00eda hist\u00f3rico para el pa\u00eds&#8221;, escribi\u00f3 Jorge Wated en su cuenta de Twitter.<\/p>\n<p>El mismo procedimiento en efectu\u00f3 en Guayaquil; seg\u00fan el ministro de Salud, Juan Carlos Zeballos, en la llamada &#8216;fase cero&#8217; ser\u00e1 vacunar\u00e1 en forma voluntaria al personal m\u00e9dico de primera l\u00ednea, posteriormente se continuar\u00e1 con los adultos mayores que se encuentran en centros geri\u00e1tricos.<\/p>\n<p>La remesa de vacunas de Pfizer es la primera que lleg\u00f3 a Ecuador, de un total del 86.000 que se prev\u00e9 llegar\u00e1n hasta fines de febrero, de un total de dos millones, que finalmente llegar\u00e1 en marzo.<\/p>\n<p>Es en esta \u00faltima fase en que se tiene previsto arrancar la vacunaci\u00f3n masiva a la poblaci\u00f3n ecuatoriana, el Gobierno anunci\u00f3 que para esta finalidad se ha invertido un total de $ 200 millones. Dos millones de dosis ser\u00e1n adquiridas al consorcio Pfizer-Biontech, otras cuatro millones a AstraZeneca, cuatro millones a la empresa Covaxx, y ocho millones a COVAX, esta \u00faltima coordinada por la Organizaci\u00f3n Mundial de la Salud (OMS).<\/p>\n<p>De acuerdo con lo programado por el Ministerio de Salud se aspira lograr un total de 18 millones de dosis, para cubrir a nueve millones de habitantes del pa\u00eds. (I)<\/p>\n<p><a href=\"https:\/\/www.eltelegrafo.com.ec\/noticias\/actualidad\/44\/la-vacunacion-contra-el-covid-19-inicio-en-los-hospitales-del-pais\">https:\/\/www.eltelegrafo.com.ec\/noticias\/actualidad\/44\/la-vacunacion-contra-el-covid-19-inicio-en-los-hospitales-del-pais<\/a><\/p>\n","protected":false},"excerpt":{"rendered":"<p>Los hospitales Pablo Arturo Su\u00e1rez y el Carlos Andrade Mar\u00edn (este \u00faltimo del IESS) iniciaron este jueves 21 de enero con la vacunaci\u00f3n el covid-19, una vez que arrib\u00f3 al pa\u00eds el primer lote de Pfizer. El presidente del directorio del IESS, Jorge Wated, inform\u00f3 en redes sociales que en la casa de salud Carlos Andrade Mar\u00edn la vacunaci\u00f3n inici\u00f3 con el personal m\u00e9dico de la instituci\u00f3n; el primero en recibir la vacuna fue el m\u00e9dico Pablo Acosta, el \u00e1rea de Epidemiolog\u00eda. &#8220;Con las vacunas nos llenamos de esperanza y optimismo para seguir combatiendo al covid-19\u00a0en este d\u00eda hist\u00f3rico para el pa\u00eds&#8221;, escribi\u00f3 Jorge Wated en su cuenta de Twitter. El mismo procedimiento en efectu\u00f3 en Guayaquil; seg\u00fan el ministro de Salud, Juan Carlos Zeballos, en la llamada &#8216;fase cero&#8217; ser\u00e1 vacunar\u00e1 en forma voluntaria al personal m\u00e9dico de primera l\u00ednea, posteriormente se continuar\u00e1 con los adultos mayores que se encuentran en centros geri\u00e1tricos. La remesa de vacunas de Pfizer es la primera que lleg\u00f3 a Ecuador, de un total del 86.000 que se prev\u00e9 llegar\u00e1n hasta fines de febrero, de un total de dos millones, que finalmente llegar\u00e1 en marzo. Es en esta \u00faltima fase en que se tiene previsto arrancar la vacunaci\u00f3n masiva a la poblaci\u00f3n ecuatoriana, el Gobierno anunci\u00f3 que para esta finalidad se ha invertido un total de $ 200 millones. Dos millones de dosis ser\u00e1n adquiridas al consorcio Pfizer-Biontech, otras cuatro millones a AstraZeneca, cuatro millones a la empresa Covaxx, y ocho millones a COVAX, esta \u00faltima coordinada por la Organizaci\u00f3n Mundial de la Salud (OMS). De acuerdo con lo programado por el Ministerio de Salud se aspira lograr un total de 18 millones de dosis, para cubrir a nueve millones de habitantes del pa\u00eds. (I) https:\/\/www.eltelegrafo.com.ec\/noticias\/actualidad\/44\/la-vacunacion-contra-el-covid-19-inicio-en-los-hospitales-del-pais<\/p>\n","protected":false},"author":1,"featured_media":257838,"comment_status":"closed","ping_status":"closed","sticky":false,"template":"","format":"standard","meta":[],"categories":[35,24],"tags":[],"_links":{"self":[{"href":"https:\/\/www.ecuadortimes.net\/es\/wp-json\/wp\/v2\/posts\/257837"}],"collection":[{"href":"https:\/\/www.ecuadortimes.net\/es\/wp-json\/wp\/v2\/posts"}],"about":[{"href":"https:\/\/www.ecuadortimes.net\/es\/wp-json\/wp\/v2\/types\/post"}],"author":[{"embeddable":true,"href":"https:\/\/www.ecuadortimes.net\/es\/wp-json\/wp\/v2\/users\/1"}],"replies":[{"embeddable":true,"href":"https:\/\/www.ecuadortimes.net\/es\/wp-json\/wp\/v2\/comments?post=257837"}],"version-history":[{"count":1,"href":"https:\/\/www.ecuadortimes.net\/es\/wp-json\/wp\/v2\/posts\/257837\/revisions"}],"predecessor-version":[{"id":257839,"href":"https:\/\/www.ecuadortimes.net\/es\/wp-json\/wp\/v2\/posts\/257837\/revisions\/257839"}],"wp:featuredmedia":[{"embeddable":true,"href":"https:\/\/www.ecuadortimes.net\/es\/wp-json\/wp\/v2\/media\/257838"}],"wp:attachment":[{"href":"https:\/\/www.ecuadortimes.net\/es\/wp-json\/wp\/v2\/media?parent=257837"}],"wp:term":[{"taxonomy":"category","embeddable":true,"href":"https:\/\/www.ecuadortimes.net\/es\/wp-json\/wp\/v2\/categories?post=257837"},{"taxonomy":"post_tag","embeddable":true,"href":"https:\/\/www.ecuadortimes.net\/es\/wp-json\/wp\/v2\/tags?post=257837"}],"curies":[{"name":"wp","href":"https:\/\/api.w.org\/{rel}","templated":true}]}}