{"id":257840,"date":"2021-01-21T21:57:22","date_gmt":"2021-01-21T21:57:22","guid":{"rendered":"https:\/\/www.ecuadortimes.net\/es\/?p=257840"},"modified":"2021-01-21T21:57:22","modified_gmt":"2021-01-21T21:57:22","slug":"rico-suave-el-lema-de-gerardo-mejia-ahora-convertido-en-cafe","status":"publish","type":"post","link":"https:\/\/www.ecuadortimes.net\/es\/rico-suave-el-lema-de-gerardo-mejia-ahora-convertido-en-cafe\/","title":{"rendered":"Rico, suave, el lema de Gerardo Mej\u00eda, ahora convertido en caf\u00e9"},"content":{"rendered":"<p>El cantante ecuatoriano siempre ha destacado como emprendedor, pero no solo en la m\u00fasica, porque desde hace unas semanas publicita un caf\u00e9 ecuatoriano denominado Rico, suave, similar a sus \u00e9xitos juveniles.<\/p>\n<div id=\"attachment_257841\" style=\"width: 810px\" class=\"wp-caption alignnone\"><img aria-describedby=\"caption-attachment-257841\" loading=\"lazy\" class=\"size-full wp-image-257841\" src=\"https:\/\/www.ecuadortimes.net\/es\/wp-content\/uploads\/2021\/01\/ecuador-times-ecuador-news-rico-suave-gerardo-mejia-coffee-business.jpg\" alt=\"\" width=\"800\" height=\"533\" \/><p id=\"caption-attachment-257841\" class=\"wp-caption-text\">Rico, suave, el lema de Gerardo Mej\u00eda, ahora convertido en caf\u00e9<\/p><\/div>\n<p>Lo novedoso de la campa\u00f1a del guayaquile\u00f1o Gerardo Mej\u00eda es que hoy public\u00f3 en sus redes sociales un video donde se <strong>muestra su genialidad haciendo un gui\u00f1o a su m\u00fasica.<\/strong><\/p>\n<p>En los detalles de su emprendimiento se explica que Gerardo, pionero de la m\u00fasica latinoamericana y empresario, se inspir\u00f3 en el hogar para crear este distinguido sabor. <strong>Se trata de una colaboraci\u00f3n con los agricultores ecuatorianos, cosechando granos en los valles de los Andes, de las colinas ondulantes de Loja y la provincia costera de El Oro.<\/strong> Estos caficultores trabajan con un grano de caf\u00e9 org\u00e1nico de la variedad 100% Arabica.<\/p>\n<p>La intensa fragancia y el aroma floral de este caf\u00e9 tostado calentar\u00e1n el coraz\u00f3n y animar\u00e1n los sentidos. El caf\u00e9 Rico Suave ofrece un cuerpo liso y equilibrado con toques de chocolate, az\u00facar morena y almendras tostadas, se explica entre otra informaci\u00f3n sobre el producto.<\/p>\n<p><strong>&#8220;Si\u00e9ntese, rel\u00e1jese y beba el caf\u00e9 Rico Suave y tome la vida un sorbo a la vez&#8221;<\/strong>, invita el rapero en su web.<\/p>\n<p>Gerardo est\u00e1 promocionando su caf\u00e9 ecuatoriano para clientes en Estados Unidos, aunque desde su sitio web es factible comprarlo tambi\u00e9n en l\u00ednea. (E)<\/p>\n<p><a href=\"https:\/\/www.eluniverso.com\/entretenimiento\/2021\/01\/21\/nota\/9596968\/gerardo-mejia-cafe-ecuador-rico-suave-negocio\">https:\/\/www.eluniverso.com\/entretenimiento\/2021\/01\/21\/nota\/9596968\/gerardo-mejia-cafe-ecuador-rico-suave-negocio<\/a><\/p>\n","protected":false},"excerpt":{"rendered":"<p>El cantante ecuatoriano siempre ha destacado como emprendedor, pero no solo en la m\u00fasica, porque desde hace unas semanas publicita un caf\u00e9 ecuatoriano denominado Rico, suave, similar a sus \u00e9xitos juveniles. Lo novedoso de la campa\u00f1a del guayaquile\u00f1o Gerardo Mej\u00eda es que hoy public\u00f3 en sus redes sociales un video donde se muestra su genialidad haciendo un gui\u00f1o a su m\u00fasica. En los detalles de su emprendimiento se explica que Gerardo, pionero de la m\u00fasica latinoamericana y empresario, se inspir\u00f3 en el hogar para crear este distinguido sabor. Se trata de una colaboraci\u00f3n con los agricultores ecuatorianos, cosechando granos en los valles de los Andes, de las colinas ondulantes de Loja y la provincia costera de El Oro. Estos caficultores trabajan con un grano de caf\u00e9 org\u00e1nico de la variedad 100% Arabica. La intensa fragancia y el aroma floral de este caf\u00e9 tostado calentar\u00e1n el coraz\u00f3n y animar\u00e1n los sentidos. El caf\u00e9 Rico Suave ofrece un cuerpo liso y equilibrado con toques de chocolate, az\u00facar morena y almendras tostadas, se explica entre otra informaci\u00f3n sobre el producto. &#8220;Si\u00e9ntese, rel\u00e1jese y beba el caf\u00e9 Rico Suave y tome la vida un sorbo a la vez&#8221;, invita el rapero en su web. Gerardo est\u00e1 promocionando su caf\u00e9 ecuatoriano para clientes en Estados Unidos, aunque desde su sitio web es factible comprarlo tambi\u00e9n en l\u00ednea. (E) https:\/\/www.eluniverso.com\/entretenimiento\/2021\/01\/21\/nota\/9596968\/gerardo-mejia-cafe-ecuador-rico-suave-negocio<\/p>\n","protected":false},"author":1,"featured_media":257841,"comment_status":"closed","ping_status":"closed","sticky":false,"template":"","format":"standard","meta":[],"categories":[35,24],"tags":[],"_links":{"self":[{"href":"https:\/\/www.ecuadortimes.net\/es\/wp-json\/wp\/v2\/posts\/257840"}],"collection":[{"href":"https:\/\/www.ecuadortimes.net\/es\/wp-json\/wp\/v2\/posts"}],"about":[{"href":"https:\/\/www.ecuadortimes.net\/es\/wp-json\/wp\/v2\/types\/post"}],"author":[{"embeddable":true,"href":"https:\/\/www.ecuadortimes.net\/es\/wp-json\/wp\/v2\/users\/1"}],"replies":[{"embeddable":true,"href":"https:\/\/www.ecuadortimes.net\/es\/wp-json\/wp\/v2\/comments?post=257840"}],"version-history":[{"count":1,"href":"https:\/\/www.ecuadortimes.net\/es\/wp-json\/wp\/v2\/posts\/257840\/revisions"}],"predecessor-version":[{"id":257842,"href":"https:\/\/www.ecuadortimes.net\/es\/wp-json\/wp\/v2\/posts\/257840\/revisions\/257842"}],"wp:featuredmedia":[{"embeddable":true,"href":"https:\/\/www.ecuadortimes.net\/es\/wp-json\/wp\/v2\/media\/257841"}],"wp:attachment":[{"href":"https:\/\/www.ecuadortimes.net\/es\/wp-json\/wp\/v2\/media?parent=257840"}],"wp:term":[{"taxonomy":"category","embeddable":true,"href":"https:\/\/www.ecuadortimes.net\/es\/wp-json\/wp\/v2\/categories?post=257840"},{"taxonomy":"post_tag","embeddable":true,"href":"https:\/\/www.ecuadortimes.net\/es\/wp-json\/wp\/v2\/tags?post=257840"}],"curies":[{"name":"wp","href":"https:\/\/api.w.org\/{rel}","templated":true}]}}