{"id":257843,"date":"2021-01-22T22:37:38","date_gmt":"2021-01-22T22:37:38","guid":{"rendered":"https:\/\/www.ecuadortimes.net\/es\/?p=257843"},"modified":"2021-01-22T22:37:38","modified_gmt":"2021-01-22T22:37:38","slug":"procuraduria-solicito-a-la-corte-nacional-el-embargo-de-bienes-para-sentenciados-del-caso-sobornos","status":"publish","type":"post","link":"https:\/\/www.ecuadortimes.net\/es\/procuraduria-solicito-a-la-corte-nacional-el-embargo-de-bienes-para-sentenciados-del-caso-sobornos\/","title":{"rendered":"Procuradur\u00eda solicit\u00f3 a la Corte Nacional el embargo de bienes para sentenciados del caso Sobornos"},"content":{"rendered":"<div class=\"itemFullText\">\n<p>La Procuradur\u00eda General del Estado, responsable del proceso de ejecuci\u00f3n de la sentencia dictada en este juicio, solicit\u00f3 a los jueces de la Sala Especializada de lo Penal de la Corte Nacional de Justicia (CNJ), dispongan el embargo de los bienes de los sentenciados por este caso, entre ellos el expresidente Rafael Correa y otras autoridades de su gobierno.<\/p>\n<div id=\"attachment_257844\" style=\"width: 1210px\" class=\"wp-caption alignnone\"><img aria-describedby=\"caption-attachment-257844\" loading=\"lazy\" class=\"size-full wp-image-257844\" src=\"https:\/\/www.ecuadortimes.net\/es\/wp-content\/uploads\/2021\/01\/ecuador-time-ecuador-news-request-national-court-to-froze-assets-people-sentenced-on-bribery-case.jpg\" alt=\"\" width=\"1200\" height=\"810\" srcset=\"https:\/\/www.ecuadortimes.net\/es\/wp-content\/uploads\/2021\/01\/ecuador-time-ecuador-news-request-national-court-to-froze-assets-people-sentenced-on-bribery-case.jpg 1200w, https:\/\/www.ecuadortimes.net\/es\/wp-content\/uploads\/2021\/01\/ecuador-time-ecuador-news-request-national-court-to-froze-assets-people-sentenced-on-bribery-case-75x52.jpg 75w\" sizes=\"(max-width: 1200px) 100vw, 1200px\" \/><p id=\"caption-attachment-257844\" class=\"wp-caption-text\">Procuradur\u00eda solicit\u00f3 a la Corte Nacional el embargo de bienes para sentenciados del caso Sobornos<\/p><\/div>\n<p>Para lo anterior se requiri\u00f3 el sorteo del depositario judicial y el se\u00f1alamiento de d\u00eda y hora para realizar esta diligencia.<\/p>\n<p>Esta acci\u00f3n se realiza luego de que<strong> el Tribunal de Ejecuci\u00f3n<\/strong>, mediante providencia de 18 de diciembre de 2020 pidiera a los Registros de la Propiedad del pa\u00eds la informaci\u00f3n de los bienes registrados a nombre de los condenados.<\/p>\n<p>Los antecedentes registrales recibidos desde la<strong> Direcci\u00f3n Nacional de Registro de Datos P\u00fablicos<\/strong> (Dinardap) certifican que los acusados son los propietarios de varios bienes inmuebles en Quito y Guayaquil entre los que constan casas, departamentos y parqueaderos.<\/p>\n<p>Este pedido se cumple dos semanas despu\u00e9s de que el Registrador de la Propiedad de Guayaquil, Segundo Zurita, informara al Tribunal de la CNJ que se llev\u00f3 a cabo la inscripci\u00f3n del comiso de los bienes inmuebles de ocho de 20 sentenciados.<\/p>\n<p>Entre ellos se encuentran el<strong> expresidente Rafael Correa;<\/strong> Walter Sol\u00eds, exministro del Agua; los exasamble\u00edstas Christian Viteri y Viviana Bonilla; el exsecretario jur\u00eddico de la Presidencia, Alexis Mera y el exministro de Turismo, Vinicio Alvarado, as\u00ed como los empresarios Bol\u00edvar S\u00e1nchez y Pedro Verduga. <strong>(I)<\/strong><\/p>\n<p><a href=\"https:\/\/www.eltelegrafo.com.ec\/noticias\/judicial\/12\/procuraduria-solicito-corte-nacional-el-embargo-de-bienes-para-sentenciados-caso-sobornos\">https:\/\/www.eltelegrafo.com.ec\/noticias\/judicial\/12\/procuraduria-solicito-corte-nacional-el-embargo-de-bienes-para-sentenciados-caso-sobornos<\/a><\/p>\n<\/div>\n","protected":false},"excerpt":{"rendered":"<p>La Procuradur\u00eda General del Estado, responsable del proceso de ejecuci\u00f3n de la sentencia dictada en este juicio, solicit\u00f3 a los jueces de la Sala Especializada de lo Penal de la Corte Nacional de Justicia (CNJ), dispongan el embargo de los bienes de los sentenciados por este caso, entre ellos el expresidente Rafael Correa y otras autoridades de su gobierno. Para lo anterior se requiri\u00f3 el sorteo del depositario judicial y el se\u00f1alamiento de d\u00eda y hora para realizar esta diligencia. Esta acci\u00f3n se realiza luego de que el Tribunal de Ejecuci\u00f3n, mediante providencia de 18 de diciembre de 2020 pidiera a los Registros de la Propiedad del pa\u00eds la informaci\u00f3n de los bienes registrados a nombre de los condenados. Los antecedentes registrales recibidos desde la Direcci\u00f3n Nacional de Registro de Datos P\u00fablicos (Dinardap) certifican que los acusados son los propietarios de varios bienes inmuebles en Quito y Guayaquil entre los que constan casas, departamentos y parqueaderos. Este pedido se cumple dos semanas despu\u00e9s de que el Registrador de la Propiedad de Guayaquil, Segundo Zurita, informara al Tribunal de la CNJ que se llev\u00f3 a cabo la inscripci\u00f3n del comiso de los bienes inmuebles de ocho de 20 sentenciados. Entre ellos se encuentran el expresidente Rafael Correa; Walter Sol\u00eds, exministro del Agua; los exasamble\u00edstas Christian Viteri y Viviana Bonilla; el exsecretario jur\u00eddico de la Presidencia, Alexis Mera y el exministro de Turismo, Vinicio Alvarado, as\u00ed como los empresarios Bol\u00edvar S\u00e1nchez y Pedro Verduga. (I) https:\/\/www.eltelegrafo.com.ec\/noticias\/judicial\/12\/procuraduria-solicito-corte-nacional-el-embargo-de-bienes-para-sentenciados-caso-sobornos<\/p>\n","protected":false},"author":1,"featured_media":257844,"comment_status":"closed","ping_status":"closed","sticky":false,"template":"","format":"standard","meta":[],"categories":[40,23],"tags":[],"_links":{"self":[{"href":"https:\/\/www.ecuadortimes.net\/es\/wp-json\/wp\/v2\/posts\/257843"}],"collection":[{"href":"https:\/\/www.ecuadortimes.net\/es\/wp-json\/wp\/v2\/posts"}],"about":[{"href":"https:\/\/www.ecuadortimes.net\/es\/wp-json\/wp\/v2\/types\/post"}],"author":[{"embeddable":true,"href":"https:\/\/www.ecuadortimes.net\/es\/wp-json\/wp\/v2\/users\/1"}],"replies":[{"embeddable":true,"href":"https:\/\/www.ecuadortimes.net\/es\/wp-json\/wp\/v2\/comments?post=257843"}],"version-history":[{"count":1,"href":"https:\/\/www.ecuadortimes.net\/es\/wp-json\/wp\/v2\/posts\/257843\/revisions"}],"predecessor-version":[{"id":257845,"href":"https:\/\/www.ecuadortimes.net\/es\/wp-json\/wp\/v2\/posts\/257843\/revisions\/257845"}],"wp:featuredmedia":[{"embeddable":true,"href":"https:\/\/www.ecuadortimes.net\/es\/wp-json\/wp\/v2\/media\/257844"}],"wp:attachment":[{"href":"https:\/\/www.ecuadortimes.net\/es\/wp-json\/wp\/v2\/media?parent=257843"}],"wp:term":[{"taxonomy":"category","embeddable":true,"href":"https:\/\/www.ecuadortimes.net\/es\/wp-json\/wp\/v2\/categories?post=257843"},{"taxonomy":"post_tag","embeddable":true,"href":"https:\/\/www.ecuadortimes.net\/es\/wp-json\/wp\/v2\/tags?post=257843"}],"curies":[{"name":"wp","href":"https:\/\/api.w.org\/{rel}","templated":true}]}}