{"id":257849,"date":"2021-01-25T22:43:45","date_gmt":"2021-01-25T22:43:45","guid":{"rendered":"https:\/\/www.ecuadortimes.net\/es\/?p=257849"},"modified":"2021-01-25T22:43:45","modified_gmt":"2021-01-25T22:43:45","slug":"cne-no-acepto-pedido-de-justicia-social-de-tener-mas-dias-para-inscribir-candidatos-a-parlamentarios-andinos","status":"publish","type":"post","link":"https:\/\/www.ecuadortimes.net\/es\/cne-no-acepto-pedido-de-justicia-social-de-tener-mas-dias-para-inscribir-candidatos-a-parlamentarios-andinos\/","title":{"rendered":"CNE no acept\u00f3 pedido de Justicia Social de tener m\u00e1s d\u00edas para inscribir candidatos a parlamentarios andinos"},"content":{"rendered":"<div class=\"field-name-body\">\n<p>El<strong> Consejo Nacional Electoral (CNE)<\/strong> no dio paso a una resoluci\u00f3n de correcci\u00f3n solicitada por el movimiento pol\u00edtico <strong>Justicia Social<\/strong>, para que les den m\u00e1s d\u00edas de plazo para inscribir candidatos para parlamentarios andinos.<\/p>\n<div id=\"attachment_12489\" style=\"width: 1290px\" class=\"wp-caption alignnone\"><img aria-describedby=\"caption-attachment-12489\" loading=\"lazy\" class=\"size-full wp-image-12489\" src=\"https:\/\/www.revista-laverdad.com\/wp-content\/uploads\/2021\/01\/revista-la-verdad-ecuador-cne-no-acepto-pedido-justicia-social-mas-dias-para-inscribir-candidatos-parlamento-andino.jpg\" alt=\"\" width=\"1280\" height=\"853\" \/><p id=\"caption-attachment-12489\" class=\"wp-caption-text\">CNE no acept\u00f3 pedido de Justicia Social de tener m\u00e1s d\u00edas para inscribir candidatos a parlamentarios andinos<\/p><\/div>\n<p>Este 25 de enero, el pleno del Consejo, con los votos de los consejeros<strong> Diana Atamaint, Jos\u00e9 Cabrera y Luis Verdesoto <\/strong>resolvieron no aceptar una solicitud de correcci\u00f3n interpuesta en contra de la resoluci\u00f3n del 2o de enero pasado, en la que se otorg\u00f3 a la organizaci\u00f3n pol\u00edtic<strong>a el plazo de un d\u00eda <\/strong>paraque inscriba a sus candidatos al<strong> Parlamento Andino<\/strong>.<\/p>\n<p>Justicia Social pidi\u00f3 al CNE que se le conceda plazos en forma igualitaria y equitativa como a otras agrupaciones pol\u00edticas para postular a sus candidatos, en cumplimiento de las sentencias del <strong>Tribunal Contencioso Electoral (TCE) <\/strong>emitidas el 30 de octubre y el 8 de diciembre, en las que se dictaron medidas de reparaci\u00f3n integral.<\/p>\n<p>Los consejeros votaron por ratificarse en su resoluci\u00f3n del 20 de enero, y resaltaron que con esa decisi\u00f3n dieron cumplimiento a la sentencia del<strong> TCE <\/strong>(del 15 de enero) en la que ordenaron al Consejo garantizar la participaci\u00f3n en las elecciones generales del 7 de febrero del 2021, de los candidatos de Justicia Social.<\/p>\n<p>El jueves pasado venc\u00eda el plazo de un d\u00eda para que ingresen la documentaci\u00f3n de sus aspirantes. Sin embargo, con la nueva decisi\u00f3n del CNE no se precis\u00f3 si el movimiento tendr\u00e1 habilitado el sistema inform\u00e1tico para ingresar la informaci\u00f3n de sus aspirantes, despu\u00e9s de la notificaci\u00f3n de esta \u00faltima resoluci\u00f3n.<\/p>\n<p>La resoluci\u00f3n sobre las candidaturas de parlamentarios andinos de Justicia Social est\u00e1 afectando la impresi\u00f3n de papeletas en el <strong>Instituto Geogr\u00e1fico Militar (IGM)<\/strong>, pues hasta el momento se reporta un 0% de avance.<\/p>\n<p>Esto debido a que no se resuelve la situaci\u00f3n jur\u00eddica de sus candidatos en el CNE.<\/p>\n<p>Por otra parte, dentro de la causa 131, el TCE acept\u00f3 la recusaci\u00f3n planteada por la presidenta del CNE, Diana Atamaint en contra de los jueces <strong>\u00c1ngel Torres, Guillermo Ortega y Juan Maldonado<\/strong>, relacionada tambi\u00e9n con Justicia Social, y se los separ\u00f3 de conocer este proceso. El proyecto de sentencia elaborado por la jueza Ivonne Coloma, se aprob\u00f3 con el voto de los magistrados Richard Gonz\u00e1lez, Roosevelt Cede\u00f1o, Solimar Herrera, Jorge Baeza y el de ella.<\/p>\n<p>Se neg\u00f3 la recusaci\u00f3n a la jueza Patricia Guaicha.<\/p>\n<p>La causa 131 estuvo tramitada por el juez Joaqu\u00edn Viteri, quien en su fallo dispuso al CNE precisar las circunscripciones en las que el movimiento no pudo inscribir a sus candidatos y proceda a la revisi\u00f3n.<\/p>\n<p>Justicia Social apel\u00f3 esa sentencia porque esperaba que el magistrado ordene la inscripci\u00f3n de &#8220;todas las candidaturas&#8221; a las diferentes dignidades, alegando que estuvo extinta durante el periodo electoral en el que se consumaron la democracia interna, inscripci\u00f3n y calificaci\u00f3n.<\/p>\n<p>Ahora ser\u00e1 un nuevo pleno el que decida sobre esta causa. (I)<\/p>\n<p><a href=\"https:\/\/www.eluniverso.com\/noticias\/2021\/01\/25\/nota\/9601357\/elecciones-presidenciales-ecuador-2021-justicia-social\">https:\/\/www.eluniverso.com\/noticias\/2021\/01\/25\/nota\/9601357\/elecciones-presidenciales-ecuador-2021-justicia-social<\/a><\/p>\n<\/div>\n","protected":false},"excerpt":{"rendered":"<p>El Consejo Nacional Electoral (CNE) no dio paso a una resoluci\u00f3n de correcci\u00f3n solicitada por el movimiento pol\u00edtico Justicia Social, para que les den m\u00e1s d\u00edas de plazo para inscribir candidatos para parlamentarios andinos. Este 25 de enero, el pleno del Consejo, con los votos de los consejeros Diana Atamaint, Jos\u00e9 Cabrera y Luis Verdesoto resolvieron no aceptar una solicitud de correcci\u00f3n interpuesta en contra de la resoluci\u00f3n del 2o de enero pasado, en la que se otorg\u00f3 a la organizaci\u00f3n pol\u00edtica el plazo de un d\u00eda paraque inscriba a sus candidatos al Parlamento Andino. Justicia Social pidi\u00f3 al CNE que se le conceda plazos en forma igualitaria y equitativa como a otras agrupaciones pol\u00edticas para postular a sus candidatos, en cumplimiento de las sentencias del Tribunal Contencioso Electoral (TCE) emitidas el 30 de octubre y el 8 de diciembre, en las que se dictaron medidas de reparaci\u00f3n integral. Los consejeros votaron por ratificarse en su resoluci\u00f3n del 20 de enero, y resaltaron que con esa decisi\u00f3n dieron cumplimiento a la sentencia del TCE (del 15 de enero) en la que ordenaron al Consejo garantizar la participaci\u00f3n en las elecciones generales del 7 de febrero del 2021, de los candidatos de Justicia Social. El jueves pasado venc\u00eda el plazo de un d\u00eda para que ingresen la documentaci\u00f3n de sus aspirantes. Sin embargo, con la nueva decisi\u00f3n del CNE no se precis\u00f3 si el movimiento tendr\u00e1 habilitado el sistema inform\u00e1tico para ingresar la informaci\u00f3n de sus aspirantes, despu\u00e9s de la notificaci\u00f3n de esta \u00faltima resoluci\u00f3n. La resoluci\u00f3n sobre las candidaturas de parlamentarios andinos de Justicia Social est\u00e1 afectando la impresi\u00f3n de papeletas en el Instituto Geogr\u00e1fico Militar (IGM), pues hasta el momento se reporta un 0% de avance. Esto debido a que no se resuelve la situaci\u00f3n jur\u00eddica de sus candidatos en el CNE. Por otra parte, dentro de la causa 131, el TCE acept\u00f3 la recusaci\u00f3n planteada por la presidenta del CNE, Diana Atamaint en contra de los jueces \u00c1ngel Torres, Guillermo Ortega y Juan Maldonado, relacionada tambi\u00e9n con Justicia Social, y se los separ\u00f3 de conocer este proceso. El proyecto de sentencia elaborado por la jueza Ivonne Coloma, se aprob\u00f3 con el voto de los magistrados Richard Gonz\u00e1lez, Roosevelt Cede\u00f1o, Solimar Herrera, Jorge Baeza y el de ella. Se neg\u00f3 la recusaci\u00f3n a la jueza Patricia Guaicha. La causa 131 estuvo tramitada por el juez Joaqu\u00edn Viteri, quien en su fallo dispuso al CNE precisar las circunscripciones en las que el movimiento no pudo inscribir a sus candidatos y proceda a la revisi\u00f3n. Justicia Social apel\u00f3 esa sentencia porque esperaba que el magistrado ordene la inscripci\u00f3n de &#8220;todas las candidaturas&#8221; a las diferentes dignidades, alegando que estuvo extinta durante el periodo electoral en el que se consumaron la democracia interna, inscripci\u00f3n y calificaci\u00f3n. Ahora ser\u00e1 un nuevo pleno el que decida sobre esta causa. (I) https:\/\/www.eluniverso.com\/noticias\/2021\/01\/25\/nota\/9601357\/elecciones-presidenciales-ecuador-2021-justicia-social<\/p>\n","protected":false},"author":1,"featured_media":257850,"comment_status":"closed","ping_status":"closed","sticky":false,"template":"","format":"standard","meta":[],"categories":[40,24],"tags":[],"_links":{"self":[{"href":"https:\/\/www.ecuadortimes.net\/es\/wp-json\/wp\/v2\/posts\/257849"}],"collection":[{"href":"https:\/\/www.ecuadortimes.net\/es\/wp-json\/wp\/v2\/posts"}],"about":[{"href":"https:\/\/www.ecuadortimes.net\/es\/wp-json\/wp\/v2\/types\/post"}],"author":[{"embeddable":true,"href":"https:\/\/www.ecuadortimes.net\/es\/wp-json\/wp\/v2\/users\/1"}],"replies":[{"embeddable":true,"href":"https:\/\/www.ecuadortimes.net\/es\/wp-json\/wp\/v2\/comments?post=257849"}],"version-history":[{"count":1,"href":"https:\/\/www.ecuadortimes.net\/es\/wp-json\/wp\/v2\/posts\/257849\/revisions"}],"predecessor-version":[{"id":257851,"href":"https:\/\/www.ecuadortimes.net\/es\/wp-json\/wp\/v2\/posts\/257849\/revisions\/257851"}],"wp:featuredmedia":[{"embeddable":true,"href":"https:\/\/www.ecuadortimes.net\/es\/wp-json\/wp\/v2\/media\/257850"}],"wp:attachment":[{"href":"https:\/\/www.ecuadortimes.net\/es\/wp-json\/wp\/v2\/media?parent=257849"}],"wp:term":[{"taxonomy":"category","embeddable":true,"href":"https:\/\/www.ecuadortimes.net\/es\/wp-json\/wp\/v2\/categories?post=257849"},{"taxonomy":"post_tag","embeddable":true,"href":"https:\/\/www.ecuadortimes.net\/es\/wp-json\/wp\/v2\/tags?post=257849"}],"curies":[{"name":"wp","href":"https:\/\/api.w.org\/{rel}","templated":true}]}}