{"id":257858,"date":"2021-01-27T00:24:22","date_gmt":"2021-01-27T00:24:22","guid":{"rendered":"https:\/\/www.ecuadortimes.net\/es\/?p=257858"},"modified":"2021-01-27T00:24:22","modified_gmt":"2021-01-27T00:24:22","slug":"el-biess-proyecta-un-incremento-del-25-para-el-financiamiento-de-vivienda","status":"publish","type":"post","link":"https:\/\/www.ecuadortimes.net\/es\/el-biess-proyecta-un-incremento-del-25-para-el-financiamiento-de-vivienda\/","title":{"rendered":"El Biess proyecta un incremento del 25% para el financiamiento de vivienda"},"content":{"rendered":"<p>Iniciativas p\u00fablico\u2013privadas impulsa el Banco del Instituto Ecuatoriano de Seguridad Social (Biess) para los afiliados y jubilados para este a\u00f1o. Una de ellas es la colocaci\u00f3n de cr\u00e9ditos hipotecarios.<\/p>\n<div id=\"attachment_257859\" style=\"width: 1210px\" class=\"wp-caption alignnone\"><img aria-describedby=\"caption-attachment-257859\" loading=\"lazy\" class=\"size-full wp-image-257859\" src=\"https:\/\/www.ecuadortimes.net\/es\/wp-content\/uploads\/2021\/01\/ecuador-times-ecuador-news-biess-proyects-increment-25-porcent-financing-houses.jpg\" alt=\"\" width=\"1200\" height=\"810\" srcset=\"https:\/\/www.ecuadortimes.net\/es\/wp-content\/uploads\/2021\/01\/ecuador-times-ecuador-news-biess-proyects-increment-25-porcent-financing-houses.jpg 1200w, https:\/\/www.ecuadortimes.net\/es\/wp-content\/uploads\/2021\/01\/ecuador-times-ecuador-news-biess-proyects-increment-25-porcent-financing-houses-75x52.jpg 75w\" sizes=\"(max-width: 1200px) 100vw, 1200px\" \/><p id=\"caption-attachment-257859\" class=\"wp-caption-text\">El Biess proyecta un incremento del 25% para el financiamiento de vivienda<\/p><\/div>\n<p>Seg\u00fan Diego Burneo, gerente general del Biess, el \u00e9xito ser\u00e1 el trabajo en equipo desde todos los frentes. \u201cLa banca privada, la empresa privada, la banca p\u00fablica, las autoridades del Gobierno, de este Gobierno y del que viene.\u201d<\/p>\n<p>El Biess estableci\u00f3 para este a\u00f1o una meta de colocaci\u00f3n para cr\u00e9ditos hipotecarios de $ 500 millones, es decir, un 25% m\u00e1s alta que la de 2020, a\u00f1o en el que el la entidad financiera cerr\u00f3 con m\u00e1s $ 396,8 millones en 6.795 pr\u00e9stamos hipotecarios.<\/p>\n<p>\u201cEl Biess ha sido un part\u00edcipe muy importante todo el tiempo que venimos construyendo viviendas\u201d, as\u00ed lo expres\u00f3 Patricio Solines, gerente de Construir Futuro.<\/p>\n<p>Son esfuerzos de un trabajo en conjunto que contribuyen a impulsar al sector de la construcci\u00f3n, que es un dinamizador potente de la econom\u00eda. \u201cLa construcci\u00f3n -sin duda alguna- es un motor de desarrollo, y cuando se trata de recuperaci\u00f3n econ\u00f3mica, es el motor del pa\u00eds\u201d, dijo Burneo.<\/p>\n<p>Seg\u00fan el Biess, la entidad ocupa el 44% del mercado hipotecario a nivel nacional, convirti\u00e9ndolo en el banco con mayor colocaci\u00f3n de pr\u00e9stamos para vivienda. (I)<\/p>\n<p><a href=\"https:\/\/www.eltelegrafo.com.ec\/noticias\/economia\/4\/biess-incremento-25-financiamiento-vivienda\">https:\/\/www.eltelegrafo.com.ec\/noticias\/economia\/4\/biess-incremento-25-financiamiento-vivienda<\/a><\/p>\n","protected":false},"excerpt":{"rendered":"<p>Iniciativas p\u00fablico\u2013privadas impulsa el Banco del Instituto Ecuatoriano de Seguridad Social (Biess) para los afiliados y jubilados para este a\u00f1o. Una de ellas es la colocaci\u00f3n de cr\u00e9ditos hipotecarios. Seg\u00fan Diego Burneo, gerente general del Biess, el \u00e9xito ser\u00e1 el trabajo en equipo desde todos los frentes. \u201cLa banca privada, la empresa privada, la banca p\u00fablica, las autoridades del Gobierno, de este Gobierno y del que viene.\u201d El Biess estableci\u00f3 para este a\u00f1o una meta de colocaci\u00f3n para cr\u00e9ditos hipotecarios de $ 500 millones, es decir, un 25% m\u00e1s alta que la de 2020, a\u00f1o en el que el la entidad financiera cerr\u00f3 con m\u00e1s $ 396,8 millones en 6.795 pr\u00e9stamos hipotecarios. \u201cEl Biess ha sido un part\u00edcipe muy importante todo el tiempo que venimos construyendo viviendas\u201d, as\u00ed lo expres\u00f3 Patricio Solines, gerente de Construir Futuro. Son esfuerzos de un trabajo en conjunto que contribuyen a impulsar al sector de la construcci\u00f3n, que es un dinamizador potente de la econom\u00eda. \u201cLa construcci\u00f3n -sin duda alguna- es un motor de desarrollo, y cuando se trata de recuperaci\u00f3n econ\u00f3mica, es el motor del pa\u00eds\u201d, dijo Burneo. Seg\u00fan el Biess, la entidad ocupa el 44% del mercado hipotecario a nivel nacional, convirti\u00e9ndolo en el banco con mayor colocaci\u00f3n de pr\u00e9stamos para vivienda. (I) https:\/\/www.eltelegrafo.com.ec\/noticias\/economia\/4\/biess-incremento-25-financiamiento-vivienda<\/p>\n","protected":false},"author":1,"featured_media":257859,"comment_status":"closed","ping_status":"closed","sticky":false,"template":"","format":"standard","meta":[],"categories":[40,23],"tags":[],"_links":{"self":[{"href":"https:\/\/www.ecuadortimes.net\/es\/wp-json\/wp\/v2\/posts\/257858"}],"collection":[{"href":"https:\/\/www.ecuadortimes.net\/es\/wp-json\/wp\/v2\/posts"}],"about":[{"href":"https:\/\/www.ecuadortimes.net\/es\/wp-json\/wp\/v2\/types\/post"}],"author":[{"embeddable":true,"href":"https:\/\/www.ecuadortimes.net\/es\/wp-json\/wp\/v2\/users\/1"}],"replies":[{"embeddable":true,"href":"https:\/\/www.ecuadortimes.net\/es\/wp-json\/wp\/v2\/comments?post=257858"}],"version-history":[{"count":1,"href":"https:\/\/www.ecuadortimes.net\/es\/wp-json\/wp\/v2\/posts\/257858\/revisions"}],"predecessor-version":[{"id":257860,"href":"https:\/\/www.ecuadortimes.net\/es\/wp-json\/wp\/v2\/posts\/257858\/revisions\/257860"}],"wp:featuredmedia":[{"embeddable":true,"href":"https:\/\/www.ecuadortimes.net\/es\/wp-json\/wp\/v2\/media\/257859"}],"wp:attachment":[{"href":"https:\/\/www.ecuadortimes.net\/es\/wp-json\/wp\/v2\/media?parent=257858"}],"wp:term":[{"taxonomy":"category","embeddable":true,"href":"https:\/\/www.ecuadortimes.net\/es\/wp-json\/wp\/v2\/categories?post=257858"},{"taxonomy":"post_tag","embeddable":true,"href":"https:\/\/www.ecuadortimes.net\/es\/wp-json\/wp\/v2\/tags?post=257858"}],"curies":[{"name":"wp","href":"https:\/\/api.w.org\/{rel}","templated":true}]}}