{"id":257864,"date":"2021-01-27T19:22:14","date_gmt":"2021-01-27T19:22:14","guid":{"rendered":"https:\/\/www.ecuadortimes.net\/es\/?p=257864"},"modified":"2021-01-27T19:22:14","modified_gmt":"2021-01-27T19:22:14","slug":"pleno-del-cne-inadmitio-accion-que-interpuso-justicia-social-para-ampliar-plazo-para-inscripcion-de-candidatos-para-el-parlamento-andino","status":"publish","type":"post","link":"https:\/\/www.ecuadortimes.net\/es\/pleno-del-cne-inadmitio-accion-que-interpuso-justicia-social-para-ampliar-plazo-para-inscripcion-de-candidatos-para-el-parlamento-andino\/","title":{"rendered":"Pleno del CNE inadmiti\u00f3 acci\u00f3n que interpuso Justicia Social para ampliar plazo para inscripci\u00f3n de candidatos para el Parlamento Andino"},"content":{"rendered":"<p id=\"m12-11-13\">El <b>pleno del Consejo Nacional Electoral (CNE)<\/b> inadmiti\u00f3 la petici\u00f3n de <b>correcci\u00f3n <\/b>interpuesta por el movimiento<b> Justicia Social <\/b>en contra de la <b>resoluci\u00f3n <\/b>que le otorg\u00f3 el pasado 20 de enero del 2021, un d\u00eda de plazo para realizar la <b>inscripci\u00f3n <\/b>y calificaci\u00f3n de las candidaturas de <b>Parlamentarios Andinos. <\/b>Se buscaba ampliar ese periodo.<\/p>\n<div id=\"attachment_257865\" style=\"width: 622px\" class=\"wp-caption alignnone\"><img aria-describedby=\"caption-attachment-257865\" loading=\"lazy\" class=\"size-full wp-image-257865\" src=\"https:\/\/www.ecuadortimes.net\/es\/wp-content\/uploads\/2021\/01\/ecuador-times-ecuador-news-cne-negated-action-from-justicia-social-to-amplify-inscription-period-andean-parlament-candidates.jpeg\" alt=\"\" width=\"612\" height=\"340\" \/><p id=\"caption-attachment-257865\" class=\"wp-caption-text\">Pleno del CNE inadmiti\u00f3 acci\u00f3n que interpuso Justicia Social para ampliar plazo para inscripci\u00f3n de candidatos para el Parlamento Andino<\/p><\/div>\n<p id=\"m58-1-59\">La sesi\u00f3n del organismo electoral se efectu\u00f3 la ma\u00f1ana de este 25 de enero del 2020. La <b>decisi\u00f3n <\/b>que no dio paso el <b>pedido <\/b>de la lista 11 se tom\u00f3 con los <b>votos <\/b>de los tres <b>vocales <\/b>presentes: Diana Atamaint, Jos\u00e9 Cabrera y Luis Verdesoto.<\/p>\n<p>La<b> Direcci\u00f3n Nacional de Asesor\u00eda Jur\u00eddica del CNE<\/b> present\u00f3 su <b>informe <\/b>y recomend\u00f3 que se inadmita el <b>pedido <\/b>que sosten\u00eda que &#8220;el plazo de 1 d\u00eda, para proceder a la <b>inscripci\u00f3n <\/b>de candidaturas a parlamentario andino, tiempo que no es razonable para poder armar los <b>expedientes <\/b>para subir al <b>sistema inform\u00e1tico <\/b>de los candidatos&#8221;.<\/p>\n<p>El vocal Cabrera explic\u00f3 que la solicitud de Justicia Social no cuenta con los <b>argumentos <\/b>suficientes que desvirt\u00faen la validez de la <b>resoluci\u00f3n <\/b>que le otorg\u00f3 el plazo de un d\u00eda para la inscripci\u00f3n de <b>postulantes<\/b>.<\/p>\n<p>Atamaint, presidenta del CNE, dijo que el<b> an\u00e1lisis jur\u00eddico<\/b> realizado por el \u00e1rea pertinente establece que el pleno del CNE cumpli\u00f3 con lo ordenado por el Tribunal Contencioso Electoral (TCE), en ese caso.<\/p>\n<p>Es decir, se acat\u00f3 la<b> sentencia de \u00faltima instancia<\/b> del pleno de TCE que dej\u00f3 sin efecto dos <b>resoluciones <\/b>previas y dispuso que el CNE adopte las <b>medidas <\/b>necesarias para garantizar el derecho de <b>participaci\u00f3n <\/b>de los candidatos a parlamentarios andinos de Justicia Social.<\/p>\n<p>&#8220;Por lo que no procede la <b>petici\u00f3n <\/b>de la organizaci\u00f3n pol\u00edtica toda vez que los plazos otorgados se establecen considerando los plazos del <b>calendario electoral&#8221;<\/b>, agreg\u00f3 Atamaint.<\/p>\n<p id=\"m71-2-72\">La papeleta del Parlamento Andino es la \u00fanica que por ahora no se imprime, pues estaba pendiente la <b>resoluci\u00f3n <\/b>sobre Justicia Social. Hasta el momento, hay 15 listas calificadas en firme.<\/p>\n<p><a href=\"https:\/\/www.elcomercio.com\/actualidad\/cne-justicia-social-parlamento-andino.html\">https:\/\/www.elcomercio.com\/actualidad\/cne-justicia-social-parlamento-andino.html<\/a><\/p>\n","protected":false},"excerpt":{"rendered":"<p>El pleno del Consejo Nacional Electoral (CNE) inadmiti\u00f3 la petici\u00f3n de correcci\u00f3n interpuesta por el movimiento Justicia Social en contra de la resoluci\u00f3n que le otorg\u00f3 el pasado 20 de enero del 2021, un d\u00eda de plazo para realizar la inscripci\u00f3n y calificaci\u00f3n de las candidaturas de Parlamentarios Andinos. Se buscaba ampliar ese periodo. La sesi\u00f3n del organismo electoral se efectu\u00f3 la ma\u00f1ana de este 25 de enero del 2020. La decisi\u00f3n que no dio paso el pedido de la lista 11 se tom\u00f3 con los votos de los tres vocales presentes: Diana Atamaint, Jos\u00e9 Cabrera y Luis Verdesoto. La Direcci\u00f3n Nacional de Asesor\u00eda Jur\u00eddica del CNE present\u00f3 su informe y recomend\u00f3 que se inadmita el pedido que sosten\u00eda que &#8220;el plazo de 1 d\u00eda, para proceder a la inscripci\u00f3n de candidaturas a parlamentario andino, tiempo que no es razonable para poder armar los expedientes para subir al sistema inform\u00e1tico de los candidatos&#8221;. El vocal Cabrera explic\u00f3 que la solicitud de Justicia Social no cuenta con los argumentos suficientes que desvirt\u00faen la validez de la resoluci\u00f3n que le otorg\u00f3 el plazo de un d\u00eda para la inscripci\u00f3n de postulantes. Atamaint, presidenta del CNE, dijo que el an\u00e1lisis jur\u00eddico realizado por el \u00e1rea pertinente establece que el pleno del CNE cumpli\u00f3 con lo ordenado por el Tribunal Contencioso Electoral (TCE), en ese caso. Es decir, se acat\u00f3 la sentencia de \u00faltima instancia del pleno de TCE que dej\u00f3 sin efecto dos resoluciones previas y dispuso que el CNE adopte las medidas necesarias para garantizar el derecho de participaci\u00f3n de los candidatos a parlamentarios andinos de Justicia Social. &#8220;Por lo que no procede la petici\u00f3n de la organizaci\u00f3n pol\u00edtica toda vez que los plazos otorgados se establecen considerando los plazos del calendario electoral&#8221;, agreg\u00f3 Atamaint. La papeleta del Parlamento Andino es la \u00fanica que por ahora no se imprime, pues estaba pendiente la resoluci\u00f3n sobre Justicia Social. Hasta el momento, hay 15 listas calificadas en firme. https:\/\/www.elcomercio.com\/actualidad\/cne-justicia-social-parlamento-andino.html<\/p>\n","protected":false},"author":1,"featured_media":257865,"comment_status":"closed","ping_status":"closed","sticky":false,"template":"","format":"standard","meta":[],"categories":[40,24],"tags":[],"_links":{"self":[{"href":"https:\/\/www.ecuadortimes.net\/es\/wp-json\/wp\/v2\/posts\/257864"}],"collection":[{"href":"https:\/\/www.ecuadortimes.net\/es\/wp-json\/wp\/v2\/posts"}],"about":[{"href":"https:\/\/www.ecuadortimes.net\/es\/wp-json\/wp\/v2\/types\/post"}],"author":[{"embeddable":true,"href":"https:\/\/www.ecuadortimes.net\/es\/wp-json\/wp\/v2\/users\/1"}],"replies":[{"embeddable":true,"href":"https:\/\/www.ecuadortimes.net\/es\/wp-json\/wp\/v2\/comments?post=257864"}],"version-history":[{"count":1,"href":"https:\/\/www.ecuadortimes.net\/es\/wp-json\/wp\/v2\/posts\/257864\/revisions"}],"predecessor-version":[{"id":257866,"href":"https:\/\/www.ecuadortimes.net\/es\/wp-json\/wp\/v2\/posts\/257864\/revisions\/257866"}],"wp:featuredmedia":[{"embeddable":true,"href":"https:\/\/www.ecuadortimes.net\/es\/wp-json\/wp\/v2\/media\/257865"}],"wp:attachment":[{"href":"https:\/\/www.ecuadortimes.net\/es\/wp-json\/wp\/v2\/media?parent=257864"}],"wp:term":[{"taxonomy":"category","embeddable":true,"href":"https:\/\/www.ecuadortimes.net\/es\/wp-json\/wp\/v2\/categories?post=257864"},{"taxonomy":"post_tag","embeddable":true,"href":"https:\/\/www.ecuadortimes.net\/es\/wp-json\/wp\/v2\/tags?post=257864"}],"curies":[{"name":"wp","href":"https:\/\/api.w.org\/{rel}","templated":true}]}}