{"id":257870,"date":"2021-01-27T19:58:39","date_gmt":"2021-01-27T19:58:39","guid":{"rendered":"https:\/\/www.ecuadortimes.net\/es\/?p=257870"},"modified":"2021-01-27T19:58:39","modified_gmt":"2021-01-27T19:58:39","slug":"yaku-perez-no-es-descabellado-un-acuerdo-comercial-con-estados-unidos","status":"publish","type":"post","link":"https:\/\/www.ecuadortimes.net\/es\/yaku-perez-no-es-descabellado-un-acuerdo-comercial-con-estados-unidos\/","title":{"rendered":"Yaku P\u00e9rez: No es descabellado un acuerdo comercial con Estados Unidos"},"content":{"rendered":"<p>Al nacer fue inscrito como Carlos Ranulfo P\u00e9rez Guartambel. Pero debido a su activismo pol\u00edtico e identificaci\u00f3n con la causa ind\u00edgena, en 2017 reemplaz\u00f3 esos nombres por Yaku Sacha (\u2018agua de monte\u2019, en quechua). Ha sido activista antiminero, prefecto del Azuay y dirigente ind\u00edgena. En entrevista con este Diario, realizada por Zoom \u2014debido a que durante un mes su equipo de prensa no pudo agendar una cita personal para el di\u00e1logo ni la toma de fotograf\u00edas\u2014, asegur\u00f3 que su propuesta no es la de la tradicional izquierda marxista, sino la de quien podr\u00eda sentarse en busca de consensos.<\/p>\n<div id=\"attachment_257871\" style=\"width: 1208px\" class=\"wp-caption alignnone\"><img aria-describedby=\"caption-attachment-257871\" loading=\"lazy\" class=\"size-full wp-image-257871\" src=\"https:\/\/www.ecuadortimes.net\/es\/wp-content\/uploads\/2021\/01\/ecuador-times-ecuador-news-yaku-perez-commercial-agreement-with-united-states-makes-sense.jpg\" alt=\"\" width=\"1198\" height=\"839\" srcset=\"https:\/\/www.ecuadortimes.net\/es\/wp-content\/uploads\/2021\/01\/ecuador-times-ecuador-news-yaku-perez-commercial-agreement-with-united-states-makes-sense.jpg 1198w, https:\/\/www.ecuadortimes.net\/es\/wp-content\/uploads\/2021\/01\/ecuador-times-ecuador-news-yaku-perez-commercial-agreement-with-united-states-makes-sense-75x52.jpg 75w\" sizes=\"(max-width: 1198px) 100vw, 1198px\" \/><p id=\"caption-attachment-257871\" class=\"wp-caption-text\">Yaku P\u00e9rez: No es descabellado un acuerdo comercial con Estados Unidos<\/p><\/div>\n<p><strong>\u00bfPor qu\u00e9 su cambio de nombre?<\/strong><br \/>\nLo hice emulando a Pachac\u00fatec. Su nombre era Cusi Yupanqui, el iniciador del imperio incaico. Tambi\u00e9n emulando a Jos\u00e9 Gabriel Condorcanqui, que se cambi\u00f3 a T\u00fapac Amaru. O a Nina Pacari y a otros.<\/p>\n<p><strong>Dentro del movimiento ind\u00edgena hay quienes no lo ven as\u00ed.<\/strong><br \/>\nSoy ind\u00edgena quechua ca\u00f1ari, con orgullo. El apellido P\u00e9rez fue de un hacendado y mi padre muri\u00f3. Mi madre, Rosa In\u00e9s Guartambel Gui\u00f1ansaca, de pollerita, de trenza, de sombrerito, tiene los apellidos ca\u00f1aris.<\/p>\n<p><strong>Esos se\u00f1alamientos, entonces, \u00bfbuscan desacreditarlo?<\/strong><br \/>\nEs ir\u00f3nico. En Cuenca, cuando empezaban las luchas por el agua y me encarcelaron, me dec\u00edan que soy un indio alzado. Otros, que no soy ind\u00edgena. Yo estoy muy tranquilo, mis genes son quichua ca\u00f1ari.<\/p>\n<p><strong>Ante la resistencia de una parte de la dirigencia, af\u00edn al corre\u00edsmo, \u00bflograr\u00e1 el voto ind\u00edgena?<\/strong><br \/>\nEso est\u00e1 superado. Las bases est\u00e1n consolidadas. Siempre habr\u00e1 alguna voz disonante y eso es normal. Yo soy respetuoso de una peque\u00f1a facci\u00f3n, muy peque\u00f1a, por cierto, que apoya a la Revoluci\u00f3n Ciudadana, pero que no tendr\u00e1 peso.<\/p>\n<p><strong>\u00bfQu\u00e9 hubiese hecho como presidente en octubre de 2019?<\/strong><br \/>\nSimple: dialogar. No solo o\u00edr, sino escuchar y llegar a acuerdos. Nosotros hab\u00edamos pedido eso al tercer d\u00eda y el Gobierno no hizo caso, se vino la agresi\u00f3n a Quito, los diez asesinatos a nuestros hermanos. Esper\u00f3 once d\u00edas y ese fue su mayor error.<\/p>\n<p><strong>\u00bfSi llega al poder investigar\u00e1 al Gobierno por los muertos?<\/strong><br \/>\nNo. Nosotros no actuamos con venganza o persecuci\u00f3n.<\/p>\n<p><strong>En su propuesta de trabajo propone austeridad y reducci\u00f3n del Estado. \u00bfLo mismo que el Fondo Monetario (FMI)?<\/strong><br \/>\nAusteridad, s\u00ed. En la Prefectura ahorramos $ 10 millones y con eso financiamos 145 sistemas de riego, m\u00e1s de una docena de v\u00edas y la atenci\u00f3n en la pandemia. (Los funcionarios) nos bajamos el sueldo a la mitad, nos transportamos en bicicleta\u2026 Pero sobre la reducci\u00f3n del Estado creo que hay una mala interpretaci\u00f3n: vamos a eliminar las instituciones est\u00e9riles, como el Consejo de Participaci\u00f3n, la Judicatura, el Tribunal Contencioso Electoral, varias subsecretar\u00edas, as\u00ed como bajar el n\u00famero de asamble\u00edstas a la mitad.<\/p>\n<p><strong>Lo que implica despidos&#8230;<\/strong><br \/>\nSe indemnizar\u00e1 a la gente con lo justo o, en su defecto, pasar\u00e1 a otras dependencias.<\/p>\n<p><strong>Se ha mostrado abierto a un acuerdo comercial con Estados Unidos, \u201ctema prohibido\u201d en la izquierda.<\/strong><br \/>\nSi el acuerdo comercial con Estados Unidos, el mayor socio comercial del Ecuador, favorece a la mayor\u00eda: no lo pensar\u00e9 dos veces. No es malo per se, depende de las cl\u00e1usulas. No es una idea descabellada.<\/p>\n<p><strong>\u00bfD\u00f3lar o moneda propia?<\/strong><br \/>\nD\u00f3lar. Ninguna otra moneda. Ni siquiera la electr\u00f3nica.<\/p>\n<p><strong>\u00bfSu llamado al consenso incluye a la banca, a los empresarios, a la derecha pol\u00edtica?<\/strong><br \/>\nLos tiempos cambiaron. No somos de la izquierda sectaria, ortodoxa, dogm\u00e1tica, que cree tener la verdad absoluta. Tampoco soy partidario del foco guevarista o de la dictadura del proletariado. Yo soy partidario de la resistencia pac\u00edfica. Y de ah\u00ed hay que pasar ahora a la pedagog\u00eda de la esperanza. Uno tiene que escuchar. Vamos a necesitar de empresarios honestos y del sistema financiero. Lo \u00fanico que les vamos a decir es que paguen los impuestos.<\/p>\n<p><strong>Usted es radical contra el extractivismo. \u00bfMineras y petroleras deber\u00edan irse?<\/strong><br \/>\nNo es que tenemos alguna animadversi\u00f3n contra las empresas extractivistas, pero lo que han hecho es cuestionable. Han dividido a familias, despojado de sus territorios a la comunidad, envenenado el agua, creado corrupci\u00f3n, contaminado el ambiente, criminalizado\u2026 Por eso nuestra resistencia pac\u00edfica.<\/p>\n<p><strong>\u00bfY los contratos firmados?<\/strong><br \/>\nLos campos petroleros continuar\u00e1n bajo rigurosos est\u00e1ndares sociales y ambientales. La idea es que no se ampl\u00ede la frontera petrolera, salvo que las comunidades, previo consentimiento, lo permitan. Para la miner\u00eda convocaremos a una consulta popular para que el pueblo se pronuncie si est\u00e1 de acuerdo o no con que Ecuador sea declarado territorio libre de miner\u00eda met\u00e1lica en fuentes de agua, cabeceras de r\u00edos y humedales, en p\u00e1ramos. Los contratos que ya est\u00e1n en explotaci\u00f3n, como Fruta del Norte y Mirador, tambi\u00e9n deben cumplir los est\u00e1ndares. Para eso hay herramientas jur\u00eddicas. Si no cumplen, las podemos suspender y hasta extinguir.<\/p>\n<p><strong>Cuando dijo que se podr\u00eda exportar agua hubo burlas. \u00bfNo se llega a comprender su mensaje sobre los recursos naturales, sobre todo el agua?<\/strong><br \/>\nEs probable. A veces la poblaci\u00f3n est\u00e1 tan ocupada en resolver c\u00f3mo llevar el pan de cada d\u00eda que no lee, no mira m\u00e1s all\u00e1. En el 2050 seremos 10 mil millones de habitantes en el mundo, de los cuales 7 mil millones estar\u00e1n sedientos y hambrientos. (El cient\u00edfico) Stephen Hawking dijo que en menos de mil a\u00f1os vamos a estar envueltos en llamas por el calentamiento global. Pero fue muy conservador. En menos de 60 a\u00f1os el planeta ser\u00e1 invivible. No importa si por decir esto pierdo apoyo, pero no puedo dejar de expresar mi preocupaci\u00f3n por el planeta, por la vida.<\/p>\n<h3>Algo m\u00e1s&#8230;<\/h3>\n<p><strong>\u00bfQui\u00e9nes est\u00e1n en su c\u00edrculo m\u00e1s cercano?<\/strong><br \/>\nLos principales: Bruno Segovia, Cecilia Velasque y otros que podr\u00edan ser eventuales ministros, como Jaime Breilh, Gustavo Vega, Esperanza Mart\u00ednez y Martha Rold\u00f3s. Tambi\u00e9n Manuela Picq.<\/p>\n<p><strong>\u00bfC\u00f3mo se financia su campa\u00f1a electoral?<\/strong><br \/>\nSaqu\u00e9 un cr\u00e9dito de $ 20.000, que ya mismo se me termina. Adem\u00e1s, est\u00e1n los aportes de los compa\u00f1eros dirigentes de las provincias, que nos ayudan para hospedarnos y nos dan la alimentaci\u00f3n.<\/p>\n<p><strong>Autodefinici\u00f3n ideol\u00f3gica<\/strong><br \/>\nHumanista, defensor de los derechos humanos y de la naturaleza.<\/p>\n<p><strong>\u00bfQui\u00e9n ha sido el mejor presidente del pa\u00eds?<\/strong><br \/>\nEloy Alfaro. (I)<\/p>\n<p><a href=\"https:\/\/www.eluniverso.com\/noticias\/2021\/01\/14\/nota\/9528838\/yaku-perez-no-es-descabellado-acuerdo-comercial-estados-unidos\">https:\/\/www.eluniverso.com\/noticias\/2021\/01\/14\/nota\/9528838\/yaku-perez-no-es-descabellado-acuerdo-comercial-estados-unidos<\/a><\/p>\n","protected":false},"excerpt":{"rendered":"<p>Al nacer fue inscrito como Carlos Ranulfo P\u00e9rez Guartambel. Pero debido a su activismo pol\u00edtico e identificaci\u00f3n con la causa ind\u00edgena, en 2017 reemplaz\u00f3 esos nombres por Yaku Sacha (\u2018agua de monte\u2019, en quechua). Ha sido activista antiminero, prefecto del Azuay y dirigente ind\u00edgena. En entrevista con este Diario, realizada por Zoom \u2014debido a que durante un mes su equipo de prensa no pudo agendar una cita personal para el di\u00e1logo ni la toma de fotograf\u00edas\u2014, asegur\u00f3 que su propuesta no es la de la tradicional izquierda marxista, sino la de quien podr\u00eda sentarse en busca de consensos. \u00bfPor qu\u00e9 su cambio de nombre? Lo hice emulando a Pachac\u00fatec. Su nombre era Cusi Yupanqui, el iniciador del imperio incaico. Tambi\u00e9n emulando a Jos\u00e9 Gabriel Condorcanqui, que se cambi\u00f3 a T\u00fapac Amaru. O a Nina Pacari y a otros. Dentro del movimiento ind\u00edgena hay quienes no lo ven as\u00ed. Soy ind\u00edgena quechua ca\u00f1ari, con orgullo. El apellido P\u00e9rez fue de un hacendado y mi padre muri\u00f3. Mi madre, Rosa In\u00e9s Guartambel Gui\u00f1ansaca, de pollerita, de trenza, de sombrerito, tiene los apellidos ca\u00f1aris. Esos se\u00f1alamientos, entonces, \u00bfbuscan desacreditarlo? Es ir\u00f3nico. En Cuenca, cuando empezaban las luchas por el agua y me encarcelaron, me dec\u00edan que soy un indio alzado. Otros, que no soy ind\u00edgena. Yo estoy muy tranquilo, mis genes son quichua ca\u00f1ari. Ante la resistencia de una parte de la dirigencia, af\u00edn al corre\u00edsmo, \u00bflograr\u00e1 el voto ind\u00edgena? Eso est\u00e1 superado. Las bases est\u00e1n consolidadas. Siempre habr\u00e1 alguna voz disonante y eso es normal. Yo soy respetuoso de una peque\u00f1a facci\u00f3n, muy peque\u00f1a, por cierto, que apoya a la Revoluci\u00f3n Ciudadana, pero que no tendr\u00e1 peso. \u00bfQu\u00e9 hubiese hecho como presidente en octubre de 2019? Simple: dialogar. No solo o\u00edr, sino escuchar y llegar a acuerdos. Nosotros hab\u00edamos pedido eso al tercer d\u00eda y el Gobierno no hizo caso, se vino la agresi\u00f3n a Quito, los diez asesinatos a nuestros hermanos. Esper\u00f3 once d\u00edas y ese fue su mayor error. \u00bfSi llega al poder investigar\u00e1 al Gobierno por los muertos? No. Nosotros no actuamos con venganza o persecuci\u00f3n. En su propuesta de trabajo propone austeridad y reducci\u00f3n del Estado. \u00bfLo mismo que el Fondo Monetario (FMI)? Austeridad, s\u00ed. En la Prefectura ahorramos $ 10 millones y con eso financiamos 145 sistemas de riego, m\u00e1s de una docena de v\u00edas y la atenci\u00f3n en la pandemia. (Los funcionarios) nos bajamos el sueldo a la mitad, nos transportamos en bicicleta\u2026 Pero sobre la reducci\u00f3n del Estado creo que hay una mala interpretaci\u00f3n: vamos a eliminar las instituciones est\u00e9riles, como el Consejo de Participaci\u00f3n, la Judicatura, el Tribunal Contencioso Electoral, varias subsecretar\u00edas, as\u00ed como bajar el n\u00famero de asamble\u00edstas a la mitad. Lo que implica despidos&#8230; Se indemnizar\u00e1 a la gente con lo justo o, en su defecto, pasar\u00e1 a otras dependencias. Se ha mostrado abierto a un acuerdo comercial con Estados Unidos, \u201ctema prohibido\u201d en la izquierda. Si el acuerdo comercial con Estados Unidos, el mayor socio comercial del Ecuador, favorece a la mayor\u00eda: no lo pensar\u00e9 dos veces. No es malo per se, depende de las cl\u00e1usulas. No es una idea descabellada. \u00bfD\u00f3lar o moneda propia? D\u00f3lar. Ninguna otra moneda. Ni siquiera la electr\u00f3nica. \u00bfSu llamado al consenso incluye a la banca, a los empresarios, a la derecha pol\u00edtica? Los tiempos cambiaron. No somos de la izquierda sectaria, ortodoxa, dogm\u00e1tica, que cree tener la verdad absoluta. Tampoco soy partidario del foco guevarista o de la dictadura del proletariado. Yo soy partidario de la resistencia pac\u00edfica. Y de ah\u00ed hay que pasar ahora a la pedagog\u00eda de la esperanza. Uno tiene que escuchar. Vamos a necesitar de empresarios honestos y del sistema financiero. Lo \u00fanico que les vamos a decir es que paguen los impuestos. Usted es radical contra el extractivismo. \u00bfMineras y petroleras deber\u00edan irse? No es que tenemos alguna animadversi\u00f3n contra las empresas extractivistas, pero lo que han hecho es cuestionable. Han dividido a familias, despojado de sus territorios a la comunidad, envenenado el agua, creado corrupci\u00f3n, contaminado el ambiente, criminalizado\u2026 Por eso nuestra resistencia pac\u00edfica. \u00bfY los contratos firmados? Los campos petroleros continuar\u00e1n bajo rigurosos est\u00e1ndares sociales y ambientales. La idea es que no se ampl\u00ede la frontera petrolera, salvo que las comunidades, previo consentimiento, lo permitan. Para la miner\u00eda convocaremos a una consulta popular para que el pueblo se pronuncie si est\u00e1 de acuerdo o no con que Ecuador sea declarado territorio libre de miner\u00eda met\u00e1lica en fuentes de agua, cabeceras de r\u00edos y humedales, en p\u00e1ramos. Los contratos que ya est\u00e1n en explotaci\u00f3n, como Fruta del Norte y Mirador, tambi\u00e9n deben cumplir los est\u00e1ndares. Para eso hay herramientas jur\u00eddicas. Si no cumplen, las podemos suspender y hasta extinguir. Cuando dijo que se podr\u00eda exportar agua hubo burlas. \u00bfNo se llega a comprender su mensaje sobre los recursos naturales, sobre todo el agua? Es probable. A veces la poblaci\u00f3n est\u00e1 tan ocupada en resolver c\u00f3mo llevar el pan de cada d\u00eda que no lee, no mira m\u00e1s all\u00e1. En el 2050 seremos 10 mil millones de habitantes en el mundo, de los cuales 7 mil millones estar\u00e1n sedientos y hambrientos. (El cient\u00edfico) Stephen Hawking dijo que en menos de mil a\u00f1os vamos a estar envueltos en llamas por el calentamiento global. Pero fue muy conservador. En menos de 60 a\u00f1os el planeta ser\u00e1 invivible. No importa si por decir esto pierdo apoyo, pero no puedo dejar de expresar mi preocupaci\u00f3n por el planeta, por la vida. Algo m\u00e1s&#8230; \u00bfQui\u00e9nes est\u00e1n en su c\u00edrculo m\u00e1s cercano? Los principales: Bruno Segovia, Cecilia Velasque y otros que podr\u00edan ser eventuales ministros, como Jaime Breilh, Gustavo Vega, Esperanza Mart\u00ednez y Martha Rold\u00f3s. Tambi\u00e9n Manuela Picq. \u00bfC\u00f3mo se financia su campa\u00f1a electoral? Saqu\u00e9 un cr\u00e9dito de $ 20.000, que ya mismo se me termina. Adem\u00e1s, est\u00e1n los aportes de los compa\u00f1eros dirigentes de las provincias, que nos ayudan para hospedarnos y nos dan la alimentaci\u00f3n. Autodefinici\u00f3n ideol\u00f3gica Humanista, defensor de los derechos humanos y de la naturaleza. \u00bfQui\u00e9n ha sido el mejor presidente del [&hellip;]<\/p>\n","protected":false},"author":1,"featured_media":257871,"comment_status":"closed","ping_status":"closed","sticky":false,"template":"","format":"standard","meta":[],"categories":[40,24],"tags":[],"_links":{"self":[{"href":"https:\/\/www.ecuadortimes.net\/es\/wp-json\/wp\/v2\/posts\/257870"}],"collection":[{"href":"https:\/\/www.ecuadortimes.net\/es\/wp-json\/wp\/v2\/posts"}],"about":[{"href":"https:\/\/www.ecuadortimes.net\/es\/wp-json\/wp\/v2\/types\/post"}],"author":[{"embeddable":true,"href":"https:\/\/www.ecuadortimes.net\/es\/wp-json\/wp\/v2\/users\/1"}],"replies":[{"embeddable":true,"href":"https:\/\/www.ecuadortimes.net\/es\/wp-json\/wp\/v2\/comments?post=257870"}],"version-history":[{"count":1,"href":"https:\/\/www.ecuadortimes.net\/es\/wp-json\/wp\/v2\/posts\/257870\/revisions"}],"predecessor-version":[{"id":257872,"href":"https:\/\/www.ecuadortimes.net\/es\/wp-json\/wp\/v2\/posts\/257870\/revisions\/257872"}],"wp:featuredmedia":[{"embeddable":true,"href":"https:\/\/www.ecuadortimes.net\/es\/wp-json\/wp\/v2\/media\/257871"}],"wp:attachment":[{"href":"https:\/\/www.ecuadortimes.net\/es\/wp-json\/wp\/v2\/media?parent=257870"}],"wp:term":[{"taxonomy":"category","embeddable":true,"href":"https:\/\/www.ecuadortimes.net\/es\/wp-json\/wp\/v2\/categories?post=257870"},{"taxonomy":"post_tag","embeddable":true,"href":"https:\/\/www.ecuadortimes.net\/es\/wp-json\/wp\/v2\/tags?post=257870"}],"curies":[{"name":"wp","href":"https:\/\/api.w.org\/{rel}","templated":true}]}}