{"id":257873,"date":"2021-01-28T21:51:55","date_gmt":"2021-01-28T21:51:55","guid":{"rendered":"https:\/\/www.ecuadortimes.net\/es\/?p=257873"},"modified":"2021-01-28T21:51:55","modified_gmt":"2021-01-28T21:51:55","slug":"la-policia-abordo-a-tres-sospechosos-para-tomar-declaraciones-en-investigacion-por-asesinato-de-efrain-ruales","status":"publish","type":"post","link":"https:\/\/www.ecuadortimes.net\/es\/la-policia-abordo-a-tres-sospechosos-para-tomar-declaraciones-en-investigacion-por-asesinato-de-efrain-ruales\/","title":{"rendered":"La Polic\u00eda abord\u00f3 a tres sospechosos para tomar declaraciones en investigaci\u00f3n por asesinato de Efra\u00edn Ruales"},"content":{"rendered":"<p>El ministro de Gobierno, Patricio Pazmi\u00f1o, inform\u00f3 la noche de este mi\u00e9rcoles 27 que se han realizado dos allanamientos en Guayaquil dentro de la investigaci\u00f3n por el asesinato del presentador de televisi\u00f3n Efra\u00edn Ruales.<\/p>\n<div id=\"attachment_257874\" style=\"width: 1290px\" class=\"wp-caption alignnone\"><img aria-describedby=\"caption-attachment-257874\" loading=\"lazy\" class=\"size-full wp-image-257874\" src=\"https:\/\/www.ecuadortimes.net\/es\/wp-content\/uploads\/2021\/01\/ecuador-times-ecuador-news-police-questioned-three-suspects-declarations-murder-of-efrain-ruales.jpg\" alt=\"\" width=\"1280\" height=\"720\" \/><p id=\"caption-attachment-257874\" class=\"wp-caption-text\">La Polic\u00eda abord\u00f3 a tres sospechosos para tomar declaraciones en investigaci\u00f3n por asesinato de Efra\u00edn Ruales<\/p><\/div>\n<p>El funcionario indic\u00f3 que se est\u00e1 tomando versiones a tres personas, a las que calific\u00f3 como &#8220;sospechosas&#8221;. &#8220;No hablo de detenidos, pero tendr\u00e1n que justificar algunas pistas que ha seguido la Polic\u00eda y que se ha puesto en conocimiento de Fiscal\u00eda y se est\u00e1n procesando&#8221;, refiri\u00f3 Pazmi\u00f1o.<\/p>\n<p>Explic\u00f3 que se han tomado algunos procedimientos de car\u00e1cter t\u00e9cnico, pericial y cient\u00edfico con esas personas. Una vez que se obtengan los resultados, se podr\u00edan tomar acciones desde el punto de vista judicial, indic\u00f3.<\/p>\n<p>El ministro indic\u00f3, sin dar mayores detalles, que existen cinco indicios que se est\u00e1n investigando en torno al asesinato de Ruales, hecho registrado la ma\u00f1ana de este mi\u00e9rcoles 27 en el norte de Guayaquil.<\/p>\n<p>&#8220;Estos cinco indicios que se est\u00e1n siguiendo, se los va a seguir manejando de manera t\u00e9cnico cient\u00edfica, porque algunos de ellos requieren la participaci\u00f3n de elementos de Criminal\u00edstica para determinar algunas cosas, y solamente cuando esas pericias se ejecuten y se pueda demostrar su relaci\u00f3n o no con este caso, podremos hacer un pronunciamiento&#8221;, expres\u00f3 Pazmi\u00f1o.<\/p>\n<p>Luego de la autopsia realizada a Ruales, se determin\u00f3 que la causa de su muerte fue por una hemorragia interna masiva, producto de un impacto de bala.<\/p>\n<p>&#8220;El veh\u00edculo tiene tres impactos, uno en el costado posterior derecho que compromete los vidrios del veh\u00edculo y dos en el costado izquierdo, uno de ellos es el que habr\u00eda ingresado al cuerpo de la v\u00edctima y le termina ocasionando su muerte&#8221;, explic\u00f3 Pazmi\u00f1o durante una rueda de prensa que ofreci\u00f3 en Guayaquil la noche de este mi\u00e9rcoles 27, y en la que estuvo acompa\u00f1ado por Patricio Carrillo, comandante general de Polic\u00eda; y Luis Chonillo, gobernador del Guayas.<\/p>\n<p>El ministro reiter\u00f3 que Ruales no estaba convocado para rendir versiones por ning\u00fan caso en la Fiscal\u00eda, este mi\u00e9rcoles. &#8220;\u00c9l no hac\u00eda parte, hasta lo que conocemos, de ninguna investigaci\u00f3n en torno a los casos de corrupci\u00f3n con los hospitales&#8221;, dijo. <strong>(I)<\/strong><\/p>\n<p><a href=\"https:\/\/www.eluniverso.com\/noticias\/2021\/01\/27\/nota\/9604177\/policia-abordo-tres-sospechosos-tomar-declaraciones-investigacion\">https:\/\/www.eluniverso.com\/noticias\/2021\/01\/27\/nota\/9604177\/policia-abordo-tres-sospechosos-tomar-declaraciones-investigacion<\/a><\/p>\n","protected":false},"excerpt":{"rendered":"<p>El ministro de Gobierno, Patricio Pazmi\u00f1o, inform\u00f3 la noche de este mi\u00e9rcoles 27 que se han realizado dos allanamientos en Guayaquil dentro de la investigaci\u00f3n por el asesinato del presentador de televisi\u00f3n Efra\u00edn Ruales. El funcionario indic\u00f3 que se est\u00e1 tomando versiones a tres personas, a las que calific\u00f3 como &#8220;sospechosas&#8221;. &#8220;No hablo de detenidos, pero tendr\u00e1n que justificar algunas pistas que ha seguido la Polic\u00eda y que se ha puesto en conocimiento de Fiscal\u00eda y se est\u00e1n procesando&#8221;, refiri\u00f3 Pazmi\u00f1o. Explic\u00f3 que se han tomado algunos procedimientos de car\u00e1cter t\u00e9cnico, pericial y cient\u00edfico con esas personas. Una vez que se obtengan los resultados, se podr\u00edan tomar acciones desde el punto de vista judicial, indic\u00f3. El ministro indic\u00f3, sin dar mayores detalles, que existen cinco indicios que se est\u00e1n investigando en torno al asesinato de Ruales, hecho registrado la ma\u00f1ana de este mi\u00e9rcoles 27 en el norte de Guayaquil. &#8220;Estos cinco indicios que se est\u00e1n siguiendo, se los va a seguir manejando de manera t\u00e9cnico cient\u00edfica, porque algunos de ellos requieren la participaci\u00f3n de elementos de Criminal\u00edstica para determinar algunas cosas, y solamente cuando esas pericias se ejecuten y se pueda demostrar su relaci\u00f3n o no con este caso, podremos hacer un pronunciamiento&#8221;, expres\u00f3 Pazmi\u00f1o. Luego de la autopsia realizada a Ruales, se determin\u00f3 que la causa de su muerte fue por una hemorragia interna masiva, producto de un impacto de bala. &#8220;El veh\u00edculo tiene tres impactos, uno en el costado posterior derecho que compromete los vidrios del veh\u00edculo y dos en el costado izquierdo, uno de ellos es el que habr\u00eda ingresado al cuerpo de la v\u00edctima y le termina ocasionando su muerte&#8221;, explic\u00f3 Pazmi\u00f1o durante una rueda de prensa que ofreci\u00f3 en Guayaquil la noche de este mi\u00e9rcoles 27, y en la que estuvo acompa\u00f1ado por Patricio Carrillo, comandante general de Polic\u00eda; y Luis Chonillo, gobernador del Guayas. El ministro reiter\u00f3 que Ruales no estaba convocado para rendir versiones por ning\u00fan caso en la Fiscal\u00eda, este mi\u00e9rcoles. &#8220;\u00c9l no hac\u00eda parte, hasta lo que conocemos, de ninguna investigaci\u00f3n en torno a los casos de corrupci\u00f3n con los hospitales&#8221;, dijo. (I) https:\/\/www.eluniverso.com\/noticias\/2021\/01\/27\/nota\/9604177\/policia-abordo-tres-sospechosos-tomar-declaraciones-investigacion<\/p>\n","protected":false},"author":1,"featured_media":257874,"comment_status":"closed","ping_status":"closed","sticky":false,"template":"","format":"standard","meta":[],"categories":[35,23],"tags":[],"_links":{"self":[{"href":"https:\/\/www.ecuadortimes.net\/es\/wp-json\/wp\/v2\/posts\/257873"}],"collection":[{"href":"https:\/\/www.ecuadortimes.net\/es\/wp-json\/wp\/v2\/posts"}],"about":[{"href":"https:\/\/www.ecuadortimes.net\/es\/wp-json\/wp\/v2\/types\/post"}],"author":[{"embeddable":true,"href":"https:\/\/www.ecuadortimes.net\/es\/wp-json\/wp\/v2\/users\/1"}],"replies":[{"embeddable":true,"href":"https:\/\/www.ecuadortimes.net\/es\/wp-json\/wp\/v2\/comments?post=257873"}],"version-history":[{"count":1,"href":"https:\/\/www.ecuadortimes.net\/es\/wp-json\/wp\/v2\/posts\/257873\/revisions"}],"predecessor-version":[{"id":257875,"href":"https:\/\/www.ecuadortimes.net\/es\/wp-json\/wp\/v2\/posts\/257873\/revisions\/257875"}],"wp:featuredmedia":[{"embeddable":true,"href":"https:\/\/www.ecuadortimes.net\/es\/wp-json\/wp\/v2\/media\/257874"}],"wp:attachment":[{"href":"https:\/\/www.ecuadortimes.net\/es\/wp-json\/wp\/v2\/media?parent=257873"}],"wp:term":[{"taxonomy":"category","embeddable":true,"href":"https:\/\/www.ecuadortimes.net\/es\/wp-json\/wp\/v2\/categories?post=257873"},{"taxonomy":"post_tag","embeddable":true,"href":"https:\/\/www.ecuadortimes.net\/es\/wp-json\/wp\/v2\/tags?post=257873"}],"curies":[{"name":"wp","href":"https:\/\/api.w.org\/{rel}","templated":true}]}}