{"id":257879,"date":"2021-01-28T22:35:18","date_gmt":"2021-01-28T22:35:18","guid":{"rendered":"https:\/\/www.ecuadortimes.net\/es\/?p=257879"},"modified":"2021-01-28T22:35:18","modified_gmt":"2021-01-28T22:35:18","slug":"seis-razones-por-las-que-crece-el-sector-bananero-ecuatoriano","status":"publish","type":"post","link":"https:\/\/www.ecuadortimes.net\/es\/seis-razones-por-las-que-crece-el-sector-bananero-ecuatoriano\/","title":{"rendered":"Seis razones por las que crece el sector bananero ecuatoriano"},"content":{"rendered":"<p id=\"m54-53-55\" class=\"paragraph \">Entre el a\u00f1o 2016 y el 2020 Ecuador ha logrado un crecimiento superior a 61,4 millones de cajas exportadas, un 19 % m\u00e1s.<\/p>\n<div id=\"attachment_257880\" style=\"width: 710px\" class=\"wp-caption alignnone\"><img aria-describedby=\"caption-attachment-257880\" loading=\"lazy\" class=\"size-full wp-image-257880\" src=\"https:\/\/www.ecuadortimes.net\/es\/wp-content\/uploads\/2021\/01\/ecuador-times-ecuador-news-six-reasons-ecuadorian-banana-producer-sector-grow.jpeg\" alt=\"\" width=\"700\" height=\"402\" \/><p id=\"caption-attachment-257880\" class=\"wp-caption-text\">Seis razones por las que crece el sector bananero ecuatoriano<\/p><\/div>\n<p id=\"m59-58-60\" class=\"paragraph \">Los factores que han contribuido a este desempe\u00f1o son en especial las nuevas siembras de la fruta, que hizo que unas 8.000 hect\u00e1reas entraran en producci\u00f3n el a\u00f1o pasado, y la mayor demanda de fruta ecuatoriana en la<strong> Uni\u00f3n Europea, Europa del Este y Medio Oriente<\/strong>. Sin embargo hay otros aspectos de la industria a considerar, el gran n\u00famero de empresas exportadoras, la legalizaci\u00f3n de la nuevas siembras, la infraestructura y precio por encima del oficial.<\/p>\n<ol>\n<li>Durante los \u00faltimos a\u00f1os los precios promedios reales estuvieron por encima del los decretados por el Gobierno central, lo que ha motivado no solo nuevas siembras, sino la renovaci\u00f3n o mantenimiento de las hect\u00e1reas ya existentes y registradas. Aunque durante el 2020 los <strong>precios spots <\/strong>(fuera de contrato) estuvieron por debajo de los cuatro d\u00f3lares, hacia los meses finales la caja de la fruta se cotiz\u00f3 sobre los 7 d\u00f3lares.<\/li>\n<li>Es evidente el aumento de la producci\u00f3n debido a las nuevas siembras de banano, sobre todo en la provincia de Los R\u00edos, donde los productores tienen una mayor capacidad econ\u00f3mica. Ese crecimiento, que se suma a las renovaciones de las plantaciones, tiene una influencia directa en las exportaciones, que en el a\u00f1o que reci\u00e9n termin\u00f3 permitieron la venta al mundo de 380,4 millones de cajas, en relaci\u00f3n a las 357 millones de 2019, de acuerdo con las estad\u00edsticas de la <strong>Asociaci\u00f3n de Comercializaci\u00f3n y Exportaci\u00f3n de Banano (Acorbanec)<\/strong>. Esto representa un 6,45 % adicional.<\/li>\n<li>\u00a0Los productores tienen muchas empresas exportadoras nacionales y multinacionales que les compran. Son 100 compa\u00f1\u00edas las que compran el 91,6 % de las cajas que se colocan en los mercados internacionales. Las cinco primeras empresas, Dole (Ubesa), Reybanlac, Frutadeli, Comersur y Agzulasa, apenas embarcan el 29,81 % del total, seg\u00fan Acorbanec.<\/li>\n<li>Los actores de la cadena (productores, exportadores, proveedores, gobierno, entidades financieras) se adaptan a los cambios que demandan los mercados y los consumidores. Y eso fue lo que pas\u00f3, por ejemplo, durante los meses cr\u00edticos de la<strong> pandemia.<\/strong><\/li>\n<li>El alza en la demanda, en especial en la Uni\u00f3n Europea (9 % m\u00e1s), Argelia, Medio Oriente (21 %) y Europa del Este (12 %), fue un punto fuerte, ya que Ecuador es un abastecedor tradicional de esos mercados. Adem\u00e1s, el pa\u00eds tiene fruta durante todo el a\u00f1o, y una reforma tributaria para el sector exportador que ayud\u00f3 a no exportar impuestos.<\/li>\n<li>El dragado del canal de acceso a los puertos hizo que lleguen buques m\u00e1s grandes, la sostenibilidad del sector reportada en el informe de la <strong>UC Davi<\/strong>s, la reforma que permite legalizar las siembras nuevas, la producci\u00f3n org\u00e1nica tambi\u00e9n influyeron.<\/li>\n<\/ol>\n<p><a href=\"https:\/\/www.expreso.ec\/actualidad\/economia\/seis-razones-crece-sector-bananero-97751.html\">https:\/\/www.expreso.ec\/actualidad\/economia\/seis-razones-crece-sector-bananero-97751.html<\/a><\/p>\n","protected":false},"excerpt":{"rendered":"<p>Entre el a\u00f1o 2016 y el 2020 Ecuador ha logrado un crecimiento superior a 61,4 millones de cajas exportadas, un 19 % m\u00e1s. Los factores que han contribuido a este desempe\u00f1o son en especial las nuevas siembras de la fruta, que hizo que unas 8.000 hect\u00e1reas entraran en producci\u00f3n el a\u00f1o pasado, y la mayor demanda de fruta ecuatoriana en la Uni\u00f3n Europea, Europa del Este y Medio Oriente. Sin embargo hay otros aspectos de la industria a considerar, el gran n\u00famero de empresas exportadoras, la legalizaci\u00f3n de la nuevas siembras, la infraestructura y precio por encima del oficial. Durante los \u00faltimos a\u00f1os los precios promedios reales estuvieron por encima del los decretados por el Gobierno central, lo que ha motivado no solo nuevas siembras, sino la renovaci\u00f3n o mantenimiento de las hect\u00e1reas ya existentes y registradas. Aunque durante el 2020 los precios spots (fuera de contrato) estuvieron por debajo de los cuatro d\u00f3lares, hacia los meses finales la caja de la fruta se cotiz\u00f3 sobre los 7 d\u00f3lares. Es evidente el aumento de la producci\u00f3n debido a las nuevas siembras de banano, sobre todo en la provincia de Los R\u00edos, donde los productores tienen una mayor capacidad econ\u00f3mica. Ese crecimiento, que se suma a las renovaciones de las plantaciones, tiene una influencia directa en las exportaciones, que en el a\u00f1o que reci\u00e9n termin\u00f3 permitieron la venta al mundo de 380,4 millones de cajas, en relaci\u00f3n a las 357 millones de 2019, de acuerdo con las estad\u00edsticas de la Asociaci\u00f3n de Comercializaci\u00f3n y Exportaci\u00f3n de Banano (Acorbanec). Esto representa un 6,45 % adicional. \u00a0Los productores tienen muchas empresas exportadoras nacionales y multinacionales que les compran. Son 100 compa\u00f1\u00edas las que compran el 91,6 % de las cajas que se colocan en los mercados internacionales. Las cinco primeras empresas, Dole (Ubesa), Reybanlac, Frutadeli, Comersur y Agzulasa, apenas embarcan el 29,81 % del total, seg\u00fan Acorbanec. Los actores de la cadena (productores, exportadores, proveedores, gobierno, entidades financieras) se adaptan a los cambios que demandan los mercados y los consumidores. Y eso fue lo que pas\u00f3, por ejemplo, durante los meses cr\u00edticos de la pandemia. El alza en la demanda, en especial en la Uni\u00f3n Europea (9 % m\u00e1s), Argelia, Medio Oriente (21 %) y Europa del Este (12 %), fue un punto fuerte, ya que Ecuador es un abastecedor tradicional de esos mercados. Adem\u00e1s, el pa\u00eds tiene fruta durante todo el a\u00f1o, y una reforma tributaria para el sector exportador que ayud\u00f3 a no exportar impuestos. El dragado del canal de acceso a los puertos hizo que lleguen buques m\u00e1s grandes, la sostenibilidad del sector reportada en el informe de la UC Davis, la reforma que permite legalizar las siembras nuevas, la producci\u00f3n org\u00e1nica tambi\u00e9n influyeron. https:\/\/www.expreso.ec\/actualidad\/economia\/seis-razones-crece-sector-bananero-97751.html<\/p>\n","protected":false},"author":1,"featured_media":257880,"comment_status":"closed","ping_status":"closed","sticky":false,"template":"","format":"standard","meta":[],"categories":[43,24],"tags":[],"_links":{"self":[{"href":"https:\/\/www.ecuadortimes.net\/es\/wp-json\/wp\/v2\/posts\/257879"}],"collection":[{"href":"https:\/\/www.ecuadortimes.net\/es\/wp-json\/wp\/v2\/posts"}],"about":[{"href":"https:\/\/www.ecuadortimes.net\/es\/wp-json\/wp\/v2\/types\/post"}],"author":[{"embeddable":true,"href":"https:\/\/www.ecuadortimes.net\/es\/wp-json\/wp\/v2\/users\/1"}],"replies":[{"embeddable":true,"href":"https:\/\/www.ecuadortimes.net\/es\/wp-json\/wp\/v2\/comments?post=257879"}],"version-history":[{"count":1,"href":"https:\/\/www.ecuadortimes.net\/es\/wp-json\/wp\/v2\/posts\/257879\/revisions"}],"predecessor-version":[{"id":257881,"href":"https:\/\/www.ecuadortimes.net\/es\/wp-json\/wp\/v2\/posts\/257879\/revisions\/257881"}],"wp:featuredmedia":[{"embeddable":true,"href":"https:\/\/www.ecuadortimes.net\/es\/wp-json\/wp\/v2\/media\/257880"}],"wp:attachment":[{"href":"https:\/\/www.ecuadortimes.net\/es\/wp-json\/wp\/v2\/media?parent=257879"}],"wp:term":[{"taxonomy":"category","embeddable":true,"href":"https:\/\/www.ecuadortimes.net\/es\/wp-json\/wp\/v2\/categories?post=257879"},{"taxonomy":"post_tag","embeddable":true,"href":"https:\/\/www.ecuadortimes.net\/es\/wp-json\/wp\/v2\/tags?post=257879"}],"curies":[{"name":"wp","href":"https:\/\/api.w.org\/{rel}","templated":true}]}}