{"id":257882,"date":"2021-01-28T23:01:38","date_gmt":"2021-01-28T23:01:38","guid":{"rendered":"https:\/\/www.ecuadortimes.net\/es\/?p=257882"},"modified":"2021-01-28T23:01:38","modified_gmt":"2021-01-28T23:01:38","slug":"homero-gallardo-el-musico-ecuatoriano-que-destaca-en-el-exterior-mi-voz-es-la-guitarra","status":"publish","type":"post","link":"https:\/\/www.ecuadortimes.net\/es\/homero-gallardo-el-musico-ecuatoriano-que-destaca-en-el-exterior-mi-voz-es-la-guitarra\/","title":{"rendered":"Homero Gallardo, el m\u00fasico ecuatoriano que destaca en el exterior: Mi voz es la guitarra"},"content":{"rendered":"<p>Su camino al \u00e9xito, que contin\u00faa construyendo a diario, comenz\u00f3 a los 18 a\u00f1os, al estudiar jazz guitar, en Florida, durante cuatro a\u00f1os. Al t\u00e9rmino de esa primera etapa, Miami se convirti\u00f3 en su segundo hogar y en su espacio de trabajo.<\/p>\n<div id=\"attachment_257883\" style=\"width: 401px\" class=\"wp-caption alignnone\"><img aria-describedby=\"caption-attachment-257883\" loading=\"lazy\" class=\"size-full wp-image-257883\" src=\"https:\/\/www.ecuadortimes.net\/es\/wp-content\/uploads\/2021\/01\/ecuador-times-ecuador-news-homero-gallardo-musician-ecuadorian-shines-exterior.jpg\" alt=\"\" width=\"391\" height=\"356\" \/><p id=\"caption-attachment-257883\" class=\"wp-caption-text\">Homero Gallardo, el m\u00fasico ecuatoriano que destaca en el exterior: Mi voz es la guitarra<\/p><\/div>\n<p>\u201cCuando comenc\u00e9 a trabajar con un productor, ese me recomend\u00f3 con otro, y de repente conoc\u00ed al director de la banda de Thal\u00eda, de Jencarlos Canela, y as\u00ed empec\u00e9 a trabajar con Chino y Nacho, Maluma, Nicky Jam, Manuel Turizo, Ky-Mani Marley y todo fue un proceso y he estado muy bendecido de trabajar con mucho talento\u201d, afirma.<\/p>\n<p>Este listado de colaboraciones que ha realizado a nivel internacional enmarcan la hoja de vida laboral del m\u00fasico y guitarrista ecuatoriano Homero Gallardo, quien se radic\u00f3 en Estados Unidos hace catorce a\u00f1os para potenciar su carrera musical, un sue\u00f1o que afirma lo sigue cumpliendo.<\/p>\n<p>\u201cHe tenido la oportunidad de trabajar con diferentes estilos como reguet\u00f3n, trap, regu\u00e9, con el hijo de Bob Marley; pop, rock y bueno ahorita estoy haciendo mi proyecto, es como el nuevo Santana, porque es un proyecto instrumental, mi voz es la guitarra pr\u00e1cticamente, o tambi\u00e9n hago <em>featurings <\/em>con cantantes y de repente hago la producci\u00f3n, la m\u00fasica, escribo o invito a cantantes a que lo hagan o solo hago instrumentales\u201d, explica.<\/p>\n<p><strong>Crecimiento musical<\/strong><\/p>\n<p>La primera gira internacional de Gallardo la hizo como parte del <em>crew <\/em>del actor y cantante Jencarlos Canela, hace seis a\u00f1os aproximadamente. \u201cEsa experiencia fue incre\u00edble. Cuando viv\u00eda en Ecuador ten\u00eda una banda que se llamaba Madera y de repente s\u00ed hac\u00edamos giras en la Costa, con mi padre y con mi hermano Miguel Gallardo, pero con Jencarlos Canela fue una gira mundial, fui a otros pa\u00edses, fue el primer escal\u00f3n de poder estar en la industria latina en Miami\u201d, comparte.<\/p>\n<p>Gallardo, de 33 a\u00f1os, quien se define como artista independiente, ha trabajado con un sinn\u00famero de estrellas internacionales y en el 2020 fue parte del equipo de la producci\u00f3n del tema <em>Despeinada<\/em>, del puertorrique\u00f1o Ozuna y el colombiano Camilo, que lider\u00f3 los <em>top charts <\/em>en Estados Unidos; con el dominicano Maffio, con los puertorrique\u00f1os Darkiel y Pedro Cap\u00f3 para <em>Me siento bien,<\/em> y con el tambi\u00e9n boricua Yandel en su disco <em>Qui\u00e9n contra m\u00ed, <\/em>en la canci\u00f3n <em>Celda<\/em>.<\/p>\n<p>\u201cEl 2020 fue un a\u00f1o en el que hicimos unas 100 producciones, porque obviamente nadie estaba de gira, entonces todo el mundo estaba produciendo, buscando m\u00fasica nueva, estuvimos muy activos, gracias a Dios, en el 2020\u201d, dice.<\/p>\n<p><strong>Trabajo diverso<\/strong><\/p>\n<p>El guayaquile\u00f1o explica que su aporte musical en la propuesta de los cantantes con los que trabaja no se rige a una sola funci\u00f3n.<\/p>\n<p>\u201cPor ejemplo, hay artistas que yo hago la producci\u00f3n entera de la canci\u00f3n, las guitarras, todo, y hay artistas que trabajan con otros productores tambi\u00e9n, y otros que me llaman para que les grabe las guitarras nada m\u00e1s, entonces hay sesiones que grabo guitarras, sesiones que produzco todo y otras en equipo\u201d, comenta.<\/p>\n<p><strong>Con sonido propio<\/strong><\/p>\n<p>&nbsp;<\/p>\n<p>En mayo, revela, tiene previsto presentar su disco del que alista un single que estar\u00e1 disponible en marzo. En diciembre, en cambio, uno de sus m\u00e1s grandes logros, admite, fue el estreno de su sencillo<em> God Love Ufo<\/em>, que adem\u00e1s lo llev\u00f3 a una de las pantallas de Billboard, en el Times Square de Nueva York. Esto se suma a ser el CEO de Gallardo Entertainment &amp; Production, que trabaja con nuevos artistas en la industria. (E)<\/p>\n","protected":false},"excerpt":{"rendered":"<p>Su camino al \u00e9xito, que contin\u00faa construyendo a diario, comenz\u00f3 a los 18 a\u00f1os, al estudiar jazz guitar, en Florida, durante cuatro a\u00f1os. Al t\u00e9rmino de esa primera etapa, Miami se convirti\u00f3 en su segundo hogar y en su espacio de trabajo. \u201cCuando comenc\u00e9 a trabajar con un productor, ese me recomend\u00f3 con otro, y de repente conoc\u00ed al director de la banda de Thal\u00eda, de Jencarlos Canela, y as\u00ed empec\u00e9 a trabajar con Chino y Nacho, Maluma, Nicky Jam, Manuel Turizo, Ky-Mani Marley y todo fue un proceso y he estado muy bendecido de trabajar con mucho talento\u201d, afirma. Este listado de colaboraciones que ha realizado a nivel internacional enmarcan la hoja de vida laboral del m\u00fasico y guitarrista ecuatoriano Homero Gallardo, quien se radic\u00f3 en Estados Unidos hace catorce a\u00f1os para potenciar su carrera musical, un sue\u00f1o que afirma lo sigue cumpliendo. \u201cHe tenido la oportunidad de trabajar con diferentes estilos como reguet\u00f3n, trap, regu\u00e9, con el hijo de Bob Marley; pop, rock y bueno ahorita estoy haciendo mi proyecto, es como el nuevo Santana, porque es un proyecto instrumental, mi voz es la guitarra pr\u00e1cticamente, o tambi\u00e9n hago featurings con cantantes y de repente hago la producci\u00f3n, la m\u00fasica, escribo o invito a cantantes a que lo hagan o solo hago instrumentales\u201d, explica. Crecimiento musical La primera gira internacional de Gallardo la hizo como parte del crew del actor y cantante Jencarlos Canela, hace seis a\u00f1os aproximadamente. \u201cEsa experiencia fue incre\u00edble. Cuando viv\u00eda en Ecuador ten\u00eda una banda que se llamaba Madera y de repente s\u00ed hac\u00edamos giras en la Costa, con mi padre y con mi hermano Miguel Gallardo, pero con Jencarlos Canela fue una gira mundial, fui a otros pa\u00edses, fue el primer escal\u00f3n de poder estar en la industria latina en Miami\u201d, comparte. Gallardo, de 33 a\u00f1os, quien se define como artista independiente, ha trabajado con un sinn\u00famero de estrellas internacionales y en el 2020 fue parte del equipo de la producci\u00f3n del tema Despeinada, del puertorrique\u00f1o Ozuna y el colombiano Camilo, que lider\u00f3 los top charts en Estados Unidos; con el dominicano Maffio, con los puertorrique\u00f1os Darkiel y Pedro Cap\u00f3 para Me siento bien, y con el tambi\u00e9n boricua Yandel en su disco Qui\u00e9n contra m\u00ed, en la canci\u00f3n Celda. \u201cEl 2020 fue un a\u00f1o en el que hicimos unas 100 producciones, porque obviamente nadie estaba de gira, entonces todo el mundo estaba produciendo, buscando m\u00fasica nueva, estuvimos muy activos, gracias a Dios, en el 2020\u201d, dice. Trabajo diverso El guayaquile\u00f1o explica que su aporte musical en la propuesta de los cantantes con los que trabaja no se rige a una sola funci\u00f3n. \u201cPor ejemplo, hay artistas que yo hago la producci\u00f3n entera de la canci\u00f3n, las guitarras, todo, y hay artistas que trabajan con otros productores tambi\u00e9n, y otros que me llaman para que les grabe las guitarras nada m\u00e1s, entonces hay sesiones que grabo guitarras, sesiones que produzco todo y otras en equipo\u201d, comenta. Con sonido propio &nbsp; En mayo, revela, tiene previsto presentar su disco del que alista un single que estar\u00e1 disponible en marzo. En diciembre, en cambio, uno de sus m\u00e1s grandes logros, admite, fue el estreno de su sencillo God Love Ufo, que adem\u00e1s lo llev\u00f3 a una de las pantallas de Billboard, en el Times Square de Nueva York. Esto se suma a ser el CEO de Gallardo Entertainment &amp; Production, que trabaja con nuevos artistas en la industria. (E)<\/p>\n","protected":false},"author":1,"featured_media":257883,"comment_status":"closed","ping_status":"closed","sticky":false,"template":"","format":"standard","meta":[],"categories":[42,24],"tags":[],"_links":{"self":[{"href":"https:\/\/www.ecuadortimes.net\/es\/wp-json\/wp\/v2\/posts\/257882"}],"collection":[{"href":"https:\/\/www.ecuadortimes.net\/es\/wp-json\/wp\/v2\/posts"}],"about":[{"href":"https:\/\/www.ecuadortimes.net\/es\/wp-json\/wp\/v2\/types\/post"}],"author":[{"embeddable":true,"href":"https:\/\/www.ecuadortimes.net\/es\/wp-json\/wp\/v2\/users\/1"}],"replies":[{"embeddable":true,"href":"https:\/\/www.ecuadortimes.net\/es\/wp-json\/wp\/v2\/comments?post=257882"}],"version-history":[{"count":1,"href":"https:\/\/www.ecuadortimes.net\/es\/wp-json\/wp\/v2\/posts\/257882\/revisions"}],"predecessor-version":[{"id":257884,"href":"https:\/\/www.ecuadortimes.net\/es\/wp-json\/wp\/v2\/posts\/257882\/revisions\/257884"}],"wp:featuredmedia":[{"embeddable":true,"href":"https:\/\/www.ecuadortimes.net\/es\/wp-json\/wp\/v2\/media\/257883"}],"wp:attachment":[{"href":"https:\/\/www.ecuadortimes.net\/es\/wp-json\/wp\/v2\/media?parent=257882"}],"wp:term":[{"taxonomy":"category","embeddable":true,"href":"https:\/\/www.ecuadortimes.net\/es\/wp-json\/wp\/v2\/categories?post=257882"},{"taxonomy":"post_tag","embeddable":true,"href":"https:\/\/www.ecuadortimes.net\/es\/wp-json\/wp\/v2\/tags?post=257882"}],"curies":[{"name":"wp","href":"https:\/\/api.w.org\/{rel}","templated":true}]}}