{"id":257885,"date":"2021-01-30T00:24:32","date_gmt":"2021-01-30T00:24:32","guid":{"rendered":"https:\/\/www.ecuadortimes.net\/es\/?p=257885"},"modified":"2021-01-30T00:24:32","modified_gmt":"2021-01-30T00:24:32","slug":"tce-admitio-a-tramite-un-recurso-de-justicia-social-y-se-estanca-la-eleccion-de-parlamentarios-andinos-para-este-7-de-febrero","status":"publish","type":"post","link":"https:\/\/www.ecuadortimes.net\/es\/tce-admitio-a-tramite-un-recurso-de-justicia-social-y-se-estanca-la-eleccion-de-parlamentarios-andinos-para-este-7-de-febrero\/","title":{"rendered":"TCE admiti\u00f3 a tr\u00e1mite un recurso de Justicia Social y se estanca la elecci\u00f3n de parlamentarios andinos para este 7 de febrero"},"content":{"rendered":"<div class=\"field-name-body\">\n<p>El despacho del juez del<strong> Tribunal Contencioso Electoral (TCE), Joaqu\u00edn Viteri <\/strong>admiti\u00f3 a tr\u00e1mite un recurso subjetivo contencioso presentado por el movimiento pol\u00edtico <strong>Justicia Social<\/strong>, en contra de una resoluci\u00f3n del<strong> Consejo Nacional Electoral (CNE)<\/strong>, relacionada con la inscripci\u00f3n de sus candidatos al <strong>Parlamento Andino, en el marco de las elecciones nacionales del 7 de febrero del 2021.<\/strong><\/p>\n<div id=\"attachment_257886\" style=\"width: 1290px\" class=\"wp-caption alignnone\"><img aria-describedby=\"caption-attachment-257886\" loading=\"lazy\" class=\"size-full wp-image-257886\" src=\"https:\/\/www.ecuadortimes.net\/es\/wp-content\/uploads\/2021\/01\/ecuador-times-ecuador-news-tce-admitted-tramit-resource-justicia-social-ballots-not-being-printed.jpg\" alt=\"\" width=\"1280\" height=\"853\" \/><p id=\"caption-attachment-257886\" class=\"wp-caption-text\">TCE admiti\u00f3 a tr\u00e1mite un recurso de Justicia Social y se estanca la elecci\u00f3n de parlamentarios andinos para este 7 de febrero<\/p><\/div>\n<p>Con ello, la impresi\u00f3n de papeletas de parlamentarios andinos se mantendr\u00e1 en suspenso, mientras el TCE no resuelva esta causa.<\/p>\n<p>Este recurso interpuesto por Justicia Social busca que el CNE le d\u00e9 m\u00e1s d\u00edas de plazo para inscribir a sus candidatos, y no uno como se resolvi\u00f3 el pasado 20 de enero.<\/p>\n<p>La ma\u00f1ana de este 29 de enero, la presidenta del <strong>CNE, Diana Atamaint<\/strong> manten\u00eda la aspiraci\u00f3n de que en las pr\u00f3ximas horas exista una &#8216;base jur\u00eddica&#8217; para proceder con la impresi\u00f3n de esta papeleta y que sea incluida en los comicios del domingo pr\u00f3ximo.<\/p>\n<p>Sin embargo, esa posibilidad se diluy\u00f3, pues debe esperar que el TCE emita un fallo final.<\/p>\n<div id=\"Ampliada\" class=\"dfp-slot atm-banner-mappingampliada publicity-content\" style=\"display: none;\" data-google-query-id=\"CK7J4L6wwu4CFZhKDQodaxMNLg\">\n<p><script>var dfpSlot = { \"label\": \"Ampliada\", \"seccion\": [\"ALL\"], \"subseccion\": [\"ALL\"], \"type\": [\"nota\", \"columnista\"] }; var resolution = showSlot('0', sizeWindow); var resultSlot = showZone(dfpSlot); if (resolution && resultSlot) { cX.callQueue.push(['invoke', function () { googletag.cmd.push(function () { googletag.display('Ampliada'); }); }]); document.getElementById('Ampliada').classList.add('publicity-content'); } <\/script><\/p>\n<div id=\"google_ads_iframe_\/78858240\/ElUniverso.com\/Universo_Ampliada_0__container__\" style=\"border: 0pt none; width: 300px; height: 250px;\"><\/div>\n<\/div>\n<p>Al interior del Consejo, los consejeros est\u00e1n buscando los mecanismos legales para convocar en una nueva fecha para la elecci\u00f3n de estas dignidades, pues el <strong>Instituto Geogr\u00e1fico Militar (IGM) <\/strong>ya no alcanzar\u00eda a imprimir las papeletas, y tampoco se podr\u00e1 enviarlas para el voto de los ecuatorianos residentes en el Exterior.<\/p>\n<p>La fecha de la nueva elecci\u00f3n, depender\u00eda de los resultados de la primera vuelta electoral en la elecci\u00f3n de binomio presidencial, para que se elija en segunda vuelta; o de lo contrario, fijar una fecha distinta para acudir a las urnas para elegir solo a esta dignidad.<\/p>\n<p>El pleno del Consejo resolvi\u00f3 dar un d\u00eda de plazo al movimiento pol\u00edtico para que inscriba candidatos al Parlamento Andino, acatando una sentencia del TCE en la que se orden\u00f3 &#8220;garantizar&#8221; su participaci\u00f3n en los comicios.<\/p>\n<p>La agrupaci\u00f3n pol\u00edtica ingres\u00f3 una petici\u00f3n de correcci\u00f3n, en la que ped\u00eda que se les ampl\u00ede el plazo para ingresar la documentaci\u00f3n de sus aspirantes, para su posterior calificaci\u00f3n.<\/p>\n<p>El CNE inadmiti\u00f3 esta petici\u00f3n, alegando que los plazos se acortan para llevar a cabo las elecciones. Y Justicia Social recurri\u00f3 al TCE.<\/p>\n<p>El Tribunal de \u00faltima instancia, tiene un plazo de hasta 15 d\u00edas para pronunciarse. A esto se suman los plazos para las notificaciones y las posibles solicitudes de aclaraci\u00f3n y ampliaci\u00f3n, hasta que la sentencia quede en firme. (I)<\/p>\n<\/div>\n<p><a href=\"https:\/\/www.eluniverso.com\/noticias\/2021\/01\/29\/nota\/9606496\/elecciones-presidenciales-ecuador-2021-justicia-social\">https:\/\/www.eluniverso.com\/noticias\/2021\/01\/29\/nota\/9606496\/elecciones-presidenciales-ecuador-2021-justicia-social<\/a><\/p>\n","protected":false},"excerpt":{"rendered":"<p>El despacho del juez del Tribunal Contencioso Electoral (TCE), Joaqu\u00edn Viteri admiti\u00f3 a tr\u00e1mite un recurso subjetivo contencioso presentado por el movimiento pol\u00edtico Justicia Social, en contra de una resoluci\u00f3n del Consejo Nacional Electoral (CNE), relacionada con la inscripci\u00f3n de sus candidatos al Parlamento Andino, en el marco de las elecciones nacionales del 7 de febrero del 2021. Con ello, la impresi\u00f3n de papeletas de parlamentarios andinos se mantendr\u00e1 en suspenso, mientras el TCE no resuelva esta causa. Este recurso interpuesto por Justicia Social busca que el CNE le d\u00e9 m\u00e1s d\u00edas de plazo para inscribir a sus candidatos, y no uno como se resolvi\u00f3 el pasado 20 de enero. La ma\u00f1ana de este 29 de enero, la presidenta del CNE, Diana Atamaint manten\u00eda la aspiraci\u00f3n de que en las pr\u00f3ximas horas exista una &#8216;base jur\u00eddica&#8217; para proceder con la impresi\u00f3n de esta papeleta y que sea incluida en los comicios del domingo pr\u00f3ximo. Sin embargo, esa posibilidad se diluy\u00f3, pues debe esperar que el TCE emita un fallo final. Al interior del Consejo, los consejeros est\u00e1n buscando los mecanismos legales para convocar en una nueva fecha para la elecci\u00f3n de estas dignidades, pues el Instituto Geogr\u00e1fico Militar (IGM) ya no alcanzar\u00eda a imprimir las papeletas, y tampoco se podr\u00e1 enviarlas para el voto de los ecuatorianos residentes en el Exterior. La fecha de la nueva elecci\u00f3n, depender\u00eda de los resultados de la primera vuelta electoral en la elecci\u00f3n de binomio presidencial, para que se elija en segunda vuelta; o de lo contrario, fijar una fecha distinta para acudir a las urnas para elegir solo a esta dignidad. El pleno del Consejo resolvi\u00f3 dar un d\u00eda de plazo al movimiento pol\u00edtico para que inscriba candidatos al Parlamento Andino, acatando una sentencia del TCE en la que se orden\u00f3 &#8220;garantizar&#8221; su participaci\u00f3n en los comicios. La agrupaci\u00f3n pol\u00edtica ingres\u00f3 una petici\u00f3n de correcci\u00f3n, en la que ped\u00eda que se les ampl\u00ede el plazo para ingresar la documentaci\u00f3n de sus aspirantes, para su posterior calificaci\u00f3n. El CNE inadmiti\u00f3 esta petici\u00f3n, alegando que los plazos se acortan para llevar a cabo las elecciones. Y Justicia Social recurri\u00f3 al TCE. El Tribunal de \u00faltima instancia, tiene un plazo de hasta 15 d\u00edas para pronunciarse. A esto se suman los plazos para las notificaciones y las posibles solicitudes de aclaraci\u00f3n y ampliaci\u00f3n, hasta que la sentencia quede en firme. (I) https:\/\/www.eluniverso.com\/noticias\/2021\/01\/29\/nota\/9606496\/elecciones-presidenciales-ecuador-2021-justicia-social<\/p>\n","protected":false},"author":1,"featured_media":257886,"comment_status":"closed","ping_status":"closed","sticky":false,"template":"","format":"standard","meta":[],"categories":[40,24],"tags":[],"_links":{"self":[{"href":"https:\/\/www.ecuadortimes.net\/es\/wp-json\/wp\/v2\/posts\/257885"}],"collection":[{"href":"https:\/\/www.ecuadortimes.net\/es\/wp-json\/wp\/v2\/posts"}],"about":[{"href":"https:\/\/www.ecuadortimes.net\/es\/wp-json\/wp\/v2\/types\/post"}],"author":[{"embeddable":true,"href":"https:\/\/www.ecuadortimes.net\/es\/wp-json\/wp\/v2\/users\/1"}],"replies":[{"embeddable":true,"href":"https:\/\/www.ecuadortimes.net\/es\/wp-json\/wp\/v2\/comments?post=257885"}],"version-history":[{"count":1,"href":"https:\/\/www.ecuadortimes.net\/es\/wp-json\/wp\/v2\/posts\/257885\/revisions"}],"predecessor-version":[{"id":257887,"href":"https:\/\/www.ecuadortimes.net\/es\/wp-json\/wp\/v2\/posts\/257885\/revisions\/257887"}],"wp:featuredmedia":[{"embeddable":true,"href":"https:\/\/www.ecuadortimes.net\/es\/wp-json\/wp\/v2\/media\/257886"}],"wp:attachment":[{"href":"https:\/\/www.ecuadortimes.net\/es\/wp-json\/wp\/v2\/media?parent=257885"}],"wp:term":[{"taxonomy":"category","embeddable":true,"href":"https:\/\/www.ecuadortimes.net\/es\/wp-json\/wp\/v2\/categories?post=257885"},{"taxonomy":"post_tag","embeddable":true,"href":"https:\/\/www.ecuadortimes.net\/es\/wp-json\/wp\/v2\/tags?post=257885"}],"curies":[{"name":"wp","href":"https:\/\/api.w.org\/{rel}","templated":true}]}}