{"id":257903,"date":"2021-02-02T19:42:04","date_gmt":"2021-02-02T19:42:04","guid":{"rendered":"https:\/\/www.ecuadortimes.net\/es\/?p=257903"},"modified":"2021-02-02T19:44:28","modified_gmt":"2021-02-02T19:44:28","slug":"alvaro-noboa-aclara-sobre-supuesto-apoyo-a-otras-candidaturas-presidenciales","status":"publish","type":"post","link":"https:\/\/www.ecuadortimes.net\/es\/alvaro-noboa-aclara-sobre-supuesto-apoyo-a-otras-candidaturas-presidenciales\/","title":{"rendered":"\u00c1lvaro Noboa aclara sobre supuesto apoyo a otras candidaturas presidenciales"},"content":{"rendered":"<div class=\"itemFullText\">\n<div class=\"itemFullText\">\n<p>El empresario \u00c1lvaro Noboa volvi\u00f3 a pronunciarse en sus redes sociales sobre el proceso electoral del 7 de febrero en el Ecuador. El precandidato, quien no estar\u00e1 en la papeleta para Presidente, hizo un llamado a que sus adeptos voten por \u00e9l.<\/p>\n<div id=\"attachment_12544\" style=\"width: 1210px\" class=\"wp-caption alignnone\"><img aria-describedby=\"caption-attachment-12544\" loading=\"lazy\" class=\"size-full wp-image-12544\" src=\"https:\/\/www.revista-laverdad.com\/wp-content\/uploads\/2021\/02\/revista-la-verdad-ecuador-alvaro-noboa-aclara-supuesto-apoyo-candidaturas-presidenciales.jpg\" alt=\"\" width=\"1200\" height=\"810\" \/><p id=\"caption-attachment-12544\" class=\"wp-caption-text\">\u00c1lvaro Noboa aclara sobre supuesto apoyo a otras candidaturas presidenciales<\/p><\/div>\n<p>Noboa descart\u00f3 que en estos comicios apoye a alguna de las 16 candidaturas para la m\u00e1xima autoridad nacional. El cinco veces postulante grab\u00f3 un video en el que se refiere a dos puntos respecto a las elecciones y que se viraliz\u00f3 en las redes sociales.<\/p>\n<p>\u201cQuiero dejar aclarado que les pido el voto para Presidente para \u00c1lvaro Noboa\u201d, manifest\u00f3. El magnate bananero no participar\u00e1 en las votaciones porque su movimiento pol\u00edtico Adelante Ecuatoriano Adelante fue descalificado. Adem\u00e1s, el Consejo Nacional Electoral tampoco permiti\u00f3 que se inscribiera con el movimiento Justicia Social, por estar fuera de tiempo.<\/p>\n<p>Noboa tambi\u00e9n declar\u00f3 que a ra\u00edz de la crisis sanitaria mundial por el covid-19, \u201cno es un buen momento para ir a votar\u201d.\u00a0 Con su mensaje dej\u00f3 entrever los peligros por acudir a las urnas y ejercer el derecho al voto, una obligaci\u00f3n dentro de la Constituci\u00f3n ecuatoriana.<\/p>\n<div class=\"twitter-tweet twitter-tweet-rendered\" style=\"display: flex; max-width: 550px; width: 100%; margin-top: 10px; margin-bottom: 10px;\"><iframe id=\"twitter-widget-1\" class=\"\" style=\"position: static; visibility: visible; width: 508px; height: 656px; display: block; flex-grow: 1;\" title=\"Twitter Tweet\" src=\"https:\/\/platform.twitter.com\/embed\/index.html?creatorScreenName=el_telegrafo&amp;dnt=false&amp;embedId=twitter-widget-1&amp;frame=false&amp;hideCard=false&amp;hideThread=false&amp;id=1356323048815796232&amp;lang=es&amp;origin=https%3A%2F%2Fwww.eltelegrafo.com.ec%2Fnoticias%2Factualidad%2F44%2Falvaro-noboa-candidatura-nulo&amp;siteScreenName=el_telegrafo&amp;theme=light&amp;widgetsVersion=ed20a2b%3A1601588405575&amp;width=550px\" frameborder=\"0\" scrolling=\"no\" allowfullscreen=\"allowfullscreen\" data-tweet-id=\"1356323048815796232\" data-mce-fragment=\"1\"><\/iframe><\/div>\n<p><script src=\"https:\/\/platform.twitter.com\/widgets.js\"><\/script><\/p>\n<p>\u201cLa vida es lo primero\u201d, asegur\u00f3. Seg\u00fan la presidenta del CNE, Diana Atamaint, el 7 de febrero se desarrollar\u00e1n los comicios como estaba previsto en el calendario electoral. Durante la jornada de sufragio se aplicar\u00e1n medidas de bioseguridad y de control para mitigar el riesgo de contagio.<\/p>\n<p>Noboa mantiene su tesis de ser la persona m\u00e1s capacitada para asumir la Presidencia. En una entrevista con Radio Sucre coment\u00f3 que no apoya a Guillermo Lasso (CREO) y que es el \u00fanico que podr\u00eda vencer a Andr\u00e9s Arauz (Unes Ecuador), primero en la mayor\u00eda de encuestas. El millonario se ha presentado como la alternativa para dejar en el camino al corre\u00edsmo y acusa de interferencia pol\u00edtica para inhabilitar su candidatura.<\/p>\n<p>Sin embargo, con sus declaraciones promueve el nulo, pues al no estar en la papeleta el voto no contar\u00e1 para ninguno de los otros contendores del proceso electoral.\u00a0<strong>(I)<\/strong><\/p>\n<p><a href=\"https:\/\/www.eltelegrafo.com.ec\/noticias\/actualidad\/44\/alvaro-noboa-candidatura-nulo\">https:\/\/www.eltelegrafo.com.ec\/noticias\/actualidad\/44\/alvaro-noboa-candidatura-nulo<\/a><\/p>\n<\/div>\n<\/div>\n","protected":false},"excerpt":{"rendered":"<p>El empresario \u00c1lvaro Noboa volvi\u00f3 a pronunciarse en sus redes sociales sobre el proceso electoral del 7 de febrero en el Ecuador. El precandidato, quien no estar\u00e1 en la papeleta para Presidente, hizo un llamado a que sus adeptos voten por \u00e9l. Noboa descart\u00f3 que en estos comicios apoye a alguna de las 16 candidaturas para la m\u00e1xima autoridad nacional. El cinco veces postulante grab\u00f3 un video en el que se refiere a dos puntos respecto a las elecciones y que se viraliz\u00f3 en las redes sociales. \u201cQuiero dejar aclarado que les pido el voto para Presidente para \u00c1lvaro Noboa\u201d, manifest\u00f3. El magnate bananero no participar\u00e1 en las votaciones porque su movimiento pol\u00edtico Adelante Ecuatoriano Adelante fue descalificado. Adem\u00e1s, el Consejo Nacional Electoral tampoco permiti\u00f3 que se inscribiera con el movimiento Justicia Social, por estar fuera de tiempo. Noboa tambi\u00e9n declar\u00f3 que a ra\u00edz de la crisis sanitaria mundial por el covid-19, \u201cno es un buen momento para ir a votar\u201d.\u00a0 Con su mensaje dej\u00f3 entrever los peligros por acudir a las urnas y ejercer el derecho al voto, una obligaci\u00f3n dentro de la Constituci\u00f3n ecuatoriana. \u201cLa vida es lo primero\u201d, asegur\u00f3. Seg\u00fan la presidenta del CNE, Diana Atamaint, el 7 de febrero se desarrollar\u00e1n los comicios como estaba previsto en el calendario electoral. Durante la jornada de sufragio se aplicar\u00e1n medidas de bioseguridad y de control para mitigar el riesgo de contagio. Noboa mantiene su tesis de ser la persona m\u00e1s capacitada para asumir la Presidencia. En una entrevista con Radio Sucre coment\u00f3 que no apoya a Guillermo Lasso (CREO) y que es el \u00fanico que podr\u00eda vencer a Andr\u00e9s Arauz (Unes Ecuador), primero en la mayor\u00eda de encuestas. El millonario se ha presentado como la alternativa para dejar en el camino al corre\u00edsmo y acusa de interferencia pol\u00edtica para inhabilitar su candidatura. Sin embargo, con sus declaraciones promueve el nulo, pues al no estar en la papeleta el voto no contar\u00e1 para ninguno de los otros contendores del proceso electoral.\u00a0(I) https:\/\/www.eltelegrafo.com.ec\/noticias\/actualidad\/44\/alvaro-noboa-candidatura-nulo<\/p>\n","protected":false},"author":1,"featured_media":257904,"comment_status":"closed","ping_status":"closed","sticky":false,"template":"","format":"standard","meta":[],"categories":[40,24],"tags":[],"_links":{"self":[{"href":"https:\/\/www.ecuadortimes.net\/es\/wp-json\/wp\/v2\/posts\/257903"}],"collection":[{"href":"https:\/\/www.ecuadortimes.net\/es\/wp-json\/wp\/v2\/posts"}],"about":[{"href":"https:\/\/www.ecuadortimes.net\/es\/wp-json\/wp\/v2\/types\/post"}],"author":[{"embeddable":true,"href":"https:\/\/www.ecuadortimes.net\/es\/wp-json\/wp\/v2\/users\/1"}],"replies":[{"embeddable":true,"href":"https:\/\/www.ecuadortimes.net\/es\/wp-json\/wp\/v2\/comments?post=257903"}],"version-history":[{"count":2,"href":"https:\/\/www.ecuadortimes.net\/es\/wp-json\/wp\/v2\/posts\/257903\/revisions"}],"predecessor-version":[{"id":257906,"href":"https:\/\/www.ecuadortimes.net\/es\/wp-json\/wp\/v2\/posts\/257903\/revisions\/257906"}],"wp:featuredmedia":[{"embeddable":true,"href":"https:\/\/www.ecuadortimes.net\/es\/wp-json\/wp\/v2\/media\/257904"}],"wp:attachment":[{"href":"https:\/\/www.ecuadortimes.net\/es\/wp-json\/wp\/v2\/media?parent=257903"}],"wp:term":[{"taxonomy":"category","embeddable":true,"href":"https:\/\/www.ecuadortimes.net\/es\/wp-json\/wp\/v2\/categories?post=257903"},{"taxonomy":"post_tag","embeddable":true,"href":"https:\/\/www.ecuadortimes.net\/es\/wp-json\/wp\/v2\/tags?post=257903"}],"curies":[{"name":"wp","href":"https:\/\/api.w.org\/{rel}","templated":true}]}}