{"id":257928,"date":"2021-02-09T00:26:42","date_gmt":"2021-02-09T00:26:42","guid":{"rendered":"https:\/\/www.ecuadortimes.net\/es\/?p=257928"},"modified":"2021-02-09T00:26:42","modified_gmt":"2021-02-09T00:26:42","slug":"la-otra-cara-de-galapagos-en-un-documental","status":"publish","type":"post","link":"https:\/\/www.ecuadortimes.net\/es\/la-otra-cara-de-galapagos-en-un-documental\/","title":{"rendered":"La otra cara de Gal\u00e1pagos, en un documental"},"content":{"rendered":"<p id=\"m12-11-13\">La relaci\u00f3n entre el <b>ser humano<\/b> y la <b>naturaleza<\/b>, que conviven en un <b>territorio tan exuberante<\/b> como fr\u00e1gil, es un tema que el cineasta<b> Gustavo Y\u00e1nez <\/b>aborda en su documental \u2018<b>Gal\u00e1pagos: para\u00edso en p\u00e9rdida<\/b>\u2019.<\/p>\n<div id=\"attachment_257929\" style=\"width: 622px\" class=\"wp-caption alignnone\"><img aria-describedby=\"caption-attachment-257929\" loading=\"lazy\" class=\"size-full wp-image-257929\" src=\"https:\/\/www.ecuadortimes.net\/es\/wp-content\/uploads\/2021\/02\/ecuador-times-ecuador-news-another-face-galapagos-documental.jpeg\" alt=\"\" width=\"612\" height=\"340\" \/><p id=\"caption-attachment-257929\" class=\"wp-caption-text\">La otra cara de Gal\u00e1pagos, en un documental<\/p><\/div>\n<p id=\"m58-1-59\">A trav\u00e9s de su c\u00e1mara, Y\u00e1nez emprende un registro que se aleja de los <b>tradicionales documentales ambientales<\/b> y <b>tur\u00edsticos<\/b>, para centrarse en la situaci\u00f3n social, econ\u00f3mica y pol\u00edtica en las islas.<\/p>\n<p>\u201cLo que busca el documental es poner sobre la mesa una serie de preguntas que surgen desde el testimonio de los propios pobladores de <b>Gal\u00e1pagos<\/b>\u201d, dice <b>Sebasti\u00e1n Benalc\u00e1zar<\/b>, de <b>Peacock Films.<\/b> Obtuvo un fondo del Instituto de Fomento a la Creatividad e Innovaci\u00f3n para la distribuci\u00f3n de la cinta en el pa\u00eds.<\/p>\n<p>En ese contexto, dice <b>Benalc\u00e1zar<\/b>, el filme se cuestiona sobre qu\u00e9 camino seguir para llegar a un estado equilibrado de convivencia entre el hombre y la naturaleza, que permita la conservaci\u00f3n del <b>archipi\u00e9lago<\/b>.<\/p>\n<div id=\"m107-2-108\" class=\"captioned-image image-article slider-wrapper\">\n<div class=\"description-overlay-image\">\n<p id=\"m118-1-119\">En el filme se analiza el impacto de la actividad humana sobre las islas. Foto: Cortes\u00eda Peacock Films<\/p>\n<\/div>\n<\/div>\n<p id=\"m97-2-98\">Y\u00e1nez film\u00f3 el documental en el 2016 y, posteriormente, se asoci\u00f3 con<b> \u2018Pocho\u2019 \u00c1lvarez<\/b>, quien entr\u00f3 al proyecto como codirector. Entre los dos revisaron el material, analizaron temas y personajes para desarrollar la estructura narrativa en la <b>posproducci\u00f3n<\/b>.<\/p>\n<p>\u201cEs hora de desmitificar eso de que <b>Gal\u00e1pagos <\/b>es un para\u00edso que se mantiene en condiciones pr\u00edstinas\u201d, dice \u00c1lvarez sobre una regi\u00f3n que fue declarada <b>Patrimonio Natural de la Humanidad <\/b>en 1978, pero cuyos ecosistemas se encuentran bajo permanente presi\u00f3n.<\/p>\n<p>El contraste de escenarios y la diversidad de voces llevan el hilo narrativo de este largometraje. La <b>belleza del paisaje<\/b> y la riqueza biol\u00f3gica del archipi\u00e9lago, que este mes cumple <b>48 a\u00f1os como provincia<\/b>, contrastan con el impacto de la actividad humana, evidenciada en temas como transporte, acceso a servicios b\u00e1sicos o el manejo de residuos s\u00f3lidos.<\/p>\n<p>En el <b>testimonio de los colonos <\/b>se revelan criterios divididos respecto de las pol\u00edticas p\u00fablicas para la explotaci\u00f3n tur\u00edstica y pesquera de las islas o el crecimiento poblacional.<\/p>\n<p>\u00c1lvarez explica que el filme tiene la intenci\u00f3n de abrir el di\u00e1logo acerca de la responsabilidad que tienen la <b>sociedad <\/b>y el Estado con un santuario natural cuyo valor rebasa las fronteras nacionales. \u201cEl gran dilema que plantea este documental es si apostamos por el santuario natural que nos ha dado a conocer en todo el mundo o apostamos a la modernidad, que conlleva un gran impacto ambiental\u201d.<\/p>\n<p>El filme se estrenar\u00e1 el pr\u00f3ximo 12 de febrero en<b> Santa Cruz<\/b> y el 18 en San Crist\u00f3bal, mientras que la \u00faltima semana de febrero se proyectar\u00e1 en salas de cine en <b>Quito, Guayaquil y Cuenca<\/b>. Luego ir\u00e1 a festivales.<\/p>\n<p><a href=\"https:\/\/www.elcomercio.com\/tendencias\/galapagos-documental-turismo-peacock-films.html\">https:\/\/www.elcomercio.com\/tendencias\/galapagos-documental-turismo-peacock-films.html<\/a><\/p>\n","protected":false},"excerpt":{"rendered":"<p>La relaci\u00f3n entre el ser humano y la naturaleza, que conviven en un territorio tan exuberante como fr\u00e1gil, es un tema que el cineasta Gustavo Y\u00e1nez aborda en su documental \u2018Gal\u00e1pagos: para\u00edso en p\u00e9rdida\u2019. A trav\u00e9s de su c\u00e1mara, Y\u00e1nez emprende un registro que se aleja de los tradicionales documentales ambientales y tur\u00edsticos, para centrarse en la situaci\u00f3n social, econ\u00f3mica y pol\u00edtica en las islas. \u201cLo que busca el documental es poner sobre la mesa una serie de preguntas que surgen desde el testimonio de los propios pobladores de Gal\u00e1pagos\u201d, dice Sebasti\u00e1n Benalc\u00e1zar, de Peacock Films. Obtuvo un fondo del Instituto de Fomento a la Creatividad e Innovaci\u00f3n para la distribuci\u00f3n de la cinta en el pa\u00eds. En ese contexto, dice Benalc\u00e1zar, el filme se cuestiona sobre qu\u00e9 camino seguir para llegar a un estado equilibrado de convivencia entre el hombre y la naturaleza, que permita la conservaci\u00f3n del archipi\u00e9lago. En el filme se analiza el impacto de la actividad humana sobre las islas. Foto: Cortes\u00eda Peacock Films Y\u00e1nez film\u00f3 el documental en el 2016 y, posteriormente, se asoci\u00f3 con \u2018Pocho\u2019 \u00c1lvarez, quien entr\u00f3 al proyecto como codirector. Entre los dos revisaron el material, analizaron temas y personajes para desarrollar la estructura narrativa en la posproducci\u00f3n. \u201cEs hora de desmitificar eso de que Gal\u00e1pagos es un para\u00edso que se mantiene en condiciones pr\u00edstinas\u201d, dice \u00c1lvarez sobre una regi\u00f3n que fue declarada Patrimonio Natural de la Humanidad en 1978, pero cuyos ecosistemas se encuentran bajo permanente presi\u00f3n. El contraste de escenarios y la diversidad de voces llevan el hilo narrativo de este largometraje. La belleza del paisaje y la riqueza biol\u00f3gica del archipi\u00e9lago, que este mes cumple 48 a\u00f1os como provincia, contrastan con el impacto de la actividad humana, evidenciada en temas como transporte, acceso a servicios b\u00e1sicos o el manejo de residuos s\u00f3lidos. En el testimonio de los colonos se revelan criterios divididos respecto de las pol\u00edticas p\u00fablicas para la explotaci\u00f3n tur\u00edstica y pesquera de las islas o el crecimiento poblacional. \u00c1lvarez explica que el filme tiene la intenci\u00f3n de abrir el di\u00e1logo acerca de la responsabilidad que tienen la sociedad y el Estado con un santuario natural cuyo valor rebasa las fronteras nacionales. \u201cEl gran dilema que plantea este documental es si apostamos por el santuario natural que nos ha dado a conocer en todo el mundo o apostamos a la modernidad, que conlleva un gran impacto ambiental\u201d. El filme se estrenar\u00e1 el pr\u00f3ximo 12 de febrero en Santa Cruz y el 18 en San Crist\u00f3bal, mientras que la \u00faltima semana de febrero se proyectar\u00e1 en salas de cine en Quito, Guayaquil y Cuenca. Luego ir\u00e1 a festivales. https:\/\/www.elcomercio.com\/tendencias\/galapagos-documental-turismo-peacock-films.html<\/p>\n","protected":false},"author":1,"featured_media":257929,"comment_status":"closed","ping_status":"closed","sticky":false,"template":"","format":"standard","meta":[],"categories":[35,24],"tags":[],"_links":{"self":[{"href":"https:\/\/www.ecuadortimes.net\/es\/wp-json\/wp\/v2\/posts\/257928"}],"collection":[{"href":"https:\/\/www.ecuadortimes.net\/es\/wp-json\/wp\/v2\/posts"}],"about":[{"href":"https:\/\/www.ecuadortimes.net\/es\/wp-json\/wp\/v2\/types\/post"}],"author":[{"embeddable":true,"href":"https:\/\/www.ecuadortimes.net\/es\/wp-json\/wp\/v2\/users\/1"}],"replies":[{"embeddable":true,"href":"https:\/\/www.ecuadortimes.net\/es\/wp-json\/wp\/v2\/comments?post=257928"}],"version-history":[{"count":1,"href":"https:\/\/www.ecuadortimes.net\/es\/wp-json\/wp\/v2\/posts\/257928\/revisions"}],"predecessor-version":[{"id":257930,"href":"https:\/\/www.ecuadortimes.net\/es\/wp-json\/wp\/v2\/posts\/257928\/revisions\/257930"}],"wp:featuredmedia":[{"embeddable":true,"href":"https:\/\/www.ecuadortimes.net\/es\/wp-json\/wp\/v2\/media\/257929"}],"wp:attachment":[{"href":"https:\/\/www.ecuadortimes.net\/es\/wp-json\/wp\/v2\/media?parent=257928"}],"wp:term":[{"taxonomy":"category","embeddable":true,"href":"https:\/\/www.ecuadortimes.net\/es\/wp-json\/wp\/v2\/categories?post=257928"},{"taxonomy":"post_tag","embeddable":true,"href":"https:\/\/www.ecuadortimes.net\/es\/wp-json\/wp\/v2\/tags?post=257928"}],"curies":[{"name":"wp","href":"https:\/\/api.w.org\/{rel}","templated":true}]}}