{"id":257931,"date":"2021-02-09T18:30:48","date_gmt":"2021-02-09T18:30:48","guid":{"rendered":"https:\/\/www.ecuadortimes.net\/es\/?p=257931"},"modified":"2021-02-09T18:30:48","modified_gmt":"2021-02-09T18:30:48","slug":"yasunidos-malcriaditas-y-hedonistas-la-incidencia-de-los-movimientos-sociales-en-las-elecciones","status":"publish","type":"post","link":"https:\/\/www.ecuadortimes.net\/es\/yasunidos-malcriaditas-y-hedonistas-la-incidencia-de-los-movimientos-sociales-en-las-elecciones\/","title":{"rendered":"Yasunidos, &#8220;malcriaditas&#8221; y &#8220;hedonistas&#8221;, la incidencia de los movimientos sociales en las elecciones"},"content":{"rendered":"<p>Un sector joven, conectado por redes sociales, identificado con los derechos humanos, ambientales, de g\u00e9nero y desobediente del voto \u00fatil puede inclinar la balanza definitivamente en las Elecciones Generales 2021 en Ecuador.<\/p>\n<div id=\"attachment_257932\" style=\"width: 1210px\" class=\"wp-caption alignnone\"><img aria-describedby=\"caption-attachment-257932\" loading=\"lazy\" class=\"size-full wp-image-257932\" src=\"https:\/\/www.ecuadortimes.net\/es\/wp-content\/uploads\/2021\/02\/ecuador-times-ecuador-news-yasunidos-incidence-social-movements-elections.jpg\" alt=\"\" width=\"1200\" height=\"810\" srcset=\"https:\/\/www.ecuadortimes.net\/es\/wp-content\/uploads\/2021\/02\/ecuador-times-ecuador-news-yasunidos-incidence-social-movements-elections.jpg 1200w, https:\/\/www.ecuadortimes.net\/es\/wp-content\/uploads\/2021\/02\/ecuador-times-ecuador-news-yasunidos-incidence-social-movements-elections-75x52.jpg 75w\" sizes=\"(max-width: 1200px) 100vw, 1200px\" \/><p id=\"caption-attachment-257932\" class=\"wp-caption-text\">Yasunidos, &#8220;malcriaditas&#8221; y &#8220;hedonistas&#8221;, la incidencia de los movimientos sociales en las elecciones<\/p><\/div>\n<p>La segunda vuelta no ser\u00e1 la misma para el corre\u00edsmo disputando con Guillermo Lasso, de la alianza CREO-PSC que con Yaku P\u00e9rez, de Pachakutik. Eso lo tienen claro.<\/p>\n<p>En este punto, los yasunidos, &#8220;las hedonistas&#8221;, las &#8220;malcriaditas&#8221; y los &#8220;apostemos que me caso&#8221; le pasaron factura a los partidos que hist\u00f3ricamente han menospreciado su lucha.<\/p>\n<p>Diana Maldonado, activista LGBTI, considera que un n\u00famero importante de integrantes del movimiento de mujeres del Ecuador y del colectivo LGBTI apoy\u00f3 a Yaku P\u00e9rez justamente por su apertura a las libertades sociales.<\/p>\n<p>&#8220;Es evidente el hast\u00edo que tiene la gente de ese discurso que enfrenta, que confronta y que no toma en cuenta la diversidad, a otros sectores, a los grupos hist\u00f3ricamente vulnerados, segregados, discriminados, algo que s\u00ed hizo Yaku y pongo esto como medidor porque ciertamente los dos candidatos que hablaron de derechos, no solamente de derechos humanos sino tambi\u00e9n de derechos de la naturaleza, han tenido una votaci\u00f3n alta y me refiero a Yaku P\u00e9rez y a Xavier Hervas (Izquierda Democr\u00e1tica)&#8221;.<\/p>\n<p>Adem\u00e1s se\u00f1ala que Lasso nunca quiso hablar de derechos y se enfoc\u00f3 m\u00e1s bien a lo largo de su campa\u00f1a en ofrecer trabajo, lo que incidi\u00f3 en el rev\u00e9s electoral que ahora vive y que podr\u00eda dejarlo fuera de la lid electoral.<\/p>\n<p>&#8220;A los j\u00f3venes, a los centennials y millennials que son gran parte del grueso del electorado, les interesa el trabajo y la salud tanto como la naturaleza, el aborto y las personas sexog\u00e9nero diversas, por ello la posici\u00f3n caduca de Lasso podr\u00eda ser su sentencia&#8221;, dice Diana.<\/p>\n<p>As\u00ed pues &#8220;el c\u00famulo de errores cometido por Lasso le pas\u00f3 factura, errores que, por cierto, ven\u00eda arrastrando desde antes de la campa\u00f1a porque recordemos que Lasso envi\u00f3 una carta al Presidente de la Rep\u00fablica hace unos meses para que vetara el C\u00f3digo Org\u00e1nico de la Salud, donde se trataban dos temas consustanciales a los derechos: las cl\u00ednicas de deshomosexualizaci\u00f3n y la despenalizaci\u00f3n del aborto&#8221;.<\/p>\n<p>Tambi\u00e9n abon\u00f3, manifiesta Diana, el que Correa dijera recientemente que las mujeres que abortan son hedonistas y fren\u00e9ticas sexuales, lo que pudo haber incidido a favor de Yaku, pero adem\u00e1s &#8220;existe una corriente que se vive en toda Latinoam\u00e9rica: en Argentina, con la marea verde; en Colombia, con el uso del cannabis, una ola que habla de derechos humanos, de derechos de la naturaleza, de progreso como comunidad, ya no solo como individuos, ahondado todo por la pandemia porque nos dimos cuenta de que lo comunitario, lo social, funciona, y el individualismo que se lleva muy bien con el capitalismo hoy por hoy no tiene cabida&#8221;.<\/p>\n<p>&#8220;Yaku P\u00e9rez y Manuela Picq (su pareja) adem\u00e1s tienen un perfil de respetuosos y promotores de los derechos humanos bastante elevado por su hist\u00f3rica lucha no solamente en campa\u00f1a, pues Yaku ha sido activista, ha luchado contra Correa, lo mismo Manuela y eso crea empat\u00eda. Manuela es tambi\u00e9n una mujer simp\u00e1tica y preparada&#8221;, se\u00f1ala Diana.<\/p>\n<p>Para M\u00f3nica Cabrera, ambientalista y animalista, integrante de Rescate Animal y Pacifico Libre, los temas de derecho, ambientales y animalistas pesaron mucho a la hora de tomar la decisi\u00f3n de elegir.<\/p>\n<p>&#8220;Siento que los millennials y los centennials tienen su mente m\u00e1s abierta y son receptivos con estos temas, de ah\u00ed que se alinearan con Yaku, candidato que dej\u00f3 abierta la puerta para debatir sobre estos puntos&#8221;.<br \/>\nFrente a esa posici\u00f3n fresca y renovada estaban otros dos candidatos que hicieron todo lo posible para no hablar del asunto, como Arauz y Lasso, aunque ya se sab\u00eda c\u00f3mo Lasso y el mentor del primero pensaban al respecto, pero adem\u00e1s el binomio del candidato de CREO, Alfredo Borrero, se larg\u00f3 pocas horas antes de las elecciones una perla cultivable al atribuir un tema gen\u00e9tico a la homosexualidad&#8221;, manifesta M\u00f3nica.<\/p>\n<p>&#8220;El voto que obtiene Yaku P\u00e9rez no fue un voto anticorre\u00edsta sino un voto por la esperanza de tener apertura con un gobierno que escucha sobre todo estos temas&#8221;, dice esta activista vegana y agrega que &#8220;los equipos de campa\u00f1a tanto de Arauz como de Lasso subestimaron estas posiciones, evadieron el tema y el tema ambiental preocupa mucho a las nuevas generaciones, adem\u00e1s del tema clim\u00e1tico, el tema del agua; en Cuenca gan\u00f3 la consulta con m\u00e1s del 80% y con un resultado as\u00ed es claro el mensaje, no se trata de una noveler\u00eda&#8221;.<\/p>\n<p>Adem\u00e1s se\u00f1ala que desde los colectivos Rescate Animal y Pac\u00edfico Libre enviaron a todos los candidatos junto con el Proyecto Sacha una propuesta para el futuro basada en 7 ejes tem\u00e1ticos: bioeconom\u00eda, econom\u00eda circular, agroalimentaci\u00f3n, reserva marina, cambio clim\u00e1tico, miner\u00eda y petr\u00f3leo, una propuesta bien trabajada con activistas preparados para tener un feedback, y el \u00fanico que se pronunci\u00f3 y mostr\u00f3 su apoyo fue Yaku.<\/p>\n<p>&#8220;Eso revela el perfil que maneja. Hervas no respondi\u00f3, pero en su plan ten\u00eda dos cosas muy interesantes en el tema ambiental&#8221;, matiza.<\/p>\n<p>Mar\u00eda Fernanda Carrera, docente, periodista y defensora de los derechos humanos hace alusi\u00f3n al libro &#8220;La arrogancia del presente&#8221;, de Jean-Claude Milner, para explicar lo que est\u00e1 sucediendo actualmente porque en sus p\u00e1ginas figura esa suerte de fen\u00f3meno de verberaci\u00f3n con el pa\u00eds toda vez que &#8220;los cambios sociales toman tiempo y han sido muchos los esfuerzos p\u00fablicos y privados que se han venido haciendo quiz\u00e1 desde los a\u00f1os 60 en Ecuador para alcanzar los derechos&#8221;.<\/p>\n<p>&#8220;Pensemos en los movimientos de los 80 en favor de los derechos de las mujeres&#8221;, dice Fernanda quien pondera &#8220;que toda esa generaci\u00f3n de personas tiene hijos y sus hijos, a su vez, deben haber entendido la perspectiva de derechos m\u00e1s all\u00e1 de las posturas polarizadas o reaccionarias que hay en el pa\u00eds&#8221;.<\/p>\n<p>&#8220;Recordemos que en Ecuador en 2012 un informe se\u00f1alaba que 6 de cada 10 mujeres hab\u00edan sufrido violencia y estas cifras impactaron a la sociedad, lo que gener\u00f3 una conciencia renovada sobre la violencia contra la mujer&#8221;, asevera.<\/p>\n<p>Mar\u00eda Fernanda destaca el que Yasunidos tambi\u00e9n consiguiera 755.000 firmas con su labor de hormiga para la consulta para la preservaci\u00f3n del Yasun\u00ed y el que el aborto por violaci\u00f3n lograra 65 votos a favor en la Asamblea el a\u00f1o pasado y m\u00faltiples movilizaciones.<\/p>\n<p>&#8220;Si tomamos en cuenta que el 38% de la poblaci\u00f3n est\u00e1 conformado por ni\u00f1os y adolescentes y el 31% por adultos j\u00f3venes podemos quiz\u00e1 pensar que hay una renovaci\u00f3n en torno a ciertos temas que el conservadurismo religioso hac\u00eda ver como negativos cuando conciernen exclusivamete a derechos&#8221;.<\/p>\n<p>Agrega que en el tema ecol\u00f3gico y de g\u00e9nero se pudo viralizar la penosa intervenci\u00f3n del expresidente Rafael Correa refiri\u00e9ndose al comportamiento &#8220;hedonista y fren\u00e9tico sexual&#8221; vinculado al aborto, neg\u00e1ndose como siempre a ver el tema como un problema de salud p\u00fablica que causa la muerte de las mujeres, lo que gener\u00f3 todo tipo de reacciones en las redes sociales, pero acto seguido el compa\u00f1ero de f\u00f3rmula del candidato Guillermo Lasso habl\u00f3 de las personas LGBTI y de las cl\u00ednicas de deshomosexualizaci\u00f3n, lo que gener\u00f3 el rechazo por parte de algunos periodistas, investigadores, activistas y j\u00f3venes.<\/p>\n<p>Mar\u00eda Fernanda explica adem\u00e1s que sabe de la angustia que pueden vivir los amigos y familiares de quienes son afectados, torturados o violados en esas cl\u00ednicas y matiza que muchas personas deber\u00edan dejar de pensar que el liberalismo solo debe darse en lo econ\u00f3mico y no en las libertadas civiles y en el reconocimiento de los derechos humanos.<\/p>\n<p>&#8220;Esta generaci\u00f3n ha vivido procesos de sensibilizaci\u00f3n, con contenido en redes sociales, en derechos humanos. Yaku P\u00e9rez ha sido siempre conciliador con estas posturas, las comparte, lo mismo Manuela Picq, elementos que configuraron el panorama que estamos viendo ahora&#8221;, concluye.<\/p>\n<p><a href=\"https:\/\/www.eltelegrafo.com.ec\/noticias\/elecciones-2021\/1\/los-yasunidos-y-las-malcriaditas-le-pasan-factura-al-conservadurismo-y-aupan-a-yaku-perez\">https:\/\/www.eltelegrafo.com.ec\/noticias\/elecciones-2021\/1\/los-yasunidos-y-las-malcriaditas-le-pasan-factura-al-conservadurismo-y-aupan-a-yaku-perez<\/a><\/p>\n","protected":false},"excerpt":{"rendered":"<p>Un sector joven, conectado por redes sociales, identificado con los derechos humanos, ambientales, de g\u00e9nero y desobediente del voto \u00fatil puede inclinar la balanza definitivamente en las Elecciones Generales 2021 en Ecuador. La segunda vuelta no ser\u00e1 la misma para el corre\u00edsmo disputando con Guillermo Lasso, de la alianza CREO-PSC que con Yaku P\u00e9rez, de Pachakutik. Eso lo tienen claro. En este punto, los yasunidos, &#8220;las hedonistas&#8221;, las &#8220;malcriaditas&#8221; y los &#8220;apostemos que me caso&#8221; le pasaron factura a los partidos que hist\u00f3ricamente han menospreciado su lucha. Diana Maldonado, activista LGBTI, considera que un n\u00famero importante de integrantes del movimiento de mujeres del Ecuador y del colectivo LGBTI apoy\u00f3 a Yaku P\u00e9rez justamente por su apertura a las libertades sociales. &#8220;Es evidente el hast\u00edo que tiene la gente de ese discurso que enfrenta, que confronta y que no toma en cuenta la diversidad, a otros sectores, a los grupos hist\u00f3ricamente vulnerados, segregados, discriminados, algo que s\u00ed hizo Yaku y pongo esto como medidor porque ciertamente los dos candidatos que hablaron de derechos, no solamente de derechos humanos sino tambi\u00e9n de derechos de la naturaleza, han tenido una votaci\u00f3n alta y me refiero a Yaku P\u00e9rez y a Xavier Hervas (Izquierda Democr\u00e1tica)&#8221;. Adem\u00e1s se\u00f1ala que Lasso nunca quiso hablar de derechos y se enfoc\u00f3 m\u00e1s bien a lo largo de su campa\u00f1a en ofrecer trabajo, lo que incidi\u00f3 en el rev\u00e9s electoral que ahora vive y que podr\u00eda dejarlo fuera de la lid electoral. &#8220;A los j\u00f3venes, a los centennials y millennials que son gran parte del grueso del electorado, les interesa el trabajo y la salud tanto como la naturaleza, el aborto y las personas sexog\u00e9nero diversas, por ello la posici\u00f3n caduca de Lasso podr\u00eda ser su sentencia&#8221;, dice Diana. As\u00ed pues &#8220;el c\u00famulo de errores cometido por Lasso le pas\u00f3 factura, errores que, por cierto, ven\u00eda arrastrando desde antes de la campa\u00f1a porque recordemos que Lasso envi\u00f3 una carta al Presidente de la Rep\u00fablica hace unos meses para que vetara el C\u00f3digo Org\u00e1nico de la Salud, donde se trataban dos temas consustanciales a los derechos: las cl\u00ednicas de deshomosexualizaci\u00f3n y la despenalizaci\u00f3n del aborto&#8221;. Tambi\u00e9n abon\u00f3, manifiesta Diana, el que Correa dijera recientemente que las mujeres que abortan son hedonistas y fren\u00e9ticas sexuales, lo que pudo haber incidido a favor de Yaku, pero adem\u00e1s &#8220;existe una corriente que se vive en toda Latinoam\u00e9rica: en Argentina, con la marea verde; en Colombia, con el uso del cannabis, una ola que habla de derechos humanos, de derechos de la naturaleza, de progreso como comunidad, ya no solo como individuos, ahondado todo por la pandemia porque nos dimos cuenta de que lo comunitario, lo social, funciona, y el individualismo que se lleva muy bien con el capitalismo hoy por hoy no tiene cabida&#8221;. &#8220;Yaku P\u00e9rez y Manuela Picq (su pareja) adem\u00e1s tienen un perfil de respetuosos y promotores de los derechos humanos bastante elevado por su hist\u00f3rica lucha no solamente en campa\u00f1a, pues Yaku ha sido activista, ha luchado contra Correa, lo mismo Manuela y eso crea empat\u00eda. Manuela es tambi\u00e9n una mujer simp\u00e1tica y preparada&#8221;, se\u00f1ala Diana. Para M\u00f3nica Cabrera, ambientalista y animalista, integrante de Rescate Animal y Pacifico Libre, los temas de derecho, ambientales y animalistas pesaron mucho a la hora de tomar la decisi\u00f3n de elegir. &#8220;Siento que los millennials y los centennials tienen su mente m\u00e1s abierta y son receptivos con estos temas, de ah\u00ed que se alinearan con Yaku, candidato que dej\u00f3 abierta la puerta para debatir sobre estos puntos&#8221;. Frente a esa posici\u00f3n fresca y renovada estaban otros dos candidatos que hicieron todo lo posible para no hablar del asunto, como Arauz y Lasso, aunque ya se sab\u00eda c\u00f3mo Lasso y el mentor del primero pensaban al respecto, pero adem\u00e1s el binomio del candidato de CREO, Alfredo Borrero, se larg\u00f3 pocas horas antes de las elecciones una perla cultivable al atribuir un tema gen\u00e9tico a la homosexualidad&#8221;, manifesta M\u00f3nica. &#8220;El voto que obtiene Yaku P\u00e9rez no fue un voto anticorre\u00edsta sino un voto por la esperanza de tener apertura con un gobierno que escucha sobre todo estos temas&#8221;, dice esta activista vegana y agrega que &#8220;los equipos de campa\u00f1a tanto de Arauz como de Lasso subestimaron estas posiciones, evadieron el tema y el tema ambiental preocupa mucho a las nuevas generaciones, adem\u00e1s del tema clim\u00e1tico, el tema del agua; en Cuenca gan\u00f3 la consulta con m\u00e1s del 80% y con un resultado as\u00ed es claro el mensaje, no se trata de una noveler\u00eda&#8221;. Adem\u00e1s se\u00f1ala que desde los colectivos Rescate Animal y Pac\u00edfico Libre enviaron a todos los candidatos junto con el Proyecto Sacha una propuesta para el futuro basada en 7 ejes tem\u00e1ticos: bioeconom\u00eda, econom\u00eda circular, agroalimentaci\u00f3n, reserva marina, cambio clim\u00e1tico, miner\u00eda y petr\u00f3leo, una propuesta bien trabajada con activistas preparados para tener un feedback, y el \u00fanico que se pronunci\u00f3 y mostr\u00f3 su apoyo fue Yaku. &#8220;Eso revela el perfil que maneja. Hervas no respondi\u00f3, pero en su plan ten\u00eda dos cosas muy interesantes en el tema ambiental&#8221;, matiza. Mar\u00eda Fernanda Carrera, docente, periodista y defensora de los derechos humanos hace alusi\u00f3n al libro &#8220;La arrogancia del presente&#8221;, de Jean-Claude Milner, para explicar lo que est\u00e1 sucediendo actualmente porque en sus p\u00e1ginas figura esa suerte de fen\u00f3meno de verberaci\u00f3n con el pa\u00eds toda vez que &#8220;los cambios sociales toman tiempo y han sido muchos los esfuerzos p\u00fablicos y privados que se han venido haciendo quiz\u00e1 desde los a\u00f1os 60 en Ecuador para alcanzar los derechos&#8221;. &#8220;Pensemos en los movimientos de los 80 en favor de los derechos de las mujeres&#8221;, dice Fernanda quien pondera &#8220;que toda esa generaci\u00f3n de personas tiene hijos y sus hijos, a su vez, deben haber entendido la perspectiva de derechos m\u00e1s all\u00e1 de las posturas polarizadas o reaccionarias que hay en el pa\u00eds&#8221;. &#8220;Recordemos que en Ecuador en 2012 un informe se\u00f1alaba que 6 de cada 10 mujeres hab\u00edan sufrido violencia y estas cifras impactaron a la sociedad, lo que gener\u00f3 una conciencia renovada sobre la violencia contra la [&hellip;]<\/p>\n","protected":false},"author":1,"featured_media":257932,"comment_status":"closed","ping_status":"closed","sticky":false,"template":"","format":"standard","meta":[],"categories":[40,23],"tags":[],"_links":{"self":[{"href":"https:\/\/www.ecuadortimes.net\/es\/wp-json\/wp\/v2\/posts\/257931"}],"collection":[{"href":"https:\/\/www.ecuadortimes.net\/es\/wp-json\/wp\/v2\/posts"}],"about":[{"href":"https:\/\/www.ecuadortimes.net\/es\/wp-json\/wp\/v2\/types\/post"}],"author":[{"embeddable":true,"href":"https:\/\/www.ecuadortimes.net\/es\/wp-json\/wp\/v2\/users\/1"}],"replies":[{"embeddable":true,"href":"https:\/\/www.ecuadortimes.net\/es\/wp-json\/wp\/v2\/comments?post=257931"}],"version-history":[{"count":1,"href":"https:\/\/www.ecuadortimes.net\/es\/wp-json\/wp\/v2\/posts\/257931\/revisions"}],"predecessor-version":[{"id":257933,"href":"https:\/\/www.ecuadortimes.net\/es\/wp-json\/wp\/v2\/posts\/257931\/revisions\/257933"}],"wp:featuredmedia":[{"embeddable":true,"href":"https:\/\/www.ecuadortimes.net\/es\/wp-json\/wp\/v2\/media\/257932"}],"wp:attachment":[{"href":"https:\/\/www.ecuadortimes.net\/es\/wp-json\/wp\/v2\/media?parent=257931"}],"wp:term":[{"taxonomy":"category","embeddable":true,"href":"https:\/\/www.ecuadortimes.net\/es\/wp-json\/wp\/v2\/categories?post=257931"},{"taxonomy":"post_tag","embeddable":true,"href":"https:\/\/www.ecuadortimes.net\/es\/wp-json\/wp\/v2\/tags?post=257931"}],"curies":[{"name":"wp","href":"https:\/\/api.w.org\/{rel}","templated":true}]}}