{"id":257940,"date":"2021-02-10T20:46:50","date_gmt":"2021-02-10T20:46:50","guid":{"rendered":"https:\/\/www.ecuadortimes.net\/es\/?p=257940"},"modified":"2021-02-10T20:46:50","modified_gmt":"2021-02-10T20:46:50","slug":"yaku-perez-vamos-a-agotar-todas-las-instancias-legales-no-queremos-sino-la-paz-pero-estamos-vigilantes","status":"publish","type":"post","link":"https:\/\/www.ecuadortimes.net\/es\/yaku-perez-vamos-a-agotar-todas-las-instancias-legales-no-queremos-sino-la-paz-pero-estamos-vigilantes\/","title":{"rendered":"Yaku P\u00e9rez: \u2018Vamos a agotar todas las instancias legales, no queremos sino la paz, pero estamos vigilantes\u2019"},"content":{"rendered":"<p id=\"m657-656-658\">La militancia del movimiento <b>Pachakutik<\/b> concentra su <b>vigilia <\/b>electoral en la provincia del <b>Guayas<\/b>. El candidato presidencial, <b>Yaku P\u00e9rez<\/b>, lleg\u00f3 la ma\u00f1ana de este mi\u00e9rcoles 10 de febrero del 2021 a la <b>Delegaci\u00f3n <\/b>Electoral Provincial para constatar la <b>revisi\u00f3n <\/b>de <b>actas <\/b>con novedades para la dignidad de <b>Presidencia <\/b>y Vicepresidencia de la Rep\u00fablica.<\/p>\n<div id=\"attachment_257941\" style=\"width: 622px\" class=\"wp-caption alignnone\"><img aria-describedby=\"caption-attachment-257941\" loading=\"lazy\" class=\"size-full wp-image-257941\" src=\"https:\/\/www.ecuadortimes.net\/es\/wp-content\/uploads\/2021\/02\/ecuador-times-ecuador-news-yaku-perez-declaration-legal-instances.jpeg\" alt=\"\" width=\"612\" height=\"342\" \/><p id=\"caption-attachment-257941\" class=\"wp-caption-text\">Yaku P\u00e9rez: \u2018Vamos a agotar todas las instancias legales, no queremos sino la paz, pero estamos vigilantes\u2019<\/p><\/div>\n<p id=\"m663-1-664\">De acuerdo con datos del Consejo Nacional Electoral (<b>CNE<\/b>), a nivel pa\u00eds son 1 474 las <b>actas con novedades<\/b> hasta las 10:00 de este mi\u00e9rcoles; de ellas, 1 218 corresponden a <b>Guayas<\/b>.<\/p>\n<p>P\u00e9rez lleg\u00f3 a la Delegaci\u00f3n acompa\u00f1ado de <b>simpatizantes<\/b>, quienes flamearon la bandera multicolor del movimiento ind\u00edgena.<\/p>\n<p>El presidenciable, en declaraciones con la prensa, record\u00f3 que tras una <b>reuni\u00f3n <\/b>con <b>observadores internacionales <\/b>y vocales del CNE se acord\u00f3 que hasta el mediod\u00eda de hoy estar\u00edan listos los resultados.<\/p>\n<p>&#8220;Oh sorpresa, suspendieron el reconteo. \u00bfPor qu\u00e9? Porque nosotros denunciamos ayer en la noche y madrugada se preparaba un fraude. Las comunidades del pueblo est\u00e1n molestos, <b>Pachakutik <\/b>hizo una convocatoria, he hablado este rato con mis compa\u00f1eros de Pachakutik, vamos a agotar todas las <b>instancias legales<\/b>, no queremos sino la paz, queremos la <b>paz<\/b>&#8220;.<\/p>\n<p id=\"m675-3-676\">P\u00e9rez asegur\u00f3 que no est\u00e1n de acuerdo con movilizaciones que puedan irrumpir el orden p\u00fablico y la paz.<\/p>\n<p>&#8220;El pueblo est\u00e1 indignado al ver c\u00f3mo descaradamente nos roban los votos, hemos tenido varias llamadas pidiendo <b>movilizarse<\/b>, yo les he dicho: Por favor compa\u00f1eros tengamos calma, queremos agotar todas las instancias legales; no quiero que por causa del CNE haya un levantamiento&#8221;.<\/p>\n<p>Tambi\u00e9n critic\u00f3 que hay actas que tienen sellos vulnerados y otras irregularidades. &#8220;Est\u00e1 absolutamente direccionado&#8221;.<\/p>\n<p>El aspirante a Carondelet a\u00f1adi\u00f3 que hubo un <b>apag\u00f3n <\/b>en la Delegaci\u00f3n Electoral de <b>El Oro<\/b>. &#8220;Ah\u00ed est\u00e1 justamente el fraude, ah\u00ed se cocinaron. El apag\u00f3n iba a darse tambi\u00e9n Guayaquil, entonces viendo que la poblaci\u00f3n empezaba a abrir los ojos (&#8230;) lo que est\u00e1n haciendo este rato es jugando con fuego&#8221;.<\/p>\n<p>P\u00e9rez finaliz\u00f3 ratificando que estar\u00e1 en<b> segunda vuelta <\/b>electoral: &#8220;nosotros no vamos a ser derrotados (&#8230;) nosotros de que llegamos, llegamos, es irreversible&#8221;.<\/p>\n<p>Finalmente, sobre un posible apoyo a <b>Guillermo Lasso <\/b>pasa a una segunda vuelta electoral, P\u00e9rez dijo: &#8220;C\u00f3mo vamos a apoyar la corrupci\u00f3n. Si Guillermo Lasso pasa a la segunda vuelta, va a pasar con fraude y corrupci\u00f3n, yo me desmarco de la corrupci\u00f3n tajantemente, sea as\u00ed sea un compa\u00f1ero m\u00edo&#8221;.<\/p>\n<p>Tambi\u00e9n le advirti\u00f3: &#8220;A adrede se hace ilusiones el se\u00f1or Guillermo Lasso, adrede se hace ilusiones sus asesores, les va a derrotar el corre\u00edsmo&#8221;.<\/p>\n<p><a href=\"https:\/\/www.elcomercio.com\/actualidad\/yaku-perez-guayaquil-votos-cne.html\">https:\/\/www.elcomercio.com\/actualidad\/yaku-perez-guayaquil-votos-cne.html<\/a><\/p>\n","protected":false},"excerpt":{"rendered":"<p>La militancia del movimiento Pachakutik concentra su vigilia electoral en la provincia del Guayas. El candidato presidencial, Yaku P\u00e9rez, lleg\u00f3 la ma\u00f1ana de este mi\u00e9rcoles 10 de febrero del 2021 a la Delegaci\u00f3n Electoral Provincial para constatar la revisi\u00f3n de actas con novedades para la dignidad de Presidencia y Vicepresidencia de la Rep\u00fablica. De acuerdo con datos del Consejo Nacional Electoral (CNE), a nivel pa\u00eds son 1 474 las actas con novedades hasta las 10:00 de este mi\u00e9rcoles; de ellas, 1 218 corresponden a Guayas. P\u00e9rez lleg\u00f3 a la Delegaci\u00f3n acompa\u00f1ado de simpatizantes, quienes flamearon la bandera multicolor del movimiento ind\u00edgena. El presidenciable, en declaraciones con la prensa, record\u00f3 que tras una reuni\u00f3n con observadores internacionales y vocales del CNE se acord\u00f3 que hasta el mediod\u00eda de hoy estar\u00edan listos los resultados. &#8220;Oh sorpresa, suspendieron el reconteo. \u00bfPor qu\u00e9? Porque nosotros denunciamos ayer en la noche y madrugada se preparaba un fraude. Las comunidades del pueblo est\u00e1n molestos, Pachakutik hizo una convocatoria, he hablado este rato con mis compa\u00f1eros de Pachakutik, vamos a agotar todas las instancias legales, no queremos sino la paz, queremos la paz&#8220;. P\u00e9rez asegur\u00f3 que no est\u00e1n de acuerdo con movilizaciones que puedan irrumpir el orden p\u00fablico y la paz. &#8220;El pueblo est\u00e1 indignado al ver c\u00f3mo descaradamente nos roban los votos, hemos tenido varias llamadas pidiendo movilizarse, yo les he dicho: Por favor compa\u00f1eros tengamos calma, queremos agotar todas las instancias legales; no quiero que por causa del CNE haya un levantamiento&#8221;. Tambi\u00e9n critic\u00f3 que hay actas que tienen sellos vulnerados y otras irregularidades. &#8220;Est\u00e1 absolutamente direccionado&#8221;. El aspirante a Carondelet a\u00f1adi\u00f3 que hubo un apag\u00f3n en la Delegaci\u00f3n Electoral de El Oro. &#8220;Ah\u00ed est\u00e1 justamente el fraude, ah\u00ed se cocinaron. El apag\u00f3n iba a darse tambi\u00e9n Guayaquil, entonces viendo que la poblaci\u00f3n empezaba a abrir los ojos (&#8230;) lo que est\u00e1n haciendo este rato es jugando con fuego&#8221;. P\u00e9rez finaliz\u00f3 ratificando que estar\u00e1 en segunda vuelta electoral: &#8220;nosotros no vamos a ser derrotados (&#8230;) nosotros de que llegamos, llegamos, es irreversible&#8221;. Finalmente, sobre un posible apoyo a Guillermo Lasso pasa a una segunda vuelta electoral, P\u00e9rez dijo: &#8220;C\u00f3mo vamos a apoyar la corrupci\u00f3n. Si Guillermo Lasso pasa a la segunda vuelta, va a pasar con fraude y corrupci\u00f3n, yo me desmarco de la corrupci\u00f3n tajantemente, sea as\u00ed sea un compa\u00f1ero m\u00edo&#8221;. Tambi\u00e9n le advirti\u00f3: &#8220;A adrede se hace ilusiones el se\u00f1or Guillermo Lasso, adrede se hace ilusiones sus asesores, les va a derrotar el corre\u00edsmo&#8221;. https:\/\/www.elcomercio.com\/actualidad\/yaku-perez-guayaquil-votos-cne.html<\/p>\n","protected":false},"author":1,"featured_media":257941,"comment_status":"closed","ping_status":"closed","sticky":false,"template":"","format":"standard","meta":[],"categories":[40,24],"tags":[],"_links":{"self":[{"href":"https:\/\/www.ecuadortimes.net\/es\/wp-json\/wp\/v2\/posts\/257940"}],"collection":[{"href":"https:\/\/www.ecuadortimes.net\/es\/wp-json\/wp\/v2\/posts"}],"about":[{"href":"https:\/\/www.ecuadortimes.net\/es\/wp-json\/wp\/v2\/types\/post"}],"author":[{"embeddable":true,"href":"https:\/\/www.ecuadortimes.net\/es\/wp-json\/wp\/v2\/users\/1"}],"replies":[{"embeddable":true,"href":"https:\/\/www.ecuadortimes.net\/es\/wp-json\/wp\/v2\/comments?post=257940"}],"version-history":[{"count":1,"href":"https:\/\/www.ecuadortimes.net\/es\/wp-json\/wp\/v2\/posts\/257940\/revisions"}],"predecessor-version":[{"id":257942,"href":"https:\/\/www.ecuadortimes.net\/es\/wp-json\/wp\/v2\/posts\/257940\/revisions\/257942"}],"wp:featuredmedia":[{"embeddable":true,"href":"https:\/\/www.ecuadortimes.net\/es\/wp-json\/wp\/v2\/media\/257941"}],"wp:attachment":[{"href":"https:\/\/www.ecuadortimes.net\/es\/wp-json\/wp\/v2\/media?parent=257940"}],"wp:term":[{"taxonomy":"category","embeddable":true,"href":"https:\/\/www.ecuadortimes.net\/es\/wp-json\/wp\/v2\/categories?post=257940"},{"taxonomy":"post_tag","embeddable":true,"href":"https:\/\/www.ecuadortimes.net\/es\/wp-json\/wp\/v2\/tags?post=257940"}],"curies":[{"name":"wp","href":"https:\/\/api.w.org\/{rel}","templated":true}]}}