{"id":257943,"date":"2021-02-10T21:13:41","date_gmt":"2021-02-10T21:13:41","guid":{"rendered":"https:\/\/www.ecuadortimes.net\/es\/?p=257943"},"modified":"2021-02-10T21:13:41","modified_gmt":"2021-02-10T21:13:41","slug":"productos-organicos-son-ofertados-en-rueda-de-negocios-con-mercado-europeo","status":"publish","type":"post","link":"https:\/\/www.ecuadortimes.net\/es\/productos-organicos-son-ofertados-en-rueda-de-negocios-con-mercado-europeo\/","title":{"rendered":"Productos org\u00e1nicos son ofertados en rueda de negocios con mercado europeo"},"content":{"rendered":"<p>Un total de 16 empresas ecuatorianas participaron en una rueda virtual de negocios, para promocionar productos org\u00e1nicos procesados ecuatorianos en el mercado suizo, en el marco de la tercera edici\u00f3n del Programa Bioexportador Global.<\/p>\n<div id=\"attachment_257944\" style=\"width: 1210px\" class=\"wp-caption alignnone\"><img aria-describedby=\"caption-attachment-257944\" loading=\"lazy\" class=\"size-full wp-image-257944\" src=\"https:\/\/www.ecuadortimes.net\/es\/wp-content\/uploads\/2021\/02\/ecuador-times-ecuador-news-organic-products-european-market.jpg\" alt=\"\" width=\"1200\" height=\"810\" srcset=\"https:\/\/www.ecuadortimes.net\/es\/wp-content\/uploads\/2021\/02\/ecuador-times-ecuador-news-organic-products-european-market.jpg 1200w, https:\/\/www.ecuadortimes.net\/es\/wp-content\/uploads\/2021\/02\/ecuador-times-ecuador-news-organic-products-european-market-75x52.jpg 75w\" sizes=\"(max-width: 1200px) 100vw, 1200px\" \/><p id=\"caption-attachment-257944\" class=\"wp-caption-text\">Productos org\u00e1nicos son ofertados en rueda de negocios con mercado europeo<\/p><\/div>\n<p>En este encuentro de negocios se ofreci\u00f3 una cartera de productos org\u00e1nicos procesados como frutas deshidratadas y liofilizadas, harinas de banano y pl\u00e1tano org\u00e1nicas y libres de gl\u00faten, bebidas de lupino y cereales andinos, risottos de quinua, snacks saludables, pulpas de fruta, especies, chocolates, mezclas para pancakes, elaborados de rosas comestibles, caf\u00e9 org\u00e1nico de alta calidad, entre otros.<\/p>\n<p>Esta promoci\u00f3n comercial permiti\u00f3 que las peque\u00f1as y medianas empresas (pymes) ecuatorianas participen en 53 citas comerciales con 12 compradores procedentes de Suiza, Espa\u00f1a y Pa\u00edses Bajos, generando expectativas de negocio de $ 2.143.000.<\/p>\n<p>Esta edici\u00f3n cont\u00f3 con el patrocinio de la Agencia de Cooperaci\u00f3n Internacional del Jap\u00f3n (JICA), qui\u00e9n complement\u00f3 los esfuerzos de las instituciones promotoras del programa, la Asociaci\u00f3n Nacional de Fabricantes de Alimentos y Bebidas (Anfab), del Instituto Interamericano de Cooperaci\u00f3n para la Agricultura (IICA), la Federaci\u00f3n Ecuatoriana de Exportadores (Fedexpor), el Ministerio de la Producci\u00f3n, Comercio Exterior, Inversiones y Pesca, Agrocalidad, el Ministerio de Agricultura y Ganader\u00eda, y la Comisi\u00f3n Interamericana de Agricultura Org\u00e1nica (CIAO).<\/p>\n<p>Las pymes involucradas fueron parte de un proceso de capacitaci\u00f3n y acompa\u00f1amiento en temas comerciales, de conocimiento de mercado y consumidor, adem\u00e1s de temas t\u00e9cnicos para la gesti\u00f3n de exportaciones.<\/p>\n<p>Durante el programa se validaron 40 productos a trav\u00e9s de su evaluaci\u00f3n por expertos suizos. Se evalu\u00f3 el etiquetado y se desarroll\u00f3 una plataforma de Marketplace para la promoci\u00f3n de la oferta exportable.<\/p>\n<p>Daniel Rodr\u00edguez S\u00e1enz, Gerente del Programa de Comercio Internacional e Integraci\u00f3n Regional del IICA, coment\u00f3 que estas ruedas de negocios buscan que las empresas de peque\u00f1a y mediana escala consoliden o diversifiquen sus mercados de exportaci\u00f3n, aprovechando las oportunidades que genera la preocupaci\u00f3n por la salud del consumidor europeo.<\/p>\n<p>Christian Wahli, presidente Ejecutivo de Anfab, menciona la importancia de diversificar los alimentos y bebidas de exportaci\u00f3n mediante productos procesados con alto nivel de diferenciaci\u00f3n mediante calidad, inocuidad y certificaciones referentes a la responsabilidad social, ambiental y humana de las empresas.<\/p>\n<p>\u201cEs fundamental partir desde las necesidades y preferencias del consumidor y as\u00ed guiar las cadenas agroalimentarias hacia el cumplimiento de las exigencias del consumidor\u201d, destaca.<\/p>\n<p><a href=\"https:\/\/www.eltelegrafo.com.ec\/noticias\/economia\/4\/productos-organicos-rueda-negocios-mercado-europeo\">https:\/\/www.eltelegrafo.com.ec\/noticias\/economia\/4\/productos-organicos-rueda-negocios-mercado-europeo<\/a><\/p>\n","protected":false},"excerpt":{"rendered":"<p>Un total de 16 empresas ecuatorianas participaron en una rueda virtual de negocios, para promocionar productos org\u00e1nicos procesados ecuatorianos en el mercado suizo, en el marco de la tercera edici\u00f3n del Programa Bioexportador Global. En este encuentro de negocios se ofreci\u00f3 una cartera de productos org\u00e1nicos procesados como frutas deshidratadas y liofilizadas, harinas de banano y pl\u00e1tano org\u00e1nicas y libres de gl\u00faten, bebidas de lupino y cereales andinos, risottos de quinua, snacks saludables, pulpas de fruta, especies, chocolates, mezclas para pancakes, elaborados de rosas comestibles, caf\u00e9 org\u00e1nico de alta calidad, entre otros. Esta promoci\u00f3n comercial permiti\u00f3 que las peque\u00f1as y medianas empresas (pymes) ecuatorianas participen en 53 citas comerciales con 12 compradores procedentes de Suiza, Espa\u00f1a y Pa\u00edses Bajos, generando expectativas de negocio de $ 2.143.000. Esta edici\u00f3n cont\u00f3 con el patrocinio de la Agencia de Cooperaci\u00f3n Internacional del Jap\u00f3n (JICA), qui\u00e9n complement\u00f3 los esfuerzos de las instituciones promotoras del programa, la Asociaci\u00f3n Nacional de Fabricantes de Alimentos y Bebidas (Anfab), del Instituto Interamericano de Cooperaci\u00f3n para la Agricultura (IICA), la Federaci\u00f3n Ecuatoriana de Exportadores (Fedexpor), el Ministerio de la Producci\u00f3n, Comercio Exterior, Inversiones y Pesca, Agrocalidad, el Ministerio de Agricultura y Ganader\u00eda, y la Comisi\u00f3n Interamericana de Agricultura Org\u00e1nica (CIAO). Las pymes involucradas fueron parte de un proceso de capacitaci\u00f3n y acompa\u00f1amiento en temas comerciales, de conocimiento de mercado y consumidor, adem\u00e1s de temas t\u00e9cnicos para la gesti\u00f3n de exportaciones. Durante el programa se validaron 40 productos a trav\u00e9s de su evaluaci\u00f3n por expertos suizos. Se evalu\u00f3 el etiquetado y se desarroll\u00f3 una plataforma de Marketplace para la promoci\u00f3n de la oferta exportable. Daniel Rodr\u00edguez S\u00e1enz, Gerente del Programa de Comercio Internacional e Integraci\u00f3n Regional del IICA, coment\u00f3 que estas ruedas de negocios buscan que las empresas de peque\u00f1a y mediana escala consoliden o diversifiquen sus mercados de exportaci\u00f3n, aprovechando las oportunidades que genera la preocupaci\u00f3n por la salud del consumidor europeo. Christian Wahli, presidente Ejecutivo de Anfab, menciona la importancia de diversificar los alimentos y bebidas de exportaci\u00f3n mediante productos procesados con alto nivel de diferenciaci\u00f3n mediante calidad, inocuidad y certificaciones referentes a la responsabilidad social, ambiental y humana de las empresas. \u201cEs fundamental partir desde las necesidades y preferencias del consumidor y as\u00ed guiar las cadenas agroalimentarias hacia el cumplimiento de las exigencias del consumidor\u201d, destaca. https:\/\/www.eltelegrafo.com.ec\/noticias\/economia\/4\/productos-organicos-rueda-negocios-mercado-europeo<\/p>\n","protected":false},"author":1,"featured_media":257944,"comment_status":"closed","ping_status":"closed","sticky":false,"template":"","format":"standard","meta":[],"categories":[43,24],"tags":[],"_links":{"self":[{"href":"https:\/\/www.ecuadortimes.net\/es\/wp-json\/wp\/v2\/posts\/257943"}],"collection":[{"href":"https:\/\/www.ecuadortimes.net\/es\/wp-json\/wp\/v2\/posts"}],"about":[{"href":"https:\/\/www.ecuadortimes.net\/es\/wp-json\/wp\/v2\/types\/post"}],"author":[{"embeddable":true,"href":"https:\/\/www.ecuadortimes.net\/es\/wp-json\/wp\/v2\/users\/1"}],"replies":[{"embeddable":true,"href":"https:\/\/www.ecuadortimes.net\/es\/wp-json\/wp\/v2\/comments?post=257943"}],"version-history":[{"count":1,"href":"https:\/\/www.ecuadortimes.net\/es\/wp-json\/wp\/v2\/posts\/257943\/revisions"}],"predecessor-version":[{"id":257945,"href":"https:\/\/www.ecuadortimes.net\/es\/wp-json\/wp\/v2\/posts\/257943\/revisions\/257945"}],"wp:featuredmedia":[{"embeddable":true,"href":"https:\/\/www.ecuadortimes.net\/es\/wp-json\/wp\/v2\/media\/257944"}],"wp:attachment":[{"href":"https:\/\/www.ecuadortimes.net\/es\/wp-json\/wp\/v2\/media?parent=257943"}],"wp:term":[{"taxonomy":"category","embeddable":true,"href":"https:\/\/www.ecuadortimes.net\/es\/wp-json\/wp\/v2\/categories?post=257943"},{"taxonomy":"post_tag","embeddable":true,"href":"https:\/\/www.ecuadortimes.net\/es\/wp-json\/wp\/v2\/tags?post=257943"}],"curies":[{"name":"wp","href":"https:\/\/api.w.org\/{rel}","templated":true}]}}