{"id":257946,"date":"2021-02-10T21:21:25","date_gmt":"2021-02-10T21:21:25","guid":{"rendered":"https:\/\/www.ecuadortimes.net\/es\/?p=257946"},"modified":"2021-02-10T21:21:25","modified_gmt":"2021-02-10T21:21:25","slug":"entrega-de-bono-de-alivio-del-desempleo-de-500-sera-entre-febrero-y-marzo-indica-ministro-isch","status":"publish","type":"post","link":"https:\/\/www.ecuadortimes.net\/es\/entrega-de-bono-de-alivio-del-desempleo-de-500-sera-entre-febrero-y-marzo-indica-ministro-isch\/","title":{"rendered":"Entrega de bono de alivio del desempleo de $ 500 ser\u00e1 entre febrero y marzo, indica ministro Isch"},"content":{"rendered":"<p>Entre febrero y marzo se entregar\u00e1n los $ 286 millones que representan el nuevo bono del alivio al desempleo de $ 500 (por una \u00fanica vez) para personas que perdieron su trabajo en 2020, debido principalmente a la pandemia. La idea es entregar estos recursos a 570.000 familias en las que alguno de sus miembros hab\u00eda perdido su plaza de trabajo. As\u00ed lo explic\u00f3 el ministro de Trabajo, Andr\u00e9s Isch.<\/p>\n<div id=\"attachment_257947\" style=\"width: 765px\" class=\"wp-caption alignnone\"><img aria-describedby=\"caption-attachment-257947\" loading=\"lazy\" class=\"size-full wp-image-257947\" src=\"https:\/\/www.ecuadortimes.net\/es\/wp-content\/uploads\/2021\/02\/ecuador-times-ecuador-news-delivery-relief-bond-unemployment-february-march-minister-isch.jpg\" alt=\"\" width=\"755\" height=\"518\" srcset=\"https:\/\/www.ecuadortimes.net\/es\/wp-content\/uploads\/2021\/02\/ecuador-times-ecuador-news-delivery-relief-bond-unemployment-february-march-minister-isch.jpg 755w, https:\/\/www.ecuadortimes.net\/es\/wp-content\/uploads\/2021\/02\/ecuador-times-ecuador-news-delivery-relief-bond-unemployment-february-march-minister-isch-75x52.jpg 75w\" sizes=\"(max-width: 755px) 100vw, 755px\" \/><p id=\"caption-attachment-257947\" class=\"wp-caption-text\">Entrega de bono de alivio del desempleo de $ 500 ser\u00e1 entre febrero y marzo, indica ministro Isch<\/p><\/div>\n<p>Esta ayuda es mayor a la programada en noviembre del a\u00f1o pasado, cuando se anunci\u00f3 que se iba a entregar $ 100 a las personas que hab\u00edan perdido el empleo.<\/p>\n<p>Al momento, dijo Isch, el Instituto Ecuatoriano de Seguridad Social (IESS) est\u00e1 en el proceso de depuraci\u00f3n de las bases de datos para poder identificar plenamente a los beneficiarios. Explic\u00f3 que si bien, seg\u00fan las cifras del IESS existen 200.000 desafiliaciones en 2020, estas son netas. Y ratific\u00f3 que en relaci\u00f3n de dependencia se perdieron 570.000.<\/p>\n<p>Tambi\u00e9n aclar\u00f3 que inicialmente se hab\u00eda pensado en entregar esta ayuda solo a las personas que no hab\u00edan recuperado el trabajo. Sin embargo, dijo que el ministro de Econom\u00eda, Mauricio Pozo, ha hecho un esfuerzo m\u00e1s y se ha considerado que quienes ya recuperaron el trabajo tambi\u00e9n podr\u00edan hacerse acreedores a este bono. Sin embargo, depender\u00e1 de ciertas condiciones.<\/p>\n<p>Se revisar\u00e1 por ejemplo cu\u00e1l era el ingreso que ten\u00edan como familia, si la recuperaci\u00f3n del empleo fue a media jornada, entre otros temas. Lo que se busca, dice el ministro es que la ayuda sea lo m\u00e1s extendida y tambi\u00e9n lo m\u00e1s justa posible.<\/p>\n<div id=\"Ampliada\" class=\"dfp-slot atm-banner-mappingampliada publicity-content\" style=\"display: none;\" data-google-query-id=\"CIuqnf6T4O4CFVCDgwgd1k4Krw\">\n<p><script>var dfpSlot = { \"label\": \"Ampliada\", \"seccion\": [\"ALL\"], \"subseccion\": [\"ALL\"], \"type\": [\"nota\", \"columnista\"] }; var resolution = showSlot('0', sizeWindow); var resultSlot = showZone(dfpSlot); if (resolution && resultSlot) { cX.callQueue.push(['invoke', function () { googletag.cmd.push(function () { googletag.display('Ampliada'); }); }]); document.getElementById('Ampliada').classList.add('publicity-content'); } <\/script><\/p>\n<div id=\"google_ads_iframe_\/78858240\/ElUniverso.com\/Universo_Ampliada_0__container__\" style=\"border: 0pt none; width: 300px; height: 250px;\"><\/div>\n<\/div>\n<p>Coment\u00f3 incluso que si dos personas de la misma familia hubiesen perdido el empleo, muy posiblemente las dos deban recibir el bono. Aclar\u00f3, adem\u00e1s, que el papel del IESS en este proceso ser\u00e1 tan solo de un veh\u00edculo para la entrega del bono y que los dineros provienen del Gobierno, no de esa entidad.<\/p>\n<p>En noviembre pasado tambi\u00e9n se hab\u00eda dicho que se entregar\u00eda un bono para quienes ganan el b\u00e1sico y que ser\u00eda de $ 60. Sobre este tema, el ministro asegur\u00f3 que s\u00ed se lo har\u00e1, pero con la diferencia de que ser\u00edan $ 50. Tambi\u00e9n destac\u00f3 la importancia de los bonos de protecci\u00f3n familiar que se entregan a familias vulnerables y que asciende a $ 120.<\/p>\n<p>El ministro insisti\u00f3 en que estas entregas de ayudas no son comparables con otras que han aparecido a prop\u00f3sito de la campa\u00f1a electoral y explic\u00f3 que el bono s\u00ed est\u00e1 financiado con recursos del presupuesto que se logra con el financiamiento de multilaterales y con la optimizaci\u00f3n de los recursos del Estado.<\/p>\n<p>De acuerdo con el funcionario, todos los estudios serios sobre transferencias monetarias han demostrado que son efectivas, pues llegan a quienes deben llegar. Adem\u00e1s al tener ciertas condicionalidades o compromisos con quienes las reciben ayudan a mantener la escolaridad de los ni\u00f1os, a realizarse chequeos m\u00e9dicos, a consumir una dieta balanceada, entre otros.<\/p>\n<p><strong>Cifras de empleo del INEC<\/strong><\/p>\n<p>El ministro Isch explic\u00f3 las razones por las cuales el Instituto Nacional de Estad\u00edstica y Censos (INEC) hasta el momento no publica las cifras de empleo a diciembre de 2020.<\/p>\n<p>Dijo que si bien es un organismo independiente, lo que se conoce es que la Cepal hizo recomendaciones para fortalecer el proceso y el INEC las ha recogido.<\/p>\n<p>Adicionalmente, el hecho de que de ahora en adelante deba publicar cifras mensuales, y ya no trimestrales, le ha requerido ajustes importantes.<\/p>\n<p>En todo caso, se\u00f1al\u00f3 que de los registros administrativos del ministerio, se ve una recuperaci\u00f3n constante del empleo, y dijo que esperan que las cifras del INEC sean consistentes con estos registros.<\/p>\n<p><a href=\"https:\/\/www.eluniverso.com\/noticias\/2021\/02\/08\/nota\/9618660\/entrega-bono-alivio-desempleo-ministro-andres-isch-500-dolares-iess\">https:\/\/www.eluniverso.com\/noticias\/2021\/02\/08\/nota\/9618660\/entrega-bono-alivio-desempleo-ministro-andres-isch-500-dolares-iess<\/a><\/p>\n","protected":false},"excerpt":{"rendered":"<p>Entre febrero y marzo se entregar\u00e1n los $ 286 millones que representan el nuevo bono del alivio al desempleo de $ 500 (por una \u00fanica vez) para personas que perdieron su trabajo en 2020, debido principalmente a la pandemia. La idea es entregar estos recursos a 570.000 familias en las que alguno de sus miembros hab\u00eda perdido su plaza de trabajo. As\u00ed lo explic\u00f3 el ministro de Trabajo, Andr\u00e9s Isch. Esta ayuda es mayor a la programada en noviembre del a\u00f1o pasado, cuando se anunci\u00f3 que se iba a entregar $ 100 a las personas que hab\u00edan perdido el empleo. Al momento, dijo Isch, el Instituto Ecuatoriano de Seguridad Social (IESS) est\u00e1 en el proceso de depuraci\u00f3n de las bases de datos para poder identificar plenamente a los beneficiarios. Explic\u00f3 que si bien, seg\u00fan las cifras del IESS existen 200.000 desafiliaciones en 2020, estas son netas. Y ratific\u00f3 que en relaci\u00f3n de dependencia se perdieron 570.000. Tambi\u00e9n aclar\u00f3 que inicialmente se hab\u00eda pensado en entregar esta ayuda solo a las personas que no hab\u00edan recuperado el trabajo. Sin embargo, dijo que el ministro de Econom\u00eda, Mauricio Pozo, ha hecho un esfuerzo m\u00e1s y se ha considerado que quienes ya recuperaron el trabajo tambi\u00e9n podr\u00edan hacerse acreedores a este bono. Sin embargo, depender\u00e1 de ciertas condiciones. Se revisar\u00e1 por ejemplo cu\u00e1l era el ingreso que ten\u00edan como familia, si la recuperaci\u00f3n del empleo fue a media jornada, entre otros temas. Lo que se busca, dice el ministro es que la ayuda sea lo m\u00e1s extendida y tambi\u00e9n lo m\u00e1s justa posible. Coment\u00f3 incluso que si dos personas de la misma familia hubiesen perdido el empleo, muy posiblemente las dos deban recibir el bono. Aclar\u00f3, adem\u00e1s, que el papel del IESS en este proceso ser\u00e1 tan solo de un veh\u00edculo para la entrega del bono y que los dineros provienen del Gobierno, no de esa entidad. En noviembre pasado tambi\u00e9n se hab\u00eda dicho que se entregar\u00eda un bono para quienes ganan el b\u00e1sico y que ser\u00eda de $ 60. Sobre este tema, el ministro asegur\u00f3 que s\u00ed se lo har\u00e1, pero con la diferencia de que ser\u00edan $ 50. Tambi\u00e9n destac\u00f3 la importancia de los bonos de protecci\u00f3n familiar que se entregan a familias vulnerables y que asciende a $ 120. El ministro insisti\u00f3 en que estas entregas de ayudas no son comparables con otras que han aparecido a prop\u00f3sito de la campa\u00f1a electoral y explic\u00f3 que el bono s\u00ed est\u00e1 financiado con recursos del presupuesto que se logra con el financiamiento de multilaterales y con la optimizaci\u00f3n de los recursos del Estado. De acuerdo con el funcionario, todos los estudios serios sobre transferencias monetarias han demostrado que son efectivas, pues llegan a quienes deben llegar. Adem\u00e1s al tener ciertas condicionalidades o compromisos con quienes las reciben ayudan a mantener la escolaridad de los ni\u00f1os, a realizarse chequeos m\u00e9dicos, a consumir una dieta balanceada, entre otros. Cifras de empleo del INEC El ministro Isch explic\u00f3 las razones por las cuales el Instituto Nacional de Estad\u00edstica y Censos (INEC) hasta el momento no publica las cifras de empleo a diciembre de 2020. Dijo que si bien es un organismo independiente, lo que se conoce es que la Cepal hizo recomendaciones para fortalecer el proceso y el INEC las ha recogido. Adicionalmente, el hecho de que de ahora en adelante deba publicar cifras mensuales, y ya no trimestrales, le ha requerido ajustes importantes. En todo caso, se\u00f1al\u00f3 que de los registros administrativos del ministerio, se ve una recuperaci\u00f3n constante del empleo, y dijo que esperan que las cifras del INEC sean consistentes con estos registros. https:\/\/www.eluniverso.com\/noticias\/2021\/02\/08\/nota\/9618660\/entrega-bono-alivio-desempleo-ministro-andres-isch-500-dolares-iess<\/p>\n","protected":false},"author":1,"featured_media":257947,"comment_status":"closed","ping_status":"closed","sticky":false,"template":"","format":"standard","meta":[],"categories":[40,24],"tags":[],"_links":{"self":[{"href":"https:\/\/www.ecuadortimes.net\/es\/wp-json\/wp\/v2\/posts\/257946"}],"collection":[{"href":"https:\/\/www.ecuadortimes.net\/es\/wp-json\/wp\/v2\/posts"}],"about":[{"href":"https:\/\/www.ecuadortimes.net\/es\/wp-json\/wp\/v2\/types\/post"}],"author":[{"embeddable":true,"href":"https:\/\/www.ecuadortimes.net\/es\/wp-json\/wp\/v2\/users\/1"}],"replies":[{"embeddable":true,"href":"https:\/\/www.ecuadortimes.net\/es\/wp-json\/wp\/v2\/comments?post=257946"}],"version-history":[{"count":1,"href":"https:\/\/www.ecuadortimes.net\/es\/wp-json\/wp\/v2\/posts\/257946\/revisions"}],"predecessor-version":[{"id":257948,"href":"https:\/\/www.ecuadortimes.net\/es\/wp-json\/wp\/v2\/posts\/257946\/revisions\/257948"}],"wp:featuredmedia":[{"embeddable":true,"href":"https:\/\/www.ecuadortimes.net\/es\/wp-json\/wp\/v2\/media\/257947"}],"wp:attachment":[{"href":"https:\/\/www.ecuadortimes.net\/es\/wp-json\/wp\/v2\/media?parent=257946"}],"wp:term":[{"taxonomy":"category","embeddable":true,"href":"https:\/\/www.ecuadortimes.net\/es\/wp-json\/wp\/v2\/categories?post=257946"},{"taxonomy":"post_tag","embeddable":true,"href":"https:\/\/www.ecuadortimes.net\/es\/wp-json\/wp\/v2\/tags?post=257946"}],"curies":[{"name":"wp","href":"https:\/\/api.w.org\/{rel}","templated":true}]}}