{"id":257952,"date":"2021-02-11T23:05:44","date_gmt":"2021-02-11T23:05:44","guid":{"rendered":"https:\/\/www.ecuadortimes.net\/es\/?p=257952"},"modified":"2021-02-11T23:05:44","modified_gmt":"2021-02-11T23:05:44","slug":"1-962-personas-deberan-recibir-la-segunda-dosis-contra-el-coronavirus-en-ecuador-desde-este-jueves-11","status":"publish","type":"post","link":"https:\/\/www.ecuadortimes.net\/es\/1-962-personas-deberan-recibir-la-segunda-dosis-contra-el-coronavirus-en-ecuador-desde-este-jueves-11\/","title":{"rendered":"1.962 personas deber\u00e1n recibir la segunda dosis contra el coronavirus en Ecuador desde este jueves 11"},"content":{"rendered":"<p>En Guayaquil se vacun\u00f3 al personal del hospital General Guasmo Sur; en Quito, en el hospital Pablo Arturo Su\u00e1rez; y en el Hospital de Especialidades de las Fuerzas Armadas.<\/p>\n<div id=\"attachment_257953\" style=\"width: 1015px\" class=\"wp-caption alignnone\"><img aria-describedby=\"caption-attachment-257953\" loading=\"lazy\" class=\"size-full wp-image-257953\" src=\"https:\/\/www.ecuadortimes.net\/es\/wp-content\/uploads\/2021\/02\/ecuador-times-ecuador-news1962-persons-should-receive-second-dosis-against-coronavirus-february-2021.jpg\" alt=\"\" width=\"1005\" height=\"670\" \/><p id=\"caption-attachment-257953\" class=\"wp-caption-text\">1.962 personas deber\u00e1n recibir la segunda dosis contra el coronavirus en Ecuador desde este jueves 11<\/p><\/div>\n<p class=\"prose-text\">Adem\u00e1s, a 20 adultos mayores del centro gerontol\u00f3gico de Cayambe, en el norte de Pichincha, y a cuatro cuidadores de la entidad que pertenece al Ministerio de Inclusi\u00f3n Econ\u00f3mica y Social (MIES).<\/p>\n<p class=\"prose-text\">Dos m\u00e9dicos que fueron vacunados en Guayaquil y uno en Quito confirmaron que recibir\u00e1n la segunda dosis.<\/p>\n<p class=\"prose-text\">En el Austro, el proceso debe realizarse ma\u00f1ana, con el personal de los hospitales Vicente Corral Moscoso de Cuenca, Homero Castanier de Azogues y del hospital Jos\u00e9 Carrasco del Instituto Ecuatoriano de Seguridad Social (IESS) en Cuenca.<\/p>\n<p class=\"prose-text\">Uno de los miembros del personal de salud del Austro coment\u00f3 que no ten\u00edan ninguna informaci\u00f3n al respecto de si les va a llegar o no la vacuna, sin embargo, recibieron un mensaje en el que se les indicaba que est\u00e9n listos con la \u201cposibilidad\u201d de recibirla, pero como una confirmaci\u00f3n de fecha y hora a\u00fan no.<\/p>\n<p class=\"prose-text\">\u201cHay mucho temor entre todo el personal m\u00e9dico y mucha incertidumbre de si nos van a colocar o no nos van a colocar la segunda dosis&#8230;\u201d, dijo. A casi tres semanas de que le pusieran la vacuna sostuvo que no ha sentido ninguna molestia.<\/p>\n<p class=\"prose-text\">Tras la primera dosis, el pasado 22 de enero, mencion\u00f3 que hubo un poquito de dolor en el sitio de la aplicaci\u00f3n de la vacuna, que dur\u00f3 unas 6-8 horas, un ligero malestar general como un resfriado con algo de dolor articular pero leve que pas\u00f3 tambi\u00e9n al cabo de 8 o 10 horas luego de la vacuna, pero por lo dem\u00e1s ninguna otra molestia o sintomatolog\u00eda.<\/p>\n<p class=\"prose-text\">El s\u00e1bado se debe colocar la segunda dosis a 18 personas, en una residencia privada para adultos mayores, en Cumbay\u00e1, en el nororiente de la capital, a 9 residentes y 9 empleados, donde vive la madre del ministro de Salud, Juan Carlos Zevallos, lo que gener\u00f3 cr\u00edticas de diversos sectores. Aunque el funcionario defendi\u00f3 su decisi\u00f3n le vali\u00f3 una denuncia que investiga la Fiscal\u00eda General del Estado.<\/p>\n<p class=\"prose-text\">Esa entidad ha solicitado nuevas diligencias e informaci\u00f3n dentro de la indagaci\u00f3n previa que se sigue en contra de Zevallos.<\/p>\n<p class=\"prose-text\">El pr\u00f3ximo lunes, la segunda dosis deber\u00eda continuar en las provincias de Manab\u00ed y de Chimborazo.<\/p>\n<p class=\"prose-text\">Con la primera dosis se llega a una protecci\u00f3n del 52%, seg\u00fan Pfizer. Con la segunda dosis, que se recibe a los 21 d\u00edas, hay que esperar hasta el d\u00eda 28, despu\u00e9s de aplicada la primera dosis, para tener una protecci\u00f3n que llegue al 95%.<\/p>\n<p class=\"prose-text\">Fernando Sacoto, presidente de la Sociedad Ecuatoriana de Salud P\u00fablica, mencion\u00f3 que si no se coloca la segunda dosis a los 21 d\u00edas no se obtendr\u00eda el nivel de inmunidad esperado.<\/p>\n<p class=\"prose-text\">El MSP hab\u00eda anunciado que 1.962 personas recibir\u00e1n la segunda dosis de vacunas de Pfizer-BioNTech y con ello se completar\u00e1 la utilizaci\u00f3n de 8.190 dosis, a la espera de un segundo embarque que llegar\u00eda la pr\u00f3xima semana.<\/p>\n<p class=\"prose-text\">Hasta el momento 5.976 trabajadores de la salud de 99 hospitales de la red p\u00fablica y privada y 252 adultos mayores de centros geri\u00e1tricos han recibido la primera dosis. En total 6.228 ecuatorianos han sido inmunizados con las 8.000 dosis.<\/p>\n<p class=\"prose-text\">En la fase inicial, seg\u00fan el Gobierno, 43.000 personas ser\u00e1n vacunadas con 86.000 dosis pendientes.<\/p>\n<p><a href=\"https:\/\/www.eluniverso.com\/noticias\/2021\/02\/11\/nota\/9621012\/1962-personas-deberan-recibir-segunda-dosis-contra-coronavirus\/\">https:\/\/www.eluniverso.com\/noticias\/2021\/02\/11\/nota\/9621012\/1962-personas-deberan-recibir-segunda-dosis-contra-coronavirus\/<\/a><\/p>\n","protected":false},"excerpt":{"rendered":"<p>En Guayaquil se vacun\u00f3 al personal del hospital General Guasmo Sur; en Quito, en el hospital Pablo Arturo Su\u00e1rez; y en el Hospital de Especialidades de las Fuerzas Armadas. Adem\u00e1s, a 20 adultos mayores del centro gerontol\u00f3gico de Cayambe, en el norte de Pichincha, y a cuatro cuidadores de la entidad que pertenece al Ministerio de Inclusi\u00f3n Econ\u00f3mica y Social (MIES). Dos m\u00e9dicos que fueron vacunados en Guayaquil y uno en Quito confirmaron que recibir\u00e1n la segunda dosis. En el Austro, el proceso debe realizarse ma\u00f1ana, con el personal de los hospitales Vicente Corral Moscoso de Cuenca, Homero Castanier de Azogues y del hospital Jos\u00e9 Carrasco del Instituto Ecuatoriano de Seguridad Social (IESS) en Cuenca. Uno de los miembros del personal de salud del Austro coment\u00f3 que no ten\u00edan ninguna informaci\u00f3n al respecto de si les va a llegar o no la vacuna, sin embargo, recibieron un mensaje en el que se les indicaba que est\u00e9n listos con la \u201cposibilidad\u201d de recibirla, pero como una confirmaci\u00f3n de fecha y hora a\u00fan no. \u201cHay mucho temor entre todo el personal m\u00e9dico y mucha incertidumbre de si nos van a colocar o no nos van a colocar la segunda dosis&#8230;\u201d, dijo. A casi tres semanas de que le pusieran la vacuna sostuvo que no ha sentido ninguna molestia. Tras la primera dosis, el pasado 22 de enero, mencion\u00f3 que hubo un poquito de dolor en el sitio de la aplicaci\u00f3n de la vacuna, que dur\u00f3 unas 6-8 horas, un ligero malestar general como un resfriado con algo de dolor articular pero leve que pas\u00f3 tambi\u00e9n al cabo de 8 o 10 horas luego de la vacuna, pero por lo dem\u00e1s ninguna otra molestia o sintomatolog\u00eda. El s\u00e1bado se debe colocar la segunda dosis a 18 personas, en una residencia privada para adultos mayores, en Cumbay\u00e1, en el nororiente de la capital, a 9 residentes y 9 empleados, donde vive la madre del ministro de Salud, Juan Carlos Zevallos, lo que gener\u00f3 cr\u00edticas de diversos sectores. Aunque el funcionario defendi\u00f3 su decisi\u00f3n le vali\u00f3 una denuncia que investiga la Fiscal\u00eda General del Estado. Esa entidad ha solicitado nuevas diligencias e informaci\u00f3n dentro de la indagaci\u00f3n previa que se sigue en contra de Zevallos. El pr\u00f3ximo lunes, la segunda dosis deber\u00eda continuar en las provincias de Manab\u00ed y de Chimborazo. Con la primera dosis se llega a una protecci\u00f3n del 52%, seg\u00fan Pfizer. Con la segunda dosis, que se recibe a los 21 d\u00edas, hay que esperar hasta el d\u00eda 28, despu\u00e9s de aplicada la primera dosis, para tener una protecci\u00f3n que llegue al 95%. Fernando Sacoto, presidente de la Sociedad Ecuatoriana de Salud P\u00fablica, mencion\u00f3 que si no se coloca la segunda dosis a los 21 d\u00edas no se obtendr\u00eda el nivel de inmunidad esperado. El MSP hab\u00eda anunciado que 1.962 personas recibir\u00e1n la segunda dosis de vacunas de Pfizer-BioNTech y con ello se completar\u00e1 la utilizaci\u00f3n de 8.190 dosis, a la espera de un segundo embarque que llegar\u00eda la pr\u00f3xima semana. Hasta el momento 5.976 trabajadores de la salud de 99 hospitales de la red p\u00fablica y privada y 252 adultos mayores de centros geri\u00e1tricos han recibido la primera dosis. En total 6.228 ecuatorianos han sido inmunizados con las 8.000 dosis. En la fase inicial, seg\u00fan el Gobierno, 43.000 personas ser\u00e1n vacunadas con 86.000 dosis pendientes. https:\/\/www.eluniverso.com\/noticias\/2021\/02\/11\/nota\/9621012\/1962-personas-deberan-recibir-segunda-dosis-contra-coronavirus\/<\/p>\n","protected":false},"author":1,"featured_media":257953,"comment_status":"closed","ping_status":"closed","sticky":false,"template":"","format":"standard","meta":[],"categories":[35,24],"tags":[],"_links":{"self":[{"href":"https:\/\/www.ecuadortimes.net\/es\/wp-json\/wp\/v2\/posts\/257952"}],"collection":[{"href":"https:\/\/www.ecuadortimes.net\/es\/wp-json\/wp\/v2\/posts"}],"about":[{"href":"https:\/\/www.ecuadortimes.net\/es\/wp-json\/wp\/v2\/types\/post"}],"author":[{"embeddable":true,"href":"https:\/\/www.ecuadortimes.net\/es\/wp-json\/wp\/v2\/users\/1"}],"replies":[{"embeddable":true,"href":"https:\/\/www.ecuadortimes.net\/es\/wp-json\/wp\/v2\/comments?post=257952"}],"version-history":[{"count":1,"href":"https:\/\/www.ecuadortimes.net\/es\/wp-json\/wp\/v2\/posts\/257952\/revisions"}],"predecessor-version":[{"id":257954,"href":"https:\/\/www.ecuadortimes.net\/es\/wp-json\/wp\/v2\/posts\/257952\/revisions\/257954"}],"wp:featuredmedia":[{"embeddable":true,"href":"https:\/\/www.ecuadortimes.net\/es\/wp-json\/wp\/v2\/media\/257953"}],"wp:attachment":[{"href":"https:\/\/www.ecuadortimes.net\/es\/wp-json\/wp\/v2\/media?parent=257952"}],"wp:term":[{"taxonomy":"category","embeddable":true,"href":"https:\/\/www.ecuadortimes.net\/es\/wp-json\/wp\/v2\/categories?post=257952"},{"taxonomy":"post_tag","embeddable":true,"href":"https:\/\/www.ecuadortimes.net\/es\/wp-json\/wp\/v2\/tags?post=257952"}],"curies":[{"name":"wp","href":"https:\/\/api.w.org\/{rel}","templated":true}]}}