{"id":257955,"date":"2021-02-11T23:15:20","date_gmt":"2021-02-11T23:15:20","guid":{"rendered":"https:\/\/www.ecuadortimes.net\/es\/?p=257955"},"modified":"2021-02-11T23:23:43","modified_gmt":"2021-02-11T23:23:43","slug":"ecuador-resalto-el-programa-agrotiendaec-en-el-foro-agropecuario-andino","status":"publish","type":"post","link":"https:\/\/www.ecuadortimes.net\/es\/ecuador-resalto-el-programa-agrotiendaec-en-el-foro-agropecuario-andino\/","title":{"rendered":"Ecuador resalt\u00f3 el programa AgrotiendaEc en el foro agropecuario andino"},"content":{"rendered":"<p>La creaci\u00f3n de corredores log\u00edsticos, las AgrotiendaEc y las ferias De la Mata a la Mesa son los programas que destac\u00f3 el viceministro de Desarrollo Rural, H\u00e9ctor Romero, quien particip\u00f3 virtualmente del cierre del Foro Agropecuario Andino.<\/p>\n<div id=\"attachment_257956\" style=\"width: 1210px\" class=\"wp-caption alignnone\"><img aria-describedby=\"caption-attachment-257956\" loading=\"lazy\" class=\"size-full wp-image-257956\" src=\"https:\/\/www.ecuadortimes.net\/es\/wp-content\/uploads\/2021\/02\/ecuador-times-ecuador-news-highlighted-agriculture-program-ec-forum-agropecuarian-andean.jpg\" alt=\"\" width=\"1200\" height=\"810\" srcset=\"https:\/\/www.ecuadortimes.net\/es\/wp-content\/uploads\/2021\/02\/ecuador-times-ecuador-news-highlighted-agriculture-program-ec-forum-agropecuarian-andean.jpg 1200w, https:\/\/www.ecuadortimes.net\/es\/wp-content\/uploads\/2021\/02\/ecuador-times-ecuador-news-highlighted-agriculture-program-ec-forum-agropecuarian-andean-75x52.jpg 75w\" sizes=\"(max-width: 1200px) 100vw, 1200px\" \/><p id=\"caption-attachment-257956\" class=\"wp-caption-text\">Ecuador resalt\u00f3 el programa AgrotiendaEc en el foro agropecuario andino<\/p><\/div>\n<p>El espacio fue liderado por Colombia, pa\u00eds que ejerce la Presidencia Pro T\u00e9mpore de la Comunidad Andina (CAN) y cont\u00f3 con el acompa\u00f1amiento del Instituto Interamericano de Cooperaci\u00f3n para la Agricultura (IICA) y la Organizaci\u00f3n de las Naciones Unidas de la Alimentaci\u00f3n y la Agricultura (FAO), junto a autoridades del sector productivo y de la comunidad empresarial y acad\u00e9mica de Colombia, Bolivia, Per\u00fa y Ecuador.<\/p>\n<p>En su intervenci\u00f3n Romero sostuvo que los programas del gobierno permitieron mantener alimentada a la ciudadan\u00eda, principalmente en \u00e9poca de la pandemia; En general indic\u00f3 que se ha logrado posicionar la importancia de la agricultura y ganader\u00eda en lo global. \u201cNunca faltaron productos en las mesas de nuestros pa\u00edses y eso es reconocido por el mundo. La agricultura y la ganader\u00eda estaban ah\u00ed cuando el mundo se detuvo por la pandemia, para mantenernos con el alimento necesario\u201d.<\/p>\n<p>Romero, destac\u00f3 el trabajo del Gobierno Nacional; felicit\u00f3 a Colombia y a la CAN, adem\u00e1s de agradecer el apoyo del IICA y la FAO, que contribuyeron a articular acciones y herramientas para enfrentar los desaf\u00edos del sector.<\/p>\n<p>\u201cReafirmamos nuestro compromiso de continuar trabajando por el fortalecimiento de la comunidad andina\u201d, asever\u00f3.<\/p>\n<p>El foro fue el resultado de tres sesiones consultivas previas, realizadas con el fin de impulsar un mecanismo que dinamice el proceso de integraci\u00f3n de la Comunidad Andina y de la regi\u00f3n durante la pandemia sanitaria actual.<\/p>\n<p>Los encuentros identificaron estrategias y plantearon iniciativas sobre temas como la reactivaci\u00f3n econ\u00f3mica, el fortalecimiento de la agricultura familiar y la seguridad alimentaria, basados en las acciones y experiencias de sus miembros.<\/p>\n<p>Juan Gonzalo Botero, viceministro de Asuntos Agropecuarios del Ministerio de Agricultura y Desarrollo Rural de Colombia, indic\u00f3 que es importante sobreponer las diferencias locales en beneficio del sector agropecuario de la regi\u00f3n.<\/p>\n<p>\u201cEl sector que m\u00e1s aporta a nuestras econom\u00edas; el suministro de alimentos de nuestros pueblos se ha mantenido gracias al trabajo incansable de los productores del campo\u201d.<\/p>\n<p>Adem\u00e1s, se\u00f1al\u00f3 que entre los indicadores regionales que aportaron al PIB de las econom\u00edas andinas en los \u00faltimos dos a\u00f1os, la actividad agropecuaria alcanz\u00f3 el 12.5% en Bolivia, 6.4% en Colombia, 7.8% Ecuador y 5.6% en Per\u00fa, superiores al promedio de Am\u00e9rica Latina y El Caribe del 4.9%.<\/p>\n<p>Las exportaciones agropecuarias y agroindustriales registran una contribuci\u00f3n al intercambio comercial de los pa\u00edses, con un 20% en Bolivia, 52% en Ecuador 23% en Per\u00fa, y 18% en Colombia. Estos logros proyectan a la CAN con una participaci\u00f3n del 2% en las exportaciones mundiales, ocupando la posici\u00f3n 17 en la venta de productos agropecuarios agroindustriales.<\/p>\n<p>Una vez finalizadas las intervenciones, se suscribi\u00f3 la Declaracio\u0301n de los Ministros de Agricultura de los Pai\u0301ses Miembros de la Comunidad Andina, participantes del Foro Agropecuario Andino, en la que los representantes expresan su posici\u00f3n pol\u00edtica conjunta y conceptos de soluci\u00f3n relacionados a los temas tratados.<\/p>\n<p>En esta declaraci\u00f3n, los pa\u00edses ratifican su compromiso con el proceso de integracio\u0301n andino que, a lo largo de sus 51 an\u0303os de existencia, ha sido generador de oportunidades para las economi\u0301as de la regio\u0301n, que deben ser aprovechadas para la reactivacio\u0301n del sector agropecuario en la post pandemia.<\/p>\n<p>Manuel Otero, director General del IICA, mostr\u00f3 su compromiso en sumar esfuerzos, y adem\u00e1s propuso una mesa de cooperaci\u00f3n interagencial para velar por el cumplimiento de los compromisos fijados en la declaratoria y la agenda agropecuaria.<\/p>\n<p>Finalmente, Jorge Pedraza, secretario General de la CAN, mencion\u00f3 que es fundamental trabajar de manera conjunta. Tambi\u00e9n hizo referencia a la participaci\u00f3n de Ecuador como pa\u00eds anfitri\u00f3n de la Conferencia de la FAO en 2022, en la que se propuso proyectar una postura andina que fortalecer\u00e1 el trabajo de la comunidad. (I)<\/p>\n<p><a href=\"https:\/\/www.eltelegrafo.com.ec\/noticias\/economia\/4\/ecuador-programa-agrotiendaec-foro-agropecuario-andino\">https:\/\/www.eltelegrafo.com.ec\/noticias\/economia\/4\/ecuador-programa-agrotiendaec-foro-agropecuario-andino<\/a><\/p>\n","protected":false},"excerpt":{"rendered":"<p>La creaci\u00f3n de corredores log\u00edsticos, las AgrotiendaEc y las ferias De la Mata a la Mesa son los programas que destac\u00f3 el viceministro de Desarrollo Rural, H\u00e9ctor Romero, quien particip\u00f3 virtualmente del cierre del Foro Agropecuario Andino. El espacio fue liderado por Colombia, pa\u00eds que ejerce la Presidencia Pro T\u00e9mpore de la Comunidad Andina (CAN) y cont\u00f3 con el acompa\u00f1amiento del Instituto Interamericano de Cooperaci\u00f3n para la Agricultura (IICA) y la Organizaci\u00f3n de las Naciones Unidas de la Alimentaci\u00f3n y la Agricultura (FAO), junto a autoridades del sector productivo y de la comunidad empresarial y acad\u00e9mica de Colombia, Bolivia, Per\u00fa y Ecuador. En su intervenci\u00f3n Romero sostuvo que los programas del gobierno permitieron mantener alimentada a la ciudadan\u00eda, principalmente en \u00e9poca de la pandemia; En general indic\u00f3 que se ha logrado posicionar la importancia de la agricultura y ganader\u00eda en lo global. \u201cNunca faltaron productos en las mesas de nuestros pa\u00edses y eso es reconocido por el mundo. La agricultura y la ganader\u00eda estaban ah\u00ed cuando el mundo se detuvo por la pandemia, para mantenernos con el alimento necesario\u201d. Romero, destac\u00f3 el trabajo del Gobierno Nacional; felicit\u00f3 a Colombia y a la CAN, adem\u00e1s de agradecer el apoyo del IICA y la FAO, que contribuyeron a articular acciones y herramientas para enfrentar los desaf\u00edos del sector. \u201cReafirmamos nuestro compromiso de continuar trabajando por el fortalecimiento de la comunidad andina\u201d, asever\u00f3. El foro fue el resultado de tres sesiones consultivas previas, realizadas con el fin de impulsar un mecanismo que dinamice el proceso de integraci\u00f3n de la Comunidad Andina y de la regi\u00f3n durante la pandemia sanitaria actual. Los encuentros identificaron estrategias y plantearon iniciativas sobre temas como la reactivaci\u00f3n econ\u00f3mica, el fortalecimiento de la agricultura familiar y la seguridad alimentaria, basados en las acciones y experiencias de sus miembros. Juan Gonzalo Botero, viceministro de Asuntos Agropecuarios del Ministerio de Agricultura y Desarrollo Rural de Colombia, indic\u00f3 que es importante sobreponer las diferencias locales en beneficio del sector agropecuario de la regi\u00f3n. \u201cEl sector que m\u00e1s aporta a nuestras econom\u00edas; el suministro de alimentos de nuestros pueblos se ha mantenido gracias al trabajo incansable de los productores del campo\u201d. Adem\u00e1s, se\u00f1al\u00f3 que entre los indicadores regionales que aportaron al PIB de las econom\u00edas andinas en los \u00faltimos dos a\u00f1os, la actividad agropecuaria alcanz\u00f3 el 12.5% en Bolivia, 6.4% en Colombia, 7.8% Ecuador y 5.6% en Per\u00fa, superiores al promedio de Am\u00e9rica Latina y El Caribe del 4.9%. Las exportaciones agropecuarias y agroindustriales registran una contribuci\u00f3n al intercambio comercial de los pa\u00edses, con un 20% en Bolivia, 52% en Ecuador 23% en Per\u00fa, y 18% en Colombia. Estos logros proyectan a la CAN con una participaci\u00f3n del 2% en las exportaciones mundiales, ocupando la posici\u00f3n 17 en la venta de productos agropecuarios agroindustriales. Una vez finalizadas las intervenciones, se suscribi\u00f3 la Declaracio\u0301n de los Ministros de Agricultura de los Pai\u0301ses Miembros de la Comunidad Andina, participantes del Foro Agropecuario Andino, en la que los representantes expresan su posici\u00f3n pol\u00edtica conjunta y conceptos de soluci\u00f3n relacionados a los temas tratados. En esta declaraci\u00f3n, los pa\u00edses ratifican su compromiso con el proceso de integracio\u0301n andino que, a lo largo de sus 51 an\u0303os de existencia, ha sido generador de oportunidades para las economi\u0301as de la regio\u0301n, que deben ser aprovechadas para la reactivacio\u0301n del sector agropecuario en la post pandemia. Manuel Otero, director General del IICA, mostr\u00f3 su compromiso en sumar esfuerzos, y adem\u00e1s propuso una mesa de cooperaci\u00f3n interagencial para velar por el cumplimiento de los compromisos fijados en la declaratoria y la agenda agropecuaria. Finalmente, Jorge Pedraza, secretario General de la CAN, mencion\u00f3 que es fundamental trabajar de manera conjunta. Tambi\u00e9n hizo referencia a la participaci\u00f3n de Ecuador como pa\u00eds anfitri\u00f3n de la Conferencia de la FAO en 2022, en la que se propuso proyectar una postura andina que fortalecer\u00e1 el trabajo de la comunidad. (I) https:\/\/www.eltelegrafo.com.ec\/noticias\/economia\/4\/ecuador-programa-agrotiendaec-foro-agropecuario-andino<\/p>\n","protected":false},"author":1,"featured_media":257956,"comment_status":"closed","ping_status":"closed","sticky":false,"template":"","format":"standard","meta":[],"categories":[43,24],"tags":[],"_links":{"self":[{"href":"https:\/\/www.ecuadortimes.net\/es\/wp-json\/wp\/v2\/posts\/257955"}],"collection":[{"href":"https:\/\/www.ecuadortimes.net\/es\/wp-json\/wp\/v2\/posts"}],"about":[{"href":"https:\/\/www.ecuadortimes.net\/es\/wp-json\/wp\/v2\/types\/post"}],"author":[{"embeddable":true,"href":"https:\/\/www.ecuadortimes.net\/es\/wp-json\/wp\/v2\/users\/1"}],"replies":[{"embeddable":true,"href":"https:\/\/www.ecuadortimes.net\/es\/wp-json\/wp\/v2\/comments?post=257955"}],"version-history":[{"count":2,"href":"https:\/\/www.ecuadortimes.net\/es\/wp-json\/wp\/v2\/posts\/257955\/revisions"}],"predecessor-version":[{"id":257958,"href":"https:\/\/www.ecuadortimes.net\/es\/wp-json\/wp\/v2\/posts\/257955\/revisions\/257958"}],"wp:featuredmedia":[{"embeddable":true,"href":"https:\/\/www.ecuadortimes.net\/es\/wp-json\/wp\/v2\/media\/257956"}],"wp:attachment":[{"href":"https:\/\/www.ecuadortimes.net\/es\/wp-json\/wp\/v2\/media?parent=257955"}],"wp:term":[{"taxonomy":"category","embeddable":true,"href":"https:\/\/www.ecuadortimes.net\/es\/wp-json\/wp\/v2\/categories?post=257955"},{"taxonomy":"post_tag","embeddable":true,"href":"https:\/\/www.ecuadortimes.net\/es\/wp-json\/wp\/v2\/tags?post=257955"}],"curies":[{"name":"wp","href":"https:\/\/api.w.org\/{rel}","templated":true}]}}