{"id":257963,"date":"2021-02-13T00:27:07","date_gmt":"2021-02-13T00:27:07","guid":{"rendered":"https:\/\/www.ecuadortimes.net\/es\/?p=257963"},"modified":"2021-02-13T00:27:07","modified_gmt":"2021-02-13T00:27:07","slug":"los-candidatos-guillermo-lasso-y-yaku-perez-se-reunen-con-el-cne","status":"publish","type":"post","link":"https:\/\/www.ecuadortimes.net\/es\/los-candidatos-guillermo-lasso-y-yaku-perez-se-reunen-con-el-cne\/","title":{"rendered":"Los candidatos Guillermo Lasso y Yaku P\u00e9rez se re\u00fanen con el CNE"},"content":{"rendered":"<p>Los candidatos presidenciales Guillermo Lasso y Yaku P\u00e9rez permanecen reunidos con los vocales del Consejo Nacional Electoral (CNE) y observadores internacionales para dialogar sobre presuntas irregularidades en el proceso electoral del 7 de febrero de 2021.<\/p>\n<div id=\"attachment_257964\" style=\"width: 1210px\" class=\"wp-caption alignnone\"><img aria-describedby=\"caption-attachment-257964\" loading=\"lazy\" class=\"size-full wp-image-257964\" src=\"https:\/\/www.ecuadortimes.net\/es\/wp-content\/uploads\/2021\/02\/ecuador-times-ecuador-news-candidates-guillemo-lasso-yaky-perez-reunion-cne.jpg\" alt=\"\" width=\"1200\" height=\"810\" srcset=\"https:\/\/www.ecuadortimes.net\/es\/wp-content\/uploads\/2021\/02\/ecuador-times-ecuador-news-candidates-guillemo-lasso-yaky-perez-reunion-cne.jpg 1200w, https:\/\/www.ecuadortimes.net\/es\/wp-content\/uploads\/2021\/02\/ecuador-times-ecuador-news-candidates-guillemo-lasso-yaky-perez-reunion-cne-75x52.jpg 75w\" sizes=\"(max-width: 1200px) 100vw, 1200px\" \/><p id=\"caption-attachment-257964\" class=\"wp-caption-text\">Los candidatos Guillermo Lasso y Yaku P\u00e9rez se re\u00fanen con el CNE<\/p><\/div>\n<p>Los presidenciables arribaron a la sede del CNE, en el norte de Quito, para participar en un encuentro convocado por P\u00e9rez. En los exteriores se agruparon seguidores de los dos candidatos para expresar su apoyo. No se registraron altercados o enfrentamientos.<\/p>\n<p>Yaku P\u00e9rez manifest\u00f3 a su llegada que en otras provincias, como Azuay y Tungurahua tambi\u00e9n se han reportado irregularidades en el conteo de actas.<\/p>\n<p>Guillermo Lasso no atendi\u00f3 a la prensa e ingres\u00f3 al CNE en su veh\u00edculo. Una vez en el interior, los candidatos realizaron declaraciones p\u00fablicas.<\/p>\n<p>La prensa fue desalojada por unos minutos, hasta que P\u00e9rez exigi\u00f3 su reingreso, como se\u00f1al de transparencia.<\/p>\n<p>En las m\u00e1s de dos horas de conversaci\u00f3n, P\u00e9rez mostr\u00f3 documentos de actas con inconsistencias en las que solo se contabilizaban votos para Lasso.<\/p>\n<p>El l\u00edder de CREO prefiri\u00f3 no intervenir hasta que el CNE realice una revisi\u00f3n t\u00e9cnica de todas las actas presentadas por su adversario. Sin embargo, el expresidente ejecutivo del BG aclar\u00f3 que \u00e9l no ha impugnado ning\u00fan acta.<\/p>\n<p>&#8220;La impugnaci\u00f3n de ciertas actas no implica la anulaci\u00f3n del proceso electoral&#8221;, agreg\u00f3 Lasso.<\/p>\n<p>El consejero Luis Verdesoto mencion\u00f3 que se necesita revisar si la muestra con inconsistencias de P\u00e9rez es representativa antes de aceptar el recuento total.<\/p>\n<p>&#8220;Vamos a examinar hasta donde llegue el proceso&#8221;, dijo Verdesoto. Su propuesta es que hasta la medianoche del martes se contabilicen las actas de una porci\u00f3n de las siete provincias que P\u00e9rez solicita abrir las urnas.<\/p>\n<p>&#8220;Un acta no representa una elecci\u00f3n. Vamos paso a paso&#8221;, se\u00f1al\u00f3 el vocal del CNE. Tambi\u00e9n se comprometi\u00f3 a que si las dudas persisten se continuar\u00e1 con la revisi\u00f3n de actas a mayor escala.<\/p>\n<p><a href=\"https:\/\/www.eltelegrafo.com.ec\/noticias\/elecciones-2021\/1\/lasso-y-yaku-perez-se-reunen-con-el-cne\">https:\/\/www.eltelegrafo.com.ec\/noticias\/elecciones-2021\/1\/lasso-y-yaku-perez-se-reunen-con-el-cne<\/a><\/p>\n","protected":false},"excerpt":{"rendered":"<p>Los candidatos presidenciales Guillermo Lasso y Yaku P\u00e9rez permanecen reunidos con los vocales del Consejo Nacional Electoral (CNE) y observadores internacionales para dialogar sobre presuntas irregularidades en el proceso electoral del 7 de febrero de 2021. Los presidenciables arribaron a la sede del CNE, en el norte de Quito, para participar en un encuentro convocado por P\u00e9rez. En los exteriores se agruparon seguidores de los dos candidatos para expresar su apoyo. No se registraron altercados o enfrentamientos. Yaku P\u00e9rez manifest\u00f3 a su llegada que en otras provincias, como Azuay y Tungurahua tambi\u00e9n se han reportado irregularidades en el conteo de actas. Guillermo Lasso no atendi\u00f3 a la prensa e ingres\u00f3 al CNE en su veh\u00edculo. Una vez en el interior, los candidatos realizaron declaraciones p\u00fablicas. La prensa fue desalojada por unos minutos, hasta que P\u00e9rez exigi\u00f3 su reingreso, como se\u00f1al de transparencia. En las m\u00e1s de dos horas de conversaci\u00f3n, P\u00e9rez mostr\u00f3 documentos de actas con inconsistencias en las que solo se contabilizaban votos para Lasso. El l\u00edder de CREO prefiri\u00f3 no intervenir hasta que el CNE realice una revisi\u00f3n t\u00e9cnica de todas las actas presentadas por su adversario. Sin embargo, el expresidente ejecutivo del BG aclar\u00f3 que \u00e9l no ha impugnado ning\u00fan acta. &#8220;La impugnaci\u00f3n de ciertas actas no implica la anulaci\u00f3n del proceso electoral&#8221;, agreg\u00f3 Lasso. El consejero Luis Verdesoto mencion\u00f3 que se necesita revisar si la muestra con inconsistencias de P\u00e9rez es representativa antes de aceptar el recuento total. &#8220;Vamos a examinar hasta donde llegue el proceso&#8221;, dijo Verdesoto. Su propuesta es que hasta la medianoche del martes se contabilicen las actas de una porci\u00f3n de las siete provincias que P\u00e9rez solicita abrir las urnas. &#8220;Un acta no representa una elecci\u00f3n. Vamos paso a paso&#8221;, se\u00f1al\u00f3 el vocal del CNE. Tambi\u00e9n se comprometi\u00f3 a que si las dudas persisten se continuar\u00e1 con la revisi\u00f3n de actas a mayor escala. https:\/\/www.eltelegrafo.com.ec\/noticias\/elecciones-2021\/1\/lasso-y-yaku-perez-se-reunen-con-el-cne<\/p>\n","protected":false},"author":1,"featured_media":257964,"comment_status":"closed","ping_status":"closed","sticky":false,"template":"","format":"standard","meta":[],"categories":[40,24],"tags":[],"_links":{"self":[{"href":"https:\/\/www.ecuadortimes.net\/es\/wp-json\/wp\/v2\/posts\/257963"}],"collection":[{"href":"https:\/\/www.ecuadortimes.net\/es\/wp-json\/wp\/v2\/posts"}],"about":[{"href":"https:\/\/www.ecuadortimes.net\/es\/wp-json\/wp\/v2\/types\/post"}],"author":[{"embeddable":true,"href":"https:\/\/www.ecuadortimes.net\/es\/wp-json\/wp\/v2\/users\/1"}],"replies":[{"embeddable":true,"href":"https:\/\/www.ecuadortimes.net\/es\/wp-json\/wp\/v2\/comments?post=257963"}],"version-history":[{"count":1,"href":"https:\/\/www.ecuadortimes.net\/es\/wp-json\/wp\/v2\/posts\/257963\/revisions"}],"predecessor-version":[{"id":257965,"href":"https:\/\/www.ecuadortimes.net\/es\/wp-json\/wp\/v2\/posts\/257963\/revisions\/257965"}],"wp:featuredmedia":[{"embeddable":true,"href":"https:\/\/www.ecuadortimes.net\/es\/wp-json\/wp\/v2\/media\/257964"}],"wp:attachment":[{"href":"https:\/\/www.ecuadortimes.net\/es\/wp-json\/wp\/v2\/media?parent=257963"}],"wp:term":[{"taxonomy":"category","embeddable":true,"href":"https:\/\/www.ecuadortimes.net\/es\/wp-json\/wp\/v2\/categories?post=257963"},{"taxonomy":"post_tag","embeddable":true,"href":"https:\/\/www.ecuadortimes.net\/es\/wp-json\/wp\/v2\/tags?post=257963"}],"curies":[{"name":"wp","href":"https:\/\/api.w.org\/{rel}","templated":true}]}}