{"id":257966,"date":"2021-02-13T00:33:50","date_gmt":"2021-02-13T00:33:50","guid":{"rendered":"https:\/\/www.ecuadortimes.net\/es\/?p=257966"},"modified":"2021-02-13T00:33:50","modified_gmt":"2021-02-13T00:33:50","slug":"tribunal-contencioso-desecha-denuncia-de-campana-contra-andres-arauz-fiscalia-pide-informacion-a-colombia-sobre-supuestos-aportes-del-eln","status":"publish","type":"post","link":"https:\/\/www.ecuadortimes.net\/es\/tribunal-contencioso-desecha-denuncia-de-campana-contra-andres-arauz-fiscalia-pide-informacion-a-colombia-sobre-supuestos-aportes-del-eln\/","title":{"rendered":"Tribunal Contencioso desecha denuncia de campa\u00f1a contra Andr\u00e9s Arauz; Fiscal\u00eda pide informaci\u00f3n a Colombia sobre supuestos aportes del ELN"},"content":{"rendered":"<p class=\"prose-text\">El magistrado argument\u00f3 que el consejero no cumpli\u00f3 requisitos legales establecidos en el C\u00f3digo de la Democracia, como el detalle de los medios de prueba para probar \u201cel nexo causal de responsabilidad atribuible al presunto infractor\u201d.<\/p>\n<div id=\"attachment_257967\" style=\"width: 977px\" class=\"wp-caption alignnone\"><img aria-describedby=\"caption-attachment-257967\" loading=\"lazy\" class=\"size-full wp-image-257967\" src=\"https:\/\/www.ecuadortimes.net\/es\/wp-content\/uploads\/2021\/02\/ecuador-times-ecuador-news-tribunal-discards-denounces-against-andres-arauz.jpg\" alt=\"\" width=\"967\" height=\"670\" srcset=\"https:\/\/www.ecuadortimes.net\/es\/wp-content\/uploads\/2021\/02\/ecuador-times-ecuador-news-tribunal-discards-denounces-against-andres-arauz.jpg 967w, https:\/\/www.ecuadortimes.net\/es\/wp-content\/uploads\/2021\/02\/ecuador-times-ecuador-news-tribunal-discards-denounces-against-andres-arauz-75x52.jpg 75w\" sizes=\"(max-width: 967px) 100vw, 967px\" \/><p id=\"caption-attachment-257967\" class=\"wp-caption-text\">Tribunal Contencioso desecha denuncia de campa\u00f1a contra Andr\u00e9s Arauz; Fiscal\u00eda pide informaci\u00f3n a Colombia sobre supuestos aportes del ELN<\/p><\/div>\n<p class=\"prose-text\">Verdesoto aleg\u00f3 que, durante la campa\u00f1a electoral, UNES realizaba pruebas para detectar el COVID-19 en sus sedes en Tulc\u00e1n y Quito.<\/p>\n<p class=\"prose-text\">Adem\u00e1s, present\u00f3 un video en el que se ofrec\u00eda entregar un adelanto de un bono de $ 1.000, que prometi\u00f3 Arauz como parte de sus propuestas de gobierno. UNES ha negado la autor\u00eda de dicho video.<\/p>\n<p class=\"prose-text\">En su denuncia incluy\u00f3 al procurador de UNES, Joseph D\u00edaz Asque, y a la jefa de campa\u00f1a, Diana Cruz, pero finalmente fue archivada.<\/p>\n<p class=\"prose-text\">En tanto que la fiscal general, Diana Salazar, busca recabar datos sobre el supuesto financiamiento del grupo guerrillero colombiano Ej\u00e9rcito de Liberaci\u00f3n Nacional (ELN) a la campa\u00f1a de Arauz y solicit\u00f3 a la Fiscal\u00eda General de la naci\u00f3n de Colombia que se d\u00e9 \u201cun intercambio espont\u00e1neo\u201d de la informaci\u00f3n que est\u00e9 en su poder.<\/p>\n<p class=\"prose-text\">El pedido oficial de la Fiscal\u00eda de Ecuador se hizo el 4 de febrero pasado, cinco d\u00edas despu\u00e9s de que la Revista Semana, de Colombia, asegur\u00f3 en una publicaci\u00f3n que existir\u00edan archivos del ELN en lo que se indica que esta organizaci\u00f3n habr\u00eda aportado $ 80.000 para la campa\u00f1a del aspirante corre\u00edsta.<\/p>\n<p class=\"prose-text\">Salazar hizo la solicitud al fiscal general de Colombia, Francisco Barbosa, amparada en el Acuerdo de Cooperaci\u00f3n Internacional entre Ministerios P\u00fablicos y Fiscal\u00edas Generales miembros de la Aiamp. En el pedido incluye que se faciliten los archivos que fueron encontrados por las autoridades de ese pa\u00eds en los computadores de Andr\u00e9s Vanegas, alias Uriel, comandante del ELN abatido por fuerzas de seguridad colombianas a finales del 2020.<\/p>\n<p class=\"prose-text\">Ante el pedido de informaci\u00f3n, el expresidente Rafael Correa en una entrevista dada a Caracol Radio de Colombia dijo que todo es \u201cparte de un show\u201d para \u201ctratar de da\u00f1ar la segunda vuelta\u201d electoral en Ecuador.<\/p>\n<p class=\"prose-text\">\u201cEs hasta gracioso, por un lado se nos dice que hemos robado $ 70.000 millones, dos presupuestos del Estado, y por otro lado la guerrilla nos tiene que dar $ 80.000\u201d, se\u00f1al\u00f3 Correa.<\/p>\n<p class=\"prose-text\">La Revista Semana inform\u00f3 que en la Fiscal\u00eda de Colombia ya se habr\u00eda ordenado que se compile la informaci\u00f3n para ser entregada a Ecuador. (I)<\/p>\n<p><a href=\"https:\/\/www.eluniverso.com\/noticias\/politica\/tribunal-contencioso-desecha-denuncia-de-campana-contra-andres-arauz-fiscalia-pide-informacion-a-colombia-sobre-supuestos-aportes-del-eln-nota\/\">https:\/\/www.eluniverso.com\/noticias\/politica\/tribunal-contencioso-desecha-denuncia-de-campana-contra-andres-arauz-fiscalia-pide-informacion-a-colombia-sobre-supuestos-aportes-del-eln-nota\/<\/a><\/p>\n","protected":false},"excerpt":{"rendered":"<p>El magistrado argument\u00f3 que el consejero no cumpli\u00f3 requisitos legales establecidos en el C\u00f3digo de la Democracia, como el detalle de los medios de prueba para probar \u201cel nexo causal de responsabilidad atribuible al presunto infractor\u201d. Verdesoto aleg\u00f3 que, durante la campa\u00f1a electoral, UNES realizaba pruebas para detectar el COVID-19 en sus sedes en Tulc\u00e1n y Quito. Adem\u00e1s, present\u00f3 un video en el que se ofrec\u00eda entregar un adelanto de un bono de $ 1.000, que prometi\u00f3 Arauz como parte de sus propuestas de gobierno. UNES ha negado la autor\u00eda de dicho video. En su denuncia incluy\u00f3 al procurador de UNES, Joseph D\u00edaz Asque, y a la jefa de campa\u00f1a, Diana Cruz, pero finalmente fue archivada. En tanto que la fiscal general, Diana Salazar, busca recabar datos sobre el supuesto financiamiento del grupo guerrillero colombiano Ej\u00e9rcito de Liberaci\u00f3n Nacional (ELN) a la campa\u00f1a de Arauz y solicit\u00f3 a la Fiscal\u00eda General de la naci\u00f3n de Colombia que se d\u00e9 \u201cun intercambio espont\u00e1neo\u201d de la informaci\u00f3n que est\u00e9 en su poder. El pedido oficial de la Fiscal\u00eda de Ecuador se hizo el 4 de febrero pasado, cinco d\u00edas despu\u00e9s de que la Revista Semana, de Colombia, asegur\u00f3 en una publicaci\u00f3n que existir\u00edan archivos del ELN en lo que se indica que esta organizaci\u00f3n habr\u00eda aportado $ 80.000 para la campa\u00f1a del aspirante corre\u00edsta. Salazar hizo la solicitud al fiscal general de Colombia, Francisco Barbosa, amparada en el Acuerdo de Cooperaci\u00f3n Internacional entre Ministerios P\u00fablicos y Fiscal\u00edas Generales miembros de la Aiamp. En el pedido incluye que se faciliten los archivos que fueron encontrados por las autoridades de ese pa\u00eds en los computadores de Andr\u00e9s Vanegas, alias Uriel, comandante del ELN abatido por fuerzas de seguridad colombianas a finales del 2020. Ante el pedido de informaci\u00f3n, el expresidente Rafael Correa en una entrevista dada a Caracol Radio de Colombia dijo que todo es \u201cparte de un show\u201d para \u201ctratar de da\u00f1ar la segunda vuelta\u201d electoral en Ecuador. \u201cEs hasta gracioso, por un lado se nos dice que hemos robado $ 70.000 millones, dos presupuestos del Estado, y por otro lado la guerrilla nos tiene que dar $ 80.000\u201d, se\u00f1al\u00f3 Correa. La Revista Semana inform\u00f3 que en la Fiscal\u00eda de Colombia ya se habr\u00eda ordenado que se compile la informaci\u00f3n para ser entregada a Ecuador. (I) https:\/\/www.eluniverso.com\/noticias\/politica\/tribunal-contencioso-desecha-denuncia-de-campana-contra-andres-arauz-fiscalia-pide-informacion-a-colombia-sobre-supuestos-aportes-del-eln-nota\/<\/p>\n","protected":false},"author":1,"featured_media":257967,"comment_status":"closed","ping_status":"closed","sticky":false,"template":"","format":"standard","meta":[],"categories":[40,24],"tags":[],"_links":{"self":[{"href":"https:\/\/www.ecuadortimes.net\/es\/wp-json\/wp\/v2\/posts\/257966"}],"collection":[{"href":"https:\/\/www.ecuadortimes.net\/es\/wp-json\/wp\/v2\/posts"}],"about":[{"href":"https:\/\/www.ecuadortimes.net\/es\/wp-json\/wp\/v2\/types\/post"}],"author":[{"embeddable":true,"href":"https:\/\/www.ecuadortimes.net\/es\/wp-json\/wp\/v2\/users\/1"}],"replies":[{"embeddable":true,"href":"https:\/\/www.ecuadortimes.net\/es\/wp-json\/wp\/v2\/comments?post=257966"}],"version-history":[{"count":1,"href":"https:\/\/www.ecuadortimes.net\/es\/wp-json\/wp\/v2\/posts\/257966\/revisions"}],"predecessor-version":[{"id":257968,"href":"https:\/\/www.ecuadortimes.net\/es\/wp-json\/wp\/v2\/posts\/257966\/revisions\/257968"}],"wp:featuredmedia":[{"embeddable":true,"href":"https:\/\/www.ecuadortimes.net\/es\/wp-json\/wp\/v2\/media\/257967"}],"wp:attachment":[{"href":"https:\/\/www.ecuadortimes.net\/es\/wp-json\/wp\/v2\/media?parent=257966"}],"wp:term":[{"taxonomy":"category","embeddable":true,"href":"https:\/\/www.ecuadortimes.net\/es\/wp-json\/wp\/v2\/categories?post=257966"},{"taxonomy":"post_tag","embeddable":true,"href":"https:\/\/www.ecuadortimes.net\/es\/wp-json\/wp\/v2\/tags?post=257966"}],"curies":[{"name":"wp","href":"https:\/\/api.w.org\/{rel}","templated":true}]}}