{"id":257969,"date":"2021-02-17T18:59:28","date_gmt":"2021-02-17T18:59:28","guid":{"rendered":"https:\/\/www.ecuadortimes.net\/es\/?p=257969"},"modified":"2021-02-17T18:59:28","modified_gmt":"2021-02-17T18:59:28","slug":"daniel-noboa-hijo-de-alvaro-noboa-quedo-asambleista-por-santa-elena","status":"publish","type":"post","link":"https:\/\/www.ecuadortimes.net\/es\/daniel-noboa-hijo-de-alvaro-noboa-quedo-asambleista-por-santa-elena\/","title":{"rendered":"Daniel Noboa, hijo de \u00c1lvaro Noboa qued\u00f3 Asamble\u00edsta por Santa Elena"},"content":{"rendered":"<div>Daniel Noboa, de 33 a\u00f1os, gan\u00f3 una curul en la Asamblea Nacional por la provincia de Santa Elena, donde se asent\u00f3 hace algunos a\u00f1os por negocios, en representaci\u00f3n de Ecuatoriano Unido.<\/div>\n<div><\/div>\n<div>\n<div id=\"attachment_257970\" style=\"width: 730px\" class=\"wp-caption alignnone\"><img aria-describedby=\"caption-attachment-257970\" loading=\"lazy\" class=\"size-full wp-image-257970\" src=\"https:\/\/www.ecuadortimes.net\/es\/wp-content\/uploads\/2021\/02\/ecuador-times-ecuador-news_daniel_noboa_azin_asamblyman_santa_elena.jpg\" alt=\"\" width=\"720\" height=\"533\" srcset=\"https:\/\/www.ecuadortimes.net\/es\/wp-content\/uploads\/2021\/02\/ecuador-times-ecuador-news_daniel_noboa_azin_asamblyman_santa_elena.jpg 720w, https:\/\/www.ecuadortimes.net\/es\/wp-content\/uploads\/2021\/02\/ecuador-times-ecuador-news_daniel_noboa_azin_asamblyman_santa_elena-75x55.jpg 75w\" sizes=\"(max-width: 720px) 100vw, 720px\" \/><p id=\"caption-attachment-257970\" class=\"wp-caption-text\">Daniel Noboa, hijo de \u00c1lvaro Noboa qued\u00f3 Asamble\u00edsta por Santa Elena<\/p><\/div>\n<\/div>\n<div><\/div>\n<div><\/div>\n<div>Estudi\u00f3 Administraci\u00f3n de Empresas en la Universidad de Nueva York (2010) e hizo su maestr\u00eda en la misma \u00e1rea en la de Northwestern (2019); y el a\u00f1o pasado termin\u00f3 otra en Administraci\u00f3n P\u00fablica por la de Harvard. \u201cMe he preparado para esto\u201d, dice. Cuenta que su madre, Anabella Az\u00edn Arce, lo acompa\u00f1\u00f3 a hacer campa\u00f1a en Santa Elena. Su propuesta \u201cbandera\u201d es una reforma a la Ley de Pesca, principalmente en lo que se refiere a la seguridad de los pescadores.<\/div>\n<div><\/div>\n<div>\n<p>Noboa Az\u00edn y sus hermanos crecieron entre campa\u00f1as electorales. Su padre corri\u00f3 por la Presidencia por primera vez en 1998, cuando \u00e9l ten\u00eda apenas 9 a\u00f1os. Y volvi\u00f3 a hacerlo en el 2002, en el 2006, en el 2009 y en el 2013, sin resultar electo. En el 2006 y en el 2009, su madre\u00a0<b>Anabella Az\u00edn Arce<\/b>\u00a0se sum\u00f3 a la papeleta como aspirante vicepresidencial.<\/p>\n<p>Los chicos participaban en esas jornadas proselitistas a la par de sus estudios y su trabajo en las empresas familiares. Noboa Az\u00edn cuenta que desde entonces tuvo inter\u00e9s \u201cno en hacer pol\u00edtica, sino en servir a la gente, eso fue lo que aprend\u00ed en casa\u201d.<\/p>\n<\/div>\n<div>\n<p>El joven llega al Parlamento catorce a\u00f1os despu\u00e9s de que su madre fuera elegida como diputada de Guayas por el extinto Partido Renovador Institucional Acci\u00f3n Nacional (Prian). En esos comicios ella fue la m\u00e1s votada, incluso por encima del exmandatario socialcristiano Le\u00f3n Febres-Cordero.<\/p>\n<\/div>\n","protected":false},"excerpt":{"rendered":"<p>Daniel Noboa, de 33 a\u00f1os, gan\u00f3 una curul en la Asamblea Nacional por la provincia de Santa Elena, donde se asent\u00f3 hace algunos a\u00f1os por negocios, en representaci\u00f3n de Ecuatoriano Unido. Estudi\u00f3 Administraci\u00f3n de Empresas en la Universidad de Nueva York (2010) e hizo su maestr\u00eda en la misma \u00e1rea en la de Northwestern (2019); y el a\u00f1o pasado termin\u00f3 otra en Administraci\u00f3n P\u00fablica por la de Harvard. \u201cMe he preparado para esto\u201d, dice. Cuenta que su madre, Anabella Az\u00edn Arce, lo acompa\u00f1\u00f3 a hacer campa\u00f1a en Santa Elena. Su propuesta \u201cbandera\u201d es una reforma a la Ley de Pesca, principalmente en lo que se refiere a la seguridad de los pescadores. Noboa Az\u00edn y sus hermanos crecieron entre campa\u00f1as electorales. Su padre corri\u00f3 por la Presidencia por primera vez en 1998, cuando \u00e9l ten\u00eda apenas 9 a\u00f1os. Y volvi\u00f3 a hacerlo en el 2002, en el 2006, en el 2009 y en el 2013, sin resultar electo. En el 2006 y en el 2009, su madre\u00a0Anabella Az\u00edn Arce\u00a0se sum\u00f3 a la papeleta como aspirante vicepresidencial. Los chicos participaban en esas jornadas proselitistas a la par de sus estudios y su trabajo en las empresas familiares. Noboa Az\u00edn cuenta que desde entonces tuvo inter\u00e9s \u201cno en hacer pol\u00edtica, sino en servir a la gente, eso fue lo que aprend\u00ed en casa\u201d. El joven llega al Parlamento catorce a\u00f1os despu\u00e9s de que su madre fuera elegida como diputada de Guayas por el extinto Partido Renovador Institucional Acci\u00f3n Nacional (Prian). En esos comicios ella fue la m\u00e1s votada, incluso por encima del exmandatario socialcristiano Le\u00f3n Febres-Cordero.<\/p>\n","protected":false},"author":1,"featured_media":257970,"comment_status":"closed","ping_status":"closed","sticky":false,"template":"","format":"standard","meta":[],"categories":[40,23],"tags":[],"_links":{"self":[{"href":"https:\/\/www.ecuadortimes.net\/es\/wp-json\/wp\/v2\/posts\/257969"}],"collection":[{"href":"https:\/\/www.ecuadortimes.net\/es\/wp-json\/wp\/v2\/posts"}],"about":[{"href":"https:\/\/www.ecuadortimes.net\/es\/wp-json\/wp\/v2\/types\/post"}],"author":[{"embeddable":true,"href":"https:\/\/www.ecuadortimes.net\/es\/wp-json\/wp\/v2\/users\/1"}],"replies":[{"embeddable":true,"href":"https:\/\/www.ecuadortimes.net\/es\/wp-json\/wp\/v2\/comments?post=257969"}],"version-history":[{"count":1,"href":"https:\/\/www.ecuadortimes.net\/es\/wp-json\/wp\/v2\/posts\/257969\/revisions"}],"predecessor-version":[{"id":257971,"href":"https:\/\/www.ecuadortimes.net\/es\/wp-json\/wp\/v2\/posts\/257969\/revisions\/257971"}],"wp:featuredmedia":[{"embeddable":true,"href":"https:\/\/www.ecuadortimes.net\/es\/wp-json\/wp\/v2\/media\/257970"}],"wp:attachment":[{"href":"https:\/\/www.ecuadortimes.net\/es\/wp-json\/wp\/v2\/media?parent=257969"}],"wp:term":[{"taxonomy":"category","embeddable":true,"href":"https:\/\/www.ecuadortimes.net\/es\/wp-json\/wp\/v2\/categories?post=257969"},{"taxonomy":"post_tag","embeddable":true,"href":"https:\/\/www.ecuadortimes.net\/es\/wp-json\/wp\/v2\/tags?post=257969"}],"curies":[{"name":"wp","href":"https:\/\/api.w.org\/{rel}","templated":true}]}}