{"id":257983,"date":"2021-02-22T21:24:47","date_gmt":"2021-02-22T21:24:47","guid":{"rendered":"https:\/\/www.ecuadortimes.net\/es\/?p=257983"},"modified":"2021-02-22T21:24:47","modified_gmt":"2021-02-22T21:24:47","slug":"arauz-y-lasso-pasan-a-la-segunda-vuelta-segun-resultados-oficiales-publicados-la-madrugada-de-este-21-de-febrero","status":"publish","type":"post","link":"https:\/\/www.ecuadortimes.net\/es\/arauz-y-lasso-pasan-a-la-segunda-vuelta-segun-resultados-oficiales-publicados-la-madrugada-de-este-21-de-febrero\/","title":{"rendered":"Arauz y Lasso pasan a la segunda vuelta, seg\u00fan resultados oficiales publicados la madrugada de este 21 de febrero"},"content":{"rendered":"<p>El CNE oficializ\u00f3 los resultados a las 02:45 de este domingo, luego de suspender la sesi\u00f3n del s\u00e1bado.<\/p>\n<div id=\"attachment_257984\" style=\"width: 1210px\" class=\"wp-caption alignnone\"><img aria-describedby=\"caption-attachment-257984\" loading=\"lazy\" class=\"size-full wp-image-257984\" src=\"https:\/\/www.ecuadortimes.net\/es\/wp-content\/uploads\/2021\/02\/ecuador-times-ecuador-news-arauz-lasso-pasan-secon-round-elections-2021.jpg\" alt=\"\" width=\"1200\" height=\"809\" srcset=\"https:\/\/www.ecuadortimes.net\/es\/wp-content\/uploads\/2021\/02\/ecuador-times-ecuador-news-arauz-lasso-pasan-secon-round-elections-2021.jpg 1200w, https:\/\/www.ecuadortimes.net\/es\/wp-content\/uploads\/2021\/02\/ecuador-times-ecuador-news-arauz-lasso-pasan-secon-round-elections-2021-75x52.jpg 75w\" sizes=\"(max-width: 1200px) 100vw, 1200px\" \/><p id=\"caption-attachment-257984\" class=\"wp-caption-text\">Arauz y Lasso pasan a la segunda vuelta, seg\u00fan resultados oficiales publicados la madrugada de este 21 de febrero<\/p><\/div>\n<p>En su cuenta oficial de Twitter, el Consejo Nacional Electoral (CNE), la madrugada de este domingo 21 de febrero, oficializ\u00f3 los resultados de las elecciones generales del 7 de febrero de de 2021.<\/p>\n<p>Es as\u00ed que: Andr\u00e9s Arauz de la alianza Uni\u00f3n por la Esperanza (UNES) pasa a la segunda vuelta con Guillermo Lasso (CREO-PSC).<\/p>\n<p>\u201cLos binomios presidenciales que pasan a la segunda vuelta del pr\u00f3ximo 11 de abril conforme lo establecido en el art\u00edculo 89 del C\u00f3digo de la Democracia son el de la alianza Uni\u00f3n por la Esperanza UNES (listas 1-5) que obtuvo 3\u2019033.753 y de la alianza entre el movimiento Creando Oportunidades (CREO) y el Partido Social Cristiano (PSC) (listas 21-6) que alcanz\u00f3 1\u2019830045 votos\u201d, dice el comunicado oficial del CNE, publicado cerca de las 03:00 de este domingo 21 de febrero.<\/p>\n<p>Lea tambi\u00e9n: La contralor\u00eda solicit\u00f3 una auditor\u00eda al sistema inform\u00e1tico del CNE<\/p>\n<p>Asimismo, y a trav\u00e9s de la misma cuenta de Twitter, la presidenta del CNE, Diana Atamaint, indic\u00f3 que \u201ccomo CNE hemos garantizado el respeto a cada voto expresado por los ecuatorianos el 7 de febrero\u201d.<\/p>\n<p>Seg\u00fan los resultados oficiales, el candidato de Pachakutik, Yaku P\u00e9rez, alcanz\u00f3 1\u2019797.445 votos.<\/p>\n<p>Una vez conocidos los resultados, Guillermo Lasso se pronunci\u00f3: \u201cHoy, 21 de febrero a las 02:45, el Consejo Nacional Electoral ha proclamado los resultados oficiales. Agradecemos a todos quienes con optimismo nos confiaron su voto. Seguir\u00e9 represent\u00e1ndolos en esta segunda vuelta electoral\u201d.<\/p>\n<p>Lasso tambi\u00e9n expres\u00f3 que \u201ctambi\u00e9n me dirijo a todos los ecuatorianos que votaron, tengan la plena seguridad de que a trav\u00e9s de su voto los he escuchado y entiendo que es necesario acoger propuestas e ideas distintas a las m\u00edas, a veces coincidiremos, a veces no, pero conmigo siempre habr\u00e1 el espacio para tener un dialogo frontal y sincero que sume al objetivo de conseguir el #EcuadorDelEncuentro. Hoy la democracia ha triunfado, vamos con \u00e1nimo y optimismo a esta segunda vuelta\u201d.<\/p>\n<p>El s\u00e1bado 20 de febrero, d\u00eda en que se proclamar\u00edan los resultados oficiales y que luego la sesi\u00f3n fue suspendida, el contralor general del Estado, Pablo Celi, solicit\u00f3 al Consejo Nacional Electoral adoptar una resoluci\u00f3n para iniciar una auditor\u00eda al sistema inform\u00e1tico electoral de estas elecciones antes de la segunda vuelta electoral. (I)<\/p>\n<p><a href=\"https:\/\/www.eltelegrafo.com.ec\/noticias\/actualidad\/44\/arauz-lasso-pasan-segunda-vuelta-resultados-oficiales-madrugada-21-febrero\">https:\/\/www.eltelegrafo.com.ec\/noticias\/actualidad\/44\/arauz-lasso-pasan-segunda-vuelta-resultados-oficiales-madrugada-21-febrero<\/a><\/p>\n","protected":false},"excerpt":{"rendered":"<p>El CNE oficializ\u00f3 los resultados a las 02:45 de este domingo, luego de suspender la sesi\u00f3n del s\u00e1bado. En su cuenta oficial de Twitter, el Consejo Nacional Electoral (CNE), la madrugada de este domingo 21 de febrero, oficializ\u00f3 los resultados de las elecciones generales del 7 de febrero de de 2021. Es as\u00ed que: Andr\u00e9s Arauz de la alianza Uni\u00f3n por la Esperanza (UNES) pasa a la segunda vuelta con Guillermo Lasso (CREO-PSC). \u201cLos binomios presidenciales que pasan a la segunda vuelta del pr\u00f3ximo 11 de abril conforme lo establecido en el art\u00edculo 89 del C\u00f3digo de la Democracia son el de la alianza Uni\u00f3n por la Esperanza UNES (listas 1-5) que obtuvo 3\u2019033.753 y de la alianza entre el movimiento Creando Oportunidades (CREO) y el Partido Social Cristiano (PSC) (listas 21-6) que alcanz\u00f3 1\u2019830045 votos\u201d, dice el comunicado oficial del CNE, publicado cerca de las 03:00 de este domingo 21 de febrero. Lea tambi\u00e9n: La contralor\u00eda solicit\u00f3 una auditor\u00eda al sistema inform\u00e1tico del CNE Asimismo, y a trav\u00e9s de la misma cuenta de Twitter, la presidenta del CNE, Diana Atamaint, indic\u00f3 que \u201ccomo CNE hemos garantizado el respeto a cada voto expresado por los ecuatorianos el 7 de febrero\u201d. Seg\u00fan los resultados oficiales, el candidato de Pachakutik, Yaku P\u00e9rez, alcanz\u00f3 1\u2019797.445 votos. Una vez conocidos los resultados, Guillermo Lasso se pronunci\u00f3: \u201cHoy, 21 de febrero a las 02:45, el Consejo Nacional Electoral ha proclamado los resultados oficiales. Agradecemos a todos quienes con optimismo nos confiaron su voto. Seguir\u00e9 represent\u00e1ndolos en esta segunda vuelta electoral\u201d. Lasso tambi\u00e9n expres\u00f3 que \u201ctambi\u00e9n me dirijo a todos los ecuatorianos que votaron, tengan la plena seguridad de que a trav\u00e9s de su voto los he escuchado y entiendo que es necesario acoger propuestas e ideas distintas a las m\u00edas, a veces coincidiremos, a veces no, pero conmigo siempre habr\u00e1 el espacio para tener un dialogo frontal y sincero que sume al objetivo de conseguir el #EcuadorDelEncuentro. Hoy la democracia ha triunfado, vamos con \u00e1nimo y optimismo a esta segunda vuelta\u201d. El s\u00e1bado 20 de febrero, d\u00eda en que se proclamar\u00edan los resultados oficiales y que luego la sesi\u00f3n fue suspendida, el contralor general del Estado, Pablo Celi, solicit\u00f3 al Consejo Nacional Electoral adoptar una resoluci\u00f3n para iniciar una auditor\u00eda al sistema inform\u00e1tico electoral de estas elecciones antes de la segunda vuelta electoral. (I) https:\/\/www.eltelegrafo.com.ec\/noticias\/actualidad\/44\/arauz-lasso-pasan-segunda-vuelta-resultados-oficiales-madrugada-21-febrero<\/p>\n","protected":false},"author":1,"featured_media":257984,"comment_status":"closed","ping_status":"closed","sticky":false,"template":"","format":"standard","meta":[],"categories":[40,23],"tags":[],"_links":{"self":[{"href":"https:\/\/www.ecuadortimes.net\/es\/wp-json\/wp\/v2\/posts\/257983"}],"collection":[{"href":"https:\/\/www.ecuadortimes.net\/es\/wp-json\/wp\/v2\/posts"}],"about":[{"href":"https:\/\/www.ecuadortimes.net\/es\/wp-json\/wp\/v2\/types\/post"}],"author":[{"embeddable":true,"href":"https:\/\/www.ecuadortimes.net\/es\/wp-json\/wp\/v2\/users\/1"}],"replies":[{"embeddable":true,"href":"https:\/\/www.ecuadortimes.net\/es\/wp-json\/wp\/v2\/comments?post=257983"}],"version-history":[{"count":2,"href":"https:\/\/www.ecuadortimes.net\/es\/wp-json\/wp\/v2\/posts\/257983\/revisions"}],"predecessor-version":[{"id":257986,"href":"https:\/\/www.ecuadortimes.net\/es\/wp-json\/wp\/v2\/posts\/257983\/revisions\/257986"}],"wp:featuredmedia":[{"embeddable":true,"href":"https:\/\/www.ecuadortimes.net\/es\/wp-json\/wp\/v2\/media\/257984"}],"wp:attachment":[{"href":"https:\/\/www.ecuadortimes.net\/es\/wp-json\/wp\/v2\/media?parent=257983"}],"wp:term":[{"taxonomy":"category","embeddable":true,"href":"https:\/\/www.ecuadortimes.net\/es\/wp-json\/wp\/v2\/categories?post=257983"},{"taxonomy":"post_tag","embeddable":true,"href":"https:\/\/www.ecuadortimes.net\/es\/wp-json\/wp\/v2\/tags?post=257983"}],"curies":[{"name":"wp","href":"https:\/\/api.w.org\/{rel}","templated":true}]}}