{"id":257996,"date":"2021-02-23T23:50:25","date_gmt":"2021-02-23T23:50:25","guid":{"rendered":"https:\/\/www.ecuadortimes.net\/es\/?p=257996"},"modified":"2021-02-23T23:50:25","modified_gmt":"2021-02-23T23:50:25","slug":"62-muertos-tras-enfrentamientos-en-carceles-de-guayaquil-cuenca-y-latacunga","status":"publish","type":"post","link":"https:\/\/www.ecuadortimes.net\/es\/62-muertos-tras-enfrentamientos-en-carceles-de-guayaquil-cuenca-y-latacunga\/","title":{"rendered":"62 muertos tras enfrentamientos en c\u00e1rceles de Guayaquil, Cuenca y Latacunga"},"content":{"rendered":"<section class=\"prose prose-sm sm:prose max-w-none space-y-3 font-primary\">\n<p class=\"prose-text\">Un total de 62 muertos y al menos una veintena de heridos es la cifra aproximada que se condensa, entre datos oficiales y versiones de fuentes internas, a consecuencia de sangrientos enfrentamientos que se dan desde la ma\u00f1ana de este martes, 23 de febrero, en c\u00e1rceles del Ecuador, lo que las autoridades policiales han considerado una \u201cacci\u00f3n concertada\u201d de bandas criminales.<\/p>\n<div id=\"attachment_257997\" style=\"width: 965px\" class=\"wp-caption alignnone\"><img aria-describedby=\"caption-attachment-257997\" loading=\"lazy\" class=\"size-full wp-image-257997\" src=\"https:\/\/www.ecuadortimes.net\/es\/wp-content\/uploads\/2021\/02\/ecuador-times-ecuador-news-62-dead-jail-riots-guayaquil-cuenca-latacunga.jpeg\" alt=\"\" width=\"955\" height=\"670\" srcset=\"https:\/\/www.ecuadortimes.net\/es\/wp-content\/uploads\/2021\/02\/ecuador-times-ecuador-news-62-dead-jail-riots-guayaquil-cuenca-latacunga.jpeg 955w, https:\/\/www.ecuadortimes.net\/es\/wp-content\/uploads\/2021\/02\/ecuador-times-ecuador-news-62-dead-jail-riots-guayaquil-cuenca-latacunga-75x52.jpeg 75w\" sizes=\"(max-width: 955px) 100vw, 955px\" \/><p id=\"caption-attachment-257997\" class=\"wp-caption-text\">62 muertos tras enfrentamientos en c\u00e1rceles de Guayaquil, Cuenca y Latacunga<\/p><\/div>\n<p class=\"prose-text\">El primer mot\u00edn en conocerse fue el de Guayaquil. Un parte policial al que tuvo acceso este medio dio <b>cuenta de ocho muertos y seis heridos.<\/b><\/p>\n<div class=\"related | col-span-12 bg-silver-50 px-4 py-2\">\n<div class=\"slick-slider related-slider slick-initialized\" dir=\"ltr\">\n<div class=\"slick-list\">\n<div class=\"slick-track\">\n<div class=\"slick-slide slick-active slick-current\" tabindex=\"-1\" data-index=\"0\" aria-hidden=\"false\">\n<div>\n<div class=\"card | card-xs story flex flex-row space-x-2 items-center py-2 w-full mr-2 px-2 \">\n<div class=\"card-image | flex-shrink-0 relative type-fixed size-xs \">\n<figure>\n<div class=\"sc-ursye9 eHzxyD\"><picture><source srcset=\"https:\/\/eluniverso-el-universo-prod.cdn.arcpublishing.com\/resizer\/as62gCYkWVrRfvVJKLM1KgAMJ1E=\/80x80\/smart\/filters:quality(70)\/cloudfront-us-east-1.images.arcpublishing.com\/eluniverso\/NHYPJ5SGJRDWVDPWH6UXBJP3QY.jpeg 1x, https:\/\/eluniverso-el-universo-prod.cdn.arcpublishing.com\/resizer\/w8Gu37XkR016Qc6RQNA5tBZGIeI=\/120x120\/smart\/filters:quality(70)\/cloudfront-us-east-1.images.arcpublishing.com\/eluniverso\/NHYPJ5SGJRDWVDPWH6UXBJP3QY.jpeg 1.5x, https:\/\/eluniverso-el-universo-prod.cdn.arcpublishing.com\/resizer\/_q9LzDwW8LyqKb-NSDU5KmeLMg0=\/160x160\/smart\/filters:quality(70)\/cloudfront-us-east-1.images.arcpublishing.com\/eluniverso\/NHYPJ5SGJRDWVDPWH6UXBJP3QY.jpeg 2x\" \/><\/picture><\/div>\n<\/figure>\n<\/div>\n<\/div>\n<\/div>\n<\/div>\n<\/div>\n<\/div>\n<\/div>\n<\/div>\n<p class=\"prose-text\">\u201cEn el Centro de Privaci\u00f3n de Libertad Masculino Guayas n.\u00ba 4, etapa mediana seguridad, varias PPL (personas privadas de libertad) de las alas 7 y 8 lideradas por alias <i>Cena <\/i>y <i>Nike<\/i> y las alas 9 y 10 lideradas, por alias<i> Care Papa<\/i> y <i>Tomy<\/i>, pertenecientes a la organizaci\u00f3n delictiva Los Choneros, pretender\u00edan intentar contra la integridad de la PPL alias <i>Cuyuyui<\/i>, perteneciente a la organizaci\u00f3n delictiva los Choneros. Hecho que se originar\u00eda debido a la pugna de poder por asumir el control de las actividades\u201d, cita ese documento.<\/p>\n<p class=\"prose-text\">Entre los heridos constar\u00edan al menos dos polic\u00edas.<\/p>\n<p class=\"prose-text\">Mientras, en Cuenca, los internos de la c\u00e1rcel de Turi tambi\u00e9n protagonizaron actos sangrientos. Familiares indicaron que conocieron que los internos de varios pabellones habr\u00edan atacado a un pabell\u00f3n donde al menos estaban 50 presos. La Gobernaci\u00f3n del Azuay confirm\u00f3 inicialmente dos muertos, pero en la esta tarde se inform\u00f3 sobre al menos <b>diez v\u00edctimas mortales<\/b> y cinco heridos.<\/p>\n<p class=\"prose-text\">Aquella cifra aument\u00f3 a 38 muertos en Turi, seg\u00fan datos proporcionados por la Fiscal\u00eda, pasada las 15:00 de este martes.<\/p>\n<p class=\"prose-text\">En Latacunga hubo un amotinamiento tambi\u00e9n. Informes de la Fiscal\u00eda se\u00f1alan que son ocho<b> los muertos<\/b> en ese centro regional, donde cumplen prisi\u00f3n algunos personajes involucrados en casos de corrupci\u00f3n.<\/p>\n<p class=\"prose-text\"><b>En las primeras horas de esta tarde, personal de Criminal\u00edstica report\u00f3 el fallecimiento de m\u00e1s 50 personas privadas de libertad (PPL) en las tres localidades<\/b>, de acuerdo a un reporte de la Polic\u00eda Nacional. En redes sociales esta tarde empezaron a circular videos de varias de las v\u00edctimas decapitadas.<\/p>\n<p class=\"prose-text\">Seg\u00fan el ministro de Gobierno, Patricio Pazmi\u00f1o, estos enfrentamientos se registran por una \u201cacci\u00f3n concertada\u201d entre bandas criminales. En redes sociales, el presidente Len\u00edn Moreno refiri\u00f3 que se coordinan acciones para retomar el control en los centros carcelarios de Latacunga, Cuenca y Guayaquil.<\/p>\n<p class=\"prose-text\">En rueda de prensa, Edmundo Moncayo, principal del SNAI, confirm\u00f3 que se contabilizan 67 muertos en las c\u00e1rceles y agreg\u00f3 que hay polic\u00edas heridos. Minutos despu\u00e9s, el mismo funcionario rectific\u00f3 que la cifra de muertos es de 62. Las v\u00edctimas se distribuyen entre el Centro Regional de Guayaquil (21), Turi (33) y Sierra Norte Cotopaxi (8).<\/p>\n<p><a href=\"https:\/\/www.eluniverso.com\/noticias\/seguridad\/al-menos-25-muertos-tras-enfrentamientos-en-carceles-de-guayaquil-cuenca-y-latacunga-nota\/\">https:\/\/www.eluniverso.com\/noticias\/seguridad\/al-menos-25-muertos-tras-enfrentamientos-en-carceles-de-guayaquil-cuenca-y-latacunga-nota\/<\/a><\/p>\n<div class=\"flex justify-center\" data-oembed-type=\"facebook-video\">\n<div id=\"fb-root\" class=\" fb_reset\">\n<div>\n<div><\/div>\n<\/div>\n<\/div>\n<div class=\"fb-video fb_iframe_widget fb_iframe_widget_fluid_desktop\" data-href=\"https:\/\/www.facebook.com\/ComunicacionEcuador\/videos\/779537395996539\"><\/div>\n<\/div>\n<p class=\"prose-text\">\n<\/section>\n","protected":false},"excerpt":{"rendered":"<p>Un total de 62 muertos y al menos una veintena de heridos es la cifra aproximada que se condensa, entre datos oficiales y versiones de fuentes internas, a consecuencia de sangrientos enfrentamientos que se dan desde la ma\u00f1ana de este martes, 23 de febrero, en c\u00e1rceles del Ecuador, lo que las autoridades policiales han considerado una \u201cacci\u00f3n concertada\u201d de bandas criminales. El primer mot\u00edn en conocerse fue el de Guayaquil. Un parte policial al que tuvo acceso este medio dio cuenta de ocho muertos y seis heridos. \u201cEn el Centro de Privaci\u00f3n de Libertad Masculino Guayas n.\u00ba 4, etapa mediana seguridad, varias PPL (personas privadas de libertad) de las alas 7 y 8 lideradas por alias Cena y Nike y las alas 9 y 10 lideradas, por alias Care Papa y Tomy, pertenecientes a la organizaci\u00f3n delictiva Los Choneros, pretender\u00edan intentar contra la integridad de la PPL alias Cuyuyui, perteneciente a la organizaci\u00f3n delictiva los Choneros. Hecho que se originar\u00eda debido a la pugna de poder por asumir el control de las actividades\u201d, cita ese documento. Entre los heridos constar\u00edan al menos dos polic\u00edas. Mientras, en Cuenca, los internos de la c\u00e1rcel de Turi tambi\u00e9n protagonizaron actos sangrientos. Familiares indicaron que conocieron que los internos de varios pabellones habr\u00edan atacado a un pabell\u00f3n donde al menos estaban 50 presos. La Gobernaci\u00f3n del Azuay confirm\u00f3 inicialmente dos muertos, pero en la esta tarde se inform\u00f3 sobre al menos diez v\u00edctimas mortales y cinco heridos. Aquella cifra aument\u00f3 a 38 muertos en Turi, seg\u00fan datos proporcionados por la Fiscal\u00eda, pasada las 15:00 de este martes. En Latacunga hubo un amotinamiento tambi\u00e9n. Informes de la Fiscal\u00eda se\u00f1alan que son ocho los muertos en ese centro regional, donde cumplen prisi\u00f3n algunos personajes involucrados en casos de corrupci\u00f3n. En las primeras horas de esta tarde, personal de Criminal\u00edstica report\u00f3 el fallecimiento de m\u00e1s 50 personas privadas de libertad (PPL) en las tres localidades, de acuerdo a un reporte de la Polic\u00eda Nacional. En redes sociales esta tarde empezaron a circular videos de varias de las v\u00edctimas decapitadas. Seg\u00fan el ministro de Gobierno, Patricio Pazmi\u00f1o, estos enfrentamientos se registran por una \u201cacci\u00f3n concertada\u201d entre bandas criminales. En redes sociales, el presidente Len\u00edn Moreno refiri\u00f3 que se coordinan acciones para retomar el control en los centros carcelarios de Latacunga, Cuenca y Guayaquil. En rueda de prensa, Edmundo Moncayo, principal del SNAI, confirm\u00f3 que se contabilizan 67 muertos en las c\u00e1rceles y agreg\u00f3 que hay polic\u00edas heridos. Minutos despu\u00e9s, el mismo funcionario rectific\u00f3 que la cifra de muertos es de 62. Las v\u00edctimas se distribuyen entre el Centro Regional de Guayaquil (21), Turi (33) y Sierra Norte Cotopaxi (8). https:\/\/www.eluniverso.com\/noticias\/seguridad\/al-menos-25-muertos-tras-enfrentamientos-en-carceles-de-guayaquil-cuenca-y-latacunga-nota\/<\/p>\n","protected":false},"author":1,"featured_media":257997,"comment_status":"closed","ping_status":"closed","sticky":false,"template":"","format":"standard","meta":[],"categories":[35,23],"tags":[],"_links":{"self":[{"href":"https:\/\/www.ecuadortimes.net\/es\/wp-json\/wp\/v2\/posts\/257996"}],"collection":[{"href":"https:\/\/www.ecuadortimes.net\/es\/wp-json\/wp\/v2\/posts"}],"about":[{"href":"https:\/\/www.ecuadortimes.net\/es\/wp-json\/wp\/v2\/types\/post"}],"author":[{"embeddable":true,"href":"https:\/\/www.ecuadortimes.net\/es\/wp-json\/wp\/v2\/users\/1"}],"replies":[{"embeddable":true,"href":"https:\/\/www.ecuadortimes.net\/es\/wp-json\/wp\/v2\/comments?post=257996"}],"version-history":[{"count":1,"href":"https:\/\/www.ecuadortimes.net\/es\/wp-json\/wp\/v2\/posts\/257996\/revisions"}],"predecessor-version":[{"id":257998,"href":"https:\/\/www.ecuadortimes.net\/es\/wp-json\/wp\/v2\/posts\/257996\/revisions\/257998"}],"wp:featuredmedia":[{"embeddable":true,"href":"https:\/\/www.ecuadortimes.net\/es\/wp-json\/wp\/v2\/media\/257997"}],"wp:attachment":[{"href":"https:\/\/www.ecuadortimes.net\/es\/wp-json\/wp\/v2\/media?parent=257996"}],"wp:term":[{"taxonomy":"category","embeddable":true,"href":"https:\/\/www.ecuadortimes.net\/es\/wp-json\/wp\/v2\/categories?post=257996"},{"taxonomy":"post_tag","embeddable":true,"href":"https:\/\/www.ecuadortimes.net\/es\/wp-json\/wp\/v2\/tags?post=257996"}],"curies":[{"name":"wp","href":"https:\/\/api.w.org\/{rel}","templated":true}]}}